{"id":41084,"date":"2026-09-03T09:05:27","date_gmt":"2026-09-03T07:05:27","guid":{"rendered":"https:\/\/fuster-associates.com\/?p=41084"},"modified":"2026-09-03T09:05:27","modified_gmt":"2026-09-03T07:05:27","slug":"powrot-zagranicznych-nabywcow-co-naprawde-pokazuja-dane-dotyczace-rynku-nieruchomosci-w-hiszpanii-za-ii-kwartal-2026-r","status":"publish","type":"post","link":"https:\/\/fuster-associates.com\/pl\/blog\/powrot-zagranicznych-nabywcow-co-naprawde-pokazuja-dane-dotyczace-rynku-nieruchomosci-w-hiszpanii-za-ii-kwartal-2026-r\/","title":{"rendered":"Powr\u00f3t zagranicznych nabywc\u00f3w: co naprawd\u0119 pokazuj\u0105 dane dotycz\u0105ce rynku nieruchomo\u015bci w Hiszpanii za II kwarta\u0142 2026 r."},"content":{"rendered":"<p>W drugim kwartale 2026 roku na hiszpa\u0144skim rynku nieruchomo\u015bci mieszkaniowych nast\u0105pi\u0142a interesuj\u0105ca zmiana.<\/p>\n<p>Chocia\u017c og\u00f3lna liczba transakcji na rynku nieruchomo\u015bci spad\u0142a, popyt zagraniczny wykaza\u0142 tendencj\u0119 odwrotn\u0105. Mi\u0119dzynarodowi nabywcy zwi\u0119kszyli zar\u00f3wno sw\u00f3j udzia\u0142 w rynku, jak i bezwzgl\u0119dn\u0105 liczb\u0119 zakup\u00f3w, osi\u0105gaj\u0105c najwy\u017cszy poziom odnotowany w historii.<\/p>\n<p>Jednocze\u015bnie ceny nieruchomo\u015bci nadal ros\u0142y, a \u015brednia cena nieruchomo\u015bci mieszkaniowej osi\u0105gn\u0119\u0142a nowy historyczny rekord wynosz\u0105cy <strong>2 487 euro za metr kwadratowy<\/strong>.<\/p>\n<p>Najnowsze dane opublikowane przez <strong>Colegio de Registradores<\/strong> wskazuj\u0105 zatem na rynek, kt\u00f3ry staje si\u0119 coraz dro\u017cszy, bardziej selektywny i w coraz wi\u0119kszym stopniu podlegaj\u0105cy wp\u0142ywom popytu mi\u0119dzynarodowego.<\/p>\n<div style=\"height: 20px;\"><\/div>\n<h3><strong>Spowolnienie na rynku, ale rekordowe ceny nieruchomo\u015bci<\/strong><\/h3>\n<p>W Hiszpanii odnotowano <strong>167 934 transakcje dotycz\u0105ce nieruchomo\u015bci mieszkaniowych w II kwartale 2026 r.<\/strong>, co stanowi spadek o 5,7% w por\u00f3wnaniu z poprzednim kwarta\u0142em oraz spadek o 2,3% w por\u00f3wnaniu z II kwarta\u0142em 2025 r.<\/p>\n<p><strong>Jest to drugi z rz\u0119du spadek kwartalny i najni\u017csza liczba transakcji odnotowana w ci\u0105gu ostatnich siedmiu kwarta\u0142\u00f3w.<\/strong><\/p>\n<p><strong>Spadek by\u0142 bardziej wyra\u017any w przypadku nowych nieruchomo\u015bci, gdzie liczba transakcji spad\u0142a o 11,5%, w por\u00f3wnaniu ze spadkiem o 4% w segmencie nieruchomo\u015bci z rynku wt\u00f3rnego.<\/strong><\/p>\n<p>Jednak w d\u0142u\u017cszej perspektywie sytuacja pozostaje stosunkowo dobra. W ci\u0105gu ostatnich dwunastu miesi\u0119cy w Hiszpanii odnotowano <strong>698 684 transakcji dotycz\u0105cych nieruchomo\u015bci mieszkaniowych<\/strong>, co stanowi wzrost o 1% w por\u00f3wnaniu z poprzednim okresem dwunastu miesi\u0119cy.<\/p>\n<div style=\"height: 10px;\"><\/div>\n<h4><strong>Ceny nieruchomo\u015bci nadal rosn\u0105<\/strong><\/h4>\n<p>Pomimo spadku liczby transakcji ceny utrzyma\u0142y tendencj\u0119 wzrostow\u0105.<\/p>\n<p>\u015arednia cena nieruchomo\u015bci mieszkaniowych osi\u0105gn\u0119\u0142a <strong>2 487 EUR\/m\u00b2<\/strong>, co stanowi nowy rekord historyczny oraz <strong>wzrost o 2,4% w uj\u0119ciu kwartalnym<\/strong>. W uj\u0119ciu rocznym ceny wzros\u0142y o <strong>9,2%<\/strong>.<\/p>\n<p>Szczeg\u00f3lnie widoczna jest r\u00f3\u017cnica mi\u0119dzy poszczeg\u00f3lnymi rodzajami nieruchomo\u015bci:<\/p>\n<ul>\n<li><strong>Nieruchomo\u015bci z rynku wt\u00f3rnego:<\/strong> 2 448 euro\/m\u00b2, wzrost o 3,5% w uj\u0119ciu kwartalnym<\/li>\n<li><strong>Nowe nieruchomo\u015bci:<\/strong> 2 636 euro\/m\u00b2, spadek o 0,7% w uj\u0119ciu kwartalnym<\/li>\n<\/ul>\n<p>Po\u0142\u0105czenie ni\u017cszej liczby transakcji i utrzymuj\u0105cego si\u0119 wzrostu cen sugeruje, \u017ce rynek ulega spowolnieniu pod wzgl\u0119dem aktywno\u015bci, ale nie pod wzgl\u0119dem presji cenowej.<\/p>\n<p>&nbsp;<\/p>\n<div style=\"margin: 30px 0; font-family: \u00bbPlus Jakarta Sans\u00ab, \u00bbSegoe UI\u00ab, Arial, sans-serif;\">\n<div style=\"background: #1f4e79; color: #ffffff; padding: 18px 22px; border-radius: 10px 10px 0 0;\">\n<div style=\"font-size: 20px; font-weight: bold; line-height: 1.3;\">\u015arednia cena nieruchomo\u015bci mieszkaniowych w Hiszpanii \u2014 II kwarta\u0142 2026 r.<\/div>\n<div style=\"font-size: 13px; margin-top: 5px; opacity: 0.9;\">\u015arednia cena za metr kwadratowy w podziale na rodzaje nieruchomo\u015bci<\/div>\n<\/div>\n<div style=\"overflow-x: auto; border: 1px solid #d9e2ec; border-top: none; border-radius: 0 0 10px 10px;\">\n<table style=\"width: 100%; border-collapse: collapse; background: #ffffff; font-size: 15px;\">\n<thead>\n<tr style=\"background: #f2f6fa; color: #1f4e79;\">\n<th style=\"padding: 14px 18px; text-align: left; font-weight: bold; border-bottom: 1px solid #d9e2ec;\">Rodzaj nieruchomo\u015bci<\/th>\n<th style=\"padding: 14px 18px; text-align: center; font-weight: bold; border-bottom: 1px solid #d9e2ec;\">\u015arednia cena<\/th>\n<th style=\"padding: 14px 18px; text-align: center; font-weight: bold; border-bottom: 1px solid #d9e2ec;\">Kluczowe informacje<\/th>\n<\/tr>\n<\/thead>\n<tbody>\n<tr>\n<td style=\"padding: 16px 18px; border-bottom: 1px solid #e8edf2; font-weight: 600; color: #333333;\">\u015arednia nieruchomo\u015b\u0107 mieszkalna<\/td>\n<td style=\"padding: 16px 18px; text-align: center; border-bottom: 1px solid #e8edf2; font-size: 21px; font-weight: bold; color: #4f79a3;\">2 487 \u20ac\/m\u00b2<\/td>\n<td style=\"padding: 16px 18px; text-align: center; border-bottom: 1px solid #e8edf2; color: #666666;\">Nowy rekord historyczny<\/td>\n<\/tr>\n<tr>\n<td style=\"padding: 16px 18px; border-bottom: 1px solid #e8edf2; font-weight: 600; color: #333333;\">Nieruchomo\u015bci z rynku wt\u00f3rnego<\/td>\n<td style=\"padding: 16px 18px; text-align: center; border-bottom: 1px solid #e8edf2; font-size: 21px; font-weight: bold; color: #35658f;\">2 448 \u20ac\/m\u00b2<\/td>\n<td style=\"padding: 16px 18px; text-align: center; border-bottom: 1px solid #e8edf2; color: #666666;\">+3,5% kwartalnie<\/td>\n<\/tr>\n<tr style=\"background: #f4f8fc;\">\n<td style=\"padding: 18px; font-weight: bold; color: #1f4e79;\">Nowa nieruchomo\u015b\u0107<\/td>\n<td style=\"padding: 18px; text-align: center; font-size: 26px; font-weight: 800; color: #1f4e79;\">2 636 \u20ac\/m\u00b2<\/td>\n<td style=\"padding: 18px; text-align: center;\"><span style=\"display: inline-block; padding: 7px 12px; border-radius: 20px; background: #1f4e79; color: #ffffff; font-size: 12px; font-weight: bold;\">NAJWY\u017bSZA CENA<br \/>\n<\/span><\/td>\n<\/tr>\n<\/tbody>\n<\/table>\n<\/div>\n<div style=\"margin-top: 14px; padding: 14px 18px; background: #f7f9fb; border-left: 4px solid #2f5e94; color: #4a4a4a; font-size: 14px; line-height: 1.6;\"><strong style=\"color: #1f4e79;\">Najwa\u017cniejsze wnioski:<\/strong><br \/>\n\u015arednia cena nieruchomo\u015bci mieszkaniowych w Hiszpanii osi\u0105gn\u0119\u0142a w II kwartale 2026 r. poziom 2 487 euro\/m\u00b2, co stanowi nowy rekord historyczny. Ceny nieruchomo\u015bci z rynku wt\u00f3rnego wzros\u0142y o 3,5% w por\u00f3wnaniu z poprzednim kwarta\u0142em, natomiast ceny nowych inwestycji wynios\u0142y 2 636 euro\/m\u00b2.<\/div>\n<div style=\"margin-top: 10px; font-size: 11px; color: #777777;\">\u0179r\u00f3d\u0142o: Colegio de Registradores \u2014 Statystyki rynku nieruchomo\u015bci mieszkaniowych, II kwarta\u0142 2026 r.<\/div>\n<\/div>\n<div style=\"height: 20px;\"><\/div>\n<h3><strong>Liczba nabywc\u00f3w zagranicznych osi\u0105ga nowy rekord<\/strong><\/h3>\n<p>Najwa\u017cniejszym zjawiskiem na mi\u0119dzynarodowym rynku nieruchomo\u015bci jest wzrost popytu zagranicznego.<\/p>\n<p>W II kwartale 2026 r. nabywcy zagraniczni stanowili <strong>15,98% wszystkich transakcji zakupu nieruchomo\u015bci mieszkaniowych w Hiszpanii<\/strong>, co stanowi najwy\u017cszy odsetek odnotowany w historii.<\/p>\n<p>W uj\u0119ciu bezwzgl\u0119dnym nabywcy zagraniczni sfinalizowali w tym kwartale <strong>ponad 26 800 transakcji zakupu nieruchomo\u015bci mieszkaniowych<\/strong>.<\/p>\n<p>Jest to szczeg\u00f3lnie istotne, poniewa\u017c popyt zagraniczny wzr\u00f3s\u0142, podczas gdy og\u00f3lna liczba transakcji dotycz\u0105cych nieruchomo\u015bci mieszkaniowych spad\u0142a.<\/p>\n<p>Zagraniczni nabywcy staj\u0105 si\u0119 zatem coraz wi\u0119kszym elementem coraz mniejszego rynku og\u00f3\u0142em.<\/p>\n<div style=\"height: 20px;\"><\/div>\n<div style=\"margin: 30px 0; font-family: \u00bbPlus Jakarta Sans\u00ab, \u00bbSegoe UI\u00ab, Arial, sans-serif;\">\n<div style=\"background: #1f4e79; color: #ffffff; padding: 18px 22px; border-radius: 10px 10px 0 0;\">\n<div style=\"font-size: 20px; font-weight: bold; line-height: 1.3;\">Udzia\u0142 nabywc\u00f3w zagranicznych w hiszpa\u0144skim rynku nieruchomo\u015bci mieszkaniowych<\/div>\n<div style=\"font-size: 13px; margin-top: 5px; opacity: 0.9;\">Zmiany w okresie od II kwarta\u0142u 2025 r. do II kwarta\u0142u 2026 r.<\/div>\n<\/div>\n<div style=\"overflow-x: auto; border: 1px solid #d9e2ec; border-top: none; border-radius: 0 0 10px 10px;\">\n<table style=\"width: 100%; border-collapse: collapse; background: #ffffff; font-size: 15px;\">\n<thead>\n<tr style=\"background: #f2f6fa; color: #1f4e79;\">\n<th style=\"padding: 14px 18px; text-align: left; font-weight: bold; border-bottom: 1px solid #d9e2ec;\">Okres<\/th>\n<th style=\"padding: 14px 18px; text-align: center; font-weight: bold; border-bottom: 1px solid #d9e2ec;\">Udzia\u0142 nabywc\u00f3w zagranicznych<\/th>\n<th style=\"padding: 14px 18px; text-align: center; font-weight: bold; border-bottom: 1px solid #d9e2ec;\">Kluczowa informacja<\/th>\n<\/tr>\n<\/thead>\n<tbody>\n<tr>\n<td style=\"padding: 16px 18px; border-bottom: 1px solid #e8edf2; font-weight: 600; color: #333333;\">II kwarta\u0142 2025 r.<\/td>\n<td style=\"padding: 16px 18px; text-align: center; border-bottom: 1px solid #e8edf2; font-size: 21px; font-weight: bold; color: #4f79a3;\">14,10%<\/td>\n<td style=\"padding: 16px 18px; text-align: center; border-bottom: 1px solid #e8edf2; color: #666666;\">Poprzedni wynik testu por\u00f3wnawczego<\/td>\n<\/tr>\n<tr>\n<td style=\"padding: 16px 18px; border-bottom: 1px solid #e8edf2; font-weight: 600; color: #333333;\">I kwarta\u0142 2026 r.<\/td>\n<td style=\"padding: 16px 18px; text-align: center; border-bottom: 1px solid #e8edf2; font-size: 21px; font-weight: bold; color: #35658f;\">13,92%<\/td>\n<td style=\"padding: 16px 18px; text-align: center; border-bottom: 1px solid #e8edf2; color: #666666;\">Najni\u017cszy poziom w kwartale<\/td>\n<\/tr>\n<tr style=\"background: #f4f8fc;\">\n<td style=\"padding: 18px; font-weight: bold; color: #1f4e79;\">II kwarta\u0142 2026 r.<\/td>\n<td style=\"padding: 18px; text-align: center; font-size: 26px; font-weight: 800; color: #1f4e79;\">15,98%<\/td>\n<td style=\"padding: 18px; text-align: center;\"><span style=\"display: inline-block; padding: 7px 12px; border-radius: 20px; background: #1f4e79; color: #ffffff; font-size: 12px; font-weight: bold;\">HISTORYCZNE MAKSYMUM<br \/>\n<\/span><\/td>\n<\/tr>\n<\/tbody>\n<\/table>\n<\/div>\n<div style=\"margin-top: 14px; padding: 14px 18px; background: #f7f9fb; border-left: 4px solid #2f5e94; color: #4a4a4a; font-size: 14px; line-height: 1.6;\"><strong style=\"color: #1f4e79;\">Najwa\u017cniejsze wnioski:<\/strong><br \/>\nW drugim kwartale 2026 r. nabywcy zagraniczni stanowili 15,98% wszystkich transakcji zakupu nieruchomo\u015bci mieszkalnych w Hiszpanii, co stanowi najwy\u017cszy odsetek odnotowany w historii. Udzia\u0142 ten wzr\u00f3s\u0142 z 13,92% w pierwszym kwartale 2026 r.<\/div>\n<div style=\"margin-top: 10px; font-size: 11px; color: #777777;\">\u0179r\u00f3d\u0142o: Colegio de Registradores \u2014 Statystyki rynku nieruchomo\u015bci mieszkaniowych, II kwarta\u0142 2026 r.<\/div>\n<\/div>\n<div style=\"height: 20px;\"><\/div>\n<h3><strong>Kto nabywa nieruchomo\u015bci w Hiszpanii?<\/strong><\/h3>\n<p>Obywatele kraj\u00f3w europejskich nadal dominuj\u0105 na rynku nabywc\u00f3w zagranicznych, cho\u0107 ranking pozostaje bardzo zr\u00f3\u017cnicowany.<\/p>\n<p>Najwi\u0119ksz\u0105 grup\u0119 nadal stanowi\u0105 nabywcy brytyjscy, a tu\u017c za nimi plasuj\u0105 si\u0119 nabywcy holenderscy. Znacz\u0105cy udzia\u0142 w transakcjach zagranicznych maj\u0105 r\u00f3wnie\u017c nabywcy niemieccy, maroka\u0144scy i rumu\u0144scy.<\/p>\n<p>W drugim kwartale 2026 r. wiod\u0105cymi narodowo\u015bciami byli:<\/p>\n<div style=\"height: 20px;\"><\/div>\n<div class=\"visualizer-front-container\" id=\"chart_wrapper_visualizer-41056-1339667176\"><style type=\"text\/css\" name=\"visualizer-custom-css\" id=\"customcss-visualizer-41056\">.locker,.locker-loader{position:absolute;top:0;left:0;width:100%;height:100%}.locker{z-index:1000;opacity:.8;background-color:#fff;-ms-filter:\"progid:DXImageTransform.Microsoft.Alpha(Opacity=80)\";filter:alpha(opacity=80)}.locker-loader{z-index:1001;background:url(https:\/\/fuster-associates.com\/wp-content\/plugins\/visualizer\/images\/ajax-loader.gif) no-repeat center center}.dt-button{display:none!important}.visualizer-front-container.visualizer-lazy-render{content-visibility: auto;}.google-visualization-controls-categoryfilter label.google-visualization-controls-label {vertical-align: middle;}.google-visualization-controls-categoryfilter li.goog-inline-block {margin: 0 0.2em;}.google-visualization-controls-categoryfilter li {padding: 0 0.2em;}.visualizer-front-container .dataTables_scrollHeadInner{margin: 0 auto;}<\/style><div id=\"visualizer-41056-1339667176\" class=\"visualizer-front  visualizer-front-41056\"><\/div><!-- Not showing structured data for chart 41056 because title is empty --><\/div>\n<div style=\"height: 20px;\"><\/div>\n<p class=\"isSelectedEnd\">Nabywcy brytyjscy nadal zajmuj\u0105 pierwsze miejsce, jednak r\u00f3\u017cnica w stosunku do nabywc\u00f3w holenderskich jest obecnie niezwykle niewielka.<\/p>\n<p>R\u00f3\u017cnorodno\u015b\u0107 rankingu podkre\u015bla r\u00f3wnie\u017c wa\u017cn\u0105 cech\u0119 mi\u0119dzynarodowego rynku nieruchomo\u015bci w Hiszpanii: <strong>popyt nie jest uzale\u017cniony od jednej narodowo\u015bci, lecz pochodzi od szerokiego grona nabywc\u00f3w europejskich i mi\u0119dzynarodowych.<\/strong><\/p>\n<div style=\"height: 20px;\"><\/div>\n<h3><strong>Sk\u0105d pochodz\u0105 nabywcy zagraniczni?<\/strong><\/h3>\n<p>Unia Europejska pozostaje zdecydowanie najwi\u0119kszym \u017ar\u00f3d\u0142em mi\u0119dzynarodowego popytu na nieruchomo\u015bci.<\/p>\n<p>Nabywcy z kraj\u00f3w UE stanowili <strong>57,39% zagranicznych transakcji zakupu<\/strong>, natomiast inne kraje europejskie stanowi\u0142y kolejne <strong>16,75%<\/strong>.<\/p>\n<p>Pozosta\u0142y popyt rozk\u0142ada\u0142 si\u0119 mi\u0119dzy Afryk\u0119, Azj\u0119 i Ameryk\u0119.<\/p>\n<div style=\"height: 20px;\"><\/div>\n<div class=\"visualizer-front-container\" id=\"chart_wrapper_visualizer-41058-1152444472\"><style type=\"text\/css\" name=\"visualizer-custom-css\" id=\"customcss-visualizer-41058\">.locker,.locker-loader{position:absolute;top:0;left:0;width:100%;height:100%}.locker{z-index:1000;opacity:.8;background-color:#fff;-ms-filter:\"progid:DXImageTransform.Microsoft.Alpha(Opacity=80)\";filter:alpha(opacity=80)}.locker-loader{z-index:1001;background:url(https:\/\/fuster-associates.com\/wp-content\/plugins\/visualizer\/images\/ajax-loader.gif) no-repeat center center}.dt-button{display:none!important}.visualizer-front-container.visualizer-lazy-render{content-visibility: auto;}.google-visualization-controls-categoryfilter label.google-visualization-controls-label {vertical-align: middle;}.google-visualization-controls-categoryfilter li.goog-inline-block {margin: 0 0.2em;}.google-visualization-controls-categoryfilter li {padding: 0 0.2em;}.visualizer-front-container .dataTables_scrollHeadInner{margin: 0 auto;}<\/style><div id=\"visualizer-41058-1152444472\" class=\"visualizer-front  visualizer-front-41058\"><\/div><!-- Not showing structured data for chart 41058 because title is empty --><\/div>\n<div style=\"height: 20px;\"><\/div>\n<p class=\"isSelectedEnd\">Dane wskazuj\u0105, \u017ce Europa nadal stanowi g\u0142\u00f3wny rynek zagranicznych zakup\u00f3w nieruchomo\u015bci w Hiszpanii. Jednak obecno\u015b\u0107 nabywc\u00f3w z Ameryki P\u00f3\u0142nocnej i Po\u0142udniowej, Azji oraz innych region\u00f3w podkre\u015bla coraz bardziej globalny charakter hiszpa\u0144skiego rynku nieruchomo\u015bci mieszkaniowych.<\/p>\n<p>Si\u0142a nabywcza tych grup r\u00f3wnie\u017c znacznie si\u0119 r\u00f3\u017cni. Nabywcy z <strong>Ameryki P\u00f3\u0142nocnej<\/strong> odnotowali najwy\u017csz\u0105 \u015bredni\u0105 cen\u0119 zakupu, wynosz\u0105c\u0105 <strong>4 311 euro\/m\u00b2<\/strong>, a za nimi uplasowali si\u0119 nabywcy z <strong>Oceanii z cen\u0105 3 240 euro\/m\u00b2<\/strong> oraz nabywcy z <strong>UE z cen\u0105 3 149 euro\/m\u00b2<\/strong>.<\/p>\n<div style=\"height: 20px;\"><\/div>\n<div class=\"visualizer-front-container\" id=\"chart_wrapper_visualizer-41063-683636446\"><style type=\"text\/css\" name=\"visualizer-custom-css\" id=\"customcss-visualizer-41063\">.locker,.locker-loader{position:absolute;top:0;left:0;width:100%;height:100%}.locker{z-index:1000;opacity:.8;background-color:#fff;-ms-filter:\"progid:DXImageTransform.Microsoft.Alpha(Opacity=80)\";filter:alpha(opacity=80)}.locker-loader{z-index:1001;background:url(https:\/\/fuster-associates.com\/wp-content\/plugins\/visualizer\/images\/ajax-loader.gif) no-repeat center center}.dt-button{display:none!important}.visualizer-front-container.visualizer-lazy-render{content-visibility: auto;}.google-visualization-controls-categoryfilter label.google-visualization-controls-label {vertical-align: middle;}.google-visualization-controls-categoryfilter li.goog-inline-block {margin: 0 0.2em;}.google-visualization-controls-categoryfilter li {padding: 0 0.2em;}.visualizer-front-container .dataTables_scrollHeadInner{margin: 0 auto;}<\/style><div id=\"visualizer-41063-683636446\" class=\"visualizer-front  visualizer-front-41063\"><\/div><!-- Not showing structured data for chart 41063 because title is empty --><\/div>\n<div style=\"height: 20px;\"><\/div>\n<p>R\u00f3\u017cnica ta ma istotne znaczenie, poniewa\u017c pokazuje, \u017ce popyt zagraniczny nie jest bynajmniej jednolity. R\u00f3\u017cne grupy nabywc\u00f3w mi\u0119dzynarodowych kieruj\u0105 swoj\u0105 uwag\u0119 na bardzo zr\u00f3\u017cnicowane segmenty hiszpa\u0144skiego rynku nieruchomo\u015bci.<\/p>\n<div style=\"height: 20px;\"><\/div>\n<h3><strong>Region \u015br\u00f3dziemnomorski pozostaje centrum mi\u0119dzynarodowego popytu<\/strong><\/h3>\n<p>Popyt zagraniczny nadal silnie koncentruje si\u0119 w \u015br\u00f3dziemnomorskich i wyspiarskich regionach Hiszpanii.<\/p>\n<p>Najwy\u017cszy udzia\u0142 zakup\u00f3w zagranicznych na poziomie regionalnym odnotowano w:<\/p>\n<ul>\n<li><strong>Wyspy Balearskie: 32,27%<\/strong><\/li>\n<li><strong>Wsp\u00f3lnota Walencji: 31,03%<\/strong><\/li>\n<li><strong>Wyspy Kanaryjskie: 29,33%<\/strong><\/li>\n<li><strong>Region Murcji: 23,71%<\/strong><\/li>\n<li><strong>Katalonia: 17,63%<\/strong><\/li>\n<li><strong>Andaluzja: 15,95%<\/strong><\/li>\n<\/ul>\n<p>Na poziomie prowincji koncentracja ta jest jeszcze bardziej uderzaj\u0105ca.<\/p>\n<p><strong>Alicante przoduje w skali kraju, gdzie nabywcy zagraniczni stanowi\u0105 46,43% transakcji zakupu nieruchomo\u015bci mieszkalnych<\/strong>, a na drugim miejscu plasuje si\u0119 Malaga z wynikiem 37,01%.<\/p>\n<div style=\"height: 20px;\"><\/div>\n<div class=\"visualizer-front-container\" id=\"chart_wrapper_visualizer-41060-1774617239\"><style type=\"text\/css\" name=\"visualizer-custom-css\" id=\"customcss-visualizer-41060\">.locker,.locker-loader{position:absolute;top:0;left:0;width:100%;height:100%}.locker{z-index:1000;opacity:.8;background-color:#fff;-ms-filter:\"progid:DXImageTransform.Microsoft.Alpha(Opacity=80)\";filter:alpha(opacity=80)}.locker-loader{z-index:1001;background:url(https:\/\/fuster-associates.com\/wp-content\/plugins\/visualizer\/images\/ajax-loader.gif) no-repeat center center}.dt-button{display:none!important}.visualizer-front-container.visualizer-lazy-render{content-visibility: auto;}.google-visualization-controls-categoryfilter label.google-visualization-controls-label {vertical-align: middle;}.google-visualization-controls-categoryfilter li.goog-inline-block {margin: 0 0.2em;}.google-visualization-controls-categoryfilter li {padding: 0 0.2em;}.visualizer-front-container .dataTables_scrollHeadInner{margin: 0 auto;}<\/style><div id=\"visualizer-41060-1774617239\" class=\"visualizer-front  visualizer-front-41060\"><\/div><!-- Not showing structured data for chart 41060 because title is empty --><\/div>\n<div style=\"height: 20px;\"><\/div>\n<p class=\"isSelectedEnd\">Dane te potwierdzaj\u0105, \u017ce popyt mi\u0119dzynarodowy pozostaje szczeg\u00f3lnie silny na hiszpa\u0144skich rynkach \u015br\u00f3dziemnomorskich i wyspiarskich.<\/p>\n<p class=\"isSelectedEnd\">W przypadku Alicante nabywcy zagraniczni stanowi\u0105 niemal <strong>po\u0142ow\u0119 wszystkich transakcji zakupu nieruchomo\u015bci mieszkaniowych<\/strong>, co sprawia, \u017ce popyt mi\u0119dzynarodowy jest cech\u0105 charakterystyczn\u0105 lokalnego rynku nieruchomo\u015bci.<\/p>\n<p class=\"isSelectedEnd\">Murcja r\u00f3wnie\u017c nadal wyr\u00f3\u017cnia si\u0119 na tle innych region\u00f3w \u2013 nabywcy zagraniczni stanowi\u0105 tam <strong>23,71% transakcji zakupu nieruchomo\u015bci mieszkaniowych<\/strong>.<\/p>\n<p>Dane te maj\u0105 szczeg\u00f3lne znaczenie dla mi\u0119dzynarodowych nabywc\u00f3w por\u00f3wnuj\u0105cych r\u00f3\u017cne regiony Hiszpanii, poniewa\u017c pokazuj\u0105, jak znacz\u0105co struktura rynku mo\u017ce si\u0119 r\u00f3\u017cni\u0107 w poszczeg\u00f3lnych regionach.<\/p>\n<div style=\"height: 20px;\"><\/div>\n<h3><strong>Co dane za II kwarta\u0142 oznaczaj\u0105 dla mi\u0119dzynarodowych nabywc\u00f3w<\/strong><\/h3>\n<p>Dane za II kwarta\u0142 wskazuj\u0105, \u017ce hiszpa\u0144ski rynek nieruchomo\u015bci staje si\u0119 zar\u00f3wno <strong>dro\u017cszy, jak i bardziej mi\u0119dzynarodowy<\/strong>.<\/p>\n<p>Zagraniczni nabywcy stanowi\u0105 obecnie prawie 16% transakcji zakupu nieruchomo\u015bci mieszkalnych, podczas gdy \u015brednie ceny nieruchomo\u015bci osi\u0105gn\u0119\u0142y nowy rekord.<\/p>\n<p>Dla mi\u0119dzynarodowych nabywc\u00f3w oznacza to, \u017ce staranne przygotowanie staje si\u0119 coraz wa\u017cniejsze. Przed podj\u0119ciem decyzji o zakupie nale\u017cy rozwa\u017cy\u0107 lokalizacj\u0119, kwestie podatkowe, analiz\u0119 due diligence oraz planowane przeznaczenie nieruchomo\u015bci.<\/p>\n<p><strong>Hiszpa\u0144skiego rynku nieruchomo\u015bci nie mo\u017cna traktowa\u0107 jako jednego, jednolitego rynku. Ceny, popyt zagraniczny oraz warunki regulacyjne r\u00f3\u017cni\u0105 si\u0119 znacznie w zale\u017cno\u015bci od regionu, a nawet od poszczeg\u00f3lnych lokalizacji.<\/strong><\/p>\n<div style=\"height: 20px;\"><\/div>\n<h3><strong>Coraz bardziej mi\u0119dzynarodowy hiszpa\u0144ski rynek nieruchomo\u015bci<\/strong><\/h3>\n<p>Wyniki za II kwarta\u0142 2026 r. potwierdzaj\u0105, \u017ce Hiszpania pozostaje w centrum zainteresowania mi\u0119dzynarodowych nabywc\u00f3w nieruchomo\u015bci.<\/p>\n<p>Popyt zagraniczny osi\u0105gn\u0105\u0142 historyczny poziom, a rynki regionu Morza \u015ar\u00f3dziemnego i wysp nadal przyci\u0105gaj\u0105 szczeg\u00f3lnie du\u017c\u0105 liczb\u0119 mi\u0119dzynarodowych nabywc\u00f3w. Jednocze\u015bnie rekordowe ceny nieruchomo\u015bci sprawiaj\u0105, \u017ce podejmowanie \u015bwiadomych decyzji jest wa\u017cniejsze ni\u017c kiedykolwiek.<\/p>\n<p>W <strong>Fuster &amp; Associates<\/strong> pomagamy mi\u0119dzynarodowym klientom w kwestiach prawnych, podatkowych i imigracyjnych zwi\u0105zanych z zakupem i posiadaniem nieruchomo\u015bci w Hiszpanii, pomagaj\u0105c im zrozumie\u0107 konsekwencje ich inwestycji ju\u017c od samego pocz\u0105tku procesu.<\/p>\n<p><strong>Zastanawiaj\u0105 si\u0119 Pa\u0144stwo nad zakupem nieruchomo\u015bci w Hiszpanii?<\/strong><\/p>\n<p><a href=\"https:\/\/fuster-associates.com\/pl\/kontakt\/\">Prosimy o kontakt z kancelari\u0105 Fuster &amp; Associates<\/a> w celu uzyskania spersonalizowanego doradztwa prawnego i podatkowego.<\/p>\n","protected":false},"excerpt":{"rendered":"<p>W drugim kwartale 2026 roku na hiszpa\u0144skim rynku nieruchomo\u015bci mieszkaniowych nast\u0105pi\u0142a interesuj\u0105ca zmiana. Chocia\u017c og\u00f3lna liczba transakcji na rynku nieruchomo\u015bci spad\u0142a, popyt zagraniczny wykaza\u0142 tendencj\u0119 odwrotn\u0105. Mi\u0119dzynarodowi nabywcy zwi\u0119kszyli zar\u00f3wno sw\u00f3j udzia\u0142 w rynku, jak i bezwzgl\u0119dn\u0105 liczb\u0119 zakup\u00f3w, osi\u0105gaj\u0105c najwy\u017cszy poziom odnotowany w historii. Jednocze\u015bnie ceny nieruchomo\u015bci nadal ros\u0142y, a \u015brednia cena nieruchomo\u015bci mieszkaniowej [&hellip;]<\/p>\n","protected":false},"author":7,"featured_media":41083,"comment_status":"closed","ping_status":"closed","sticky":false,"template":"","format":"standard","meta":{"content-type":"","_sitemap_exclude":false,"_sitemap_priority":"","_sitemap_frequency":"","footnotes":""},"categories":[1],"tags":[],"class_list":["post-41084","post","type-post","status-publish","format-standard","has-post-thumbnail","hentry","category-fuster-and-associates"],"yoast_head":"<!-- This site is optimized with the Yoast SEO plugin v28.4 - https:\/\/yoast.com\/product\/yoast-seo-wordpress\/ -->\n<title>Powr\u00f3t zagranicznych nabywc\u00f3w: co naprawd\u0119 pokazuj\u0105 dane dotycz\u0105ce rynku nieruchomo\u015bci w Hiszpanii za II kwarta\u0142 2026 r. - Fuster &amp; Associates<\/title>\n<meta name=\"robots\" content=\"index, follow, max-snippet:-1, max-image-preview:large, max-video-preview:-1\" \/>\n<link rel=\"canonical\" href=\"https:\/\/fuster-associates.com\/pl\/blog\/powrot-zagranicznych-nabywcow-co-naprawde-pokazuja-dane-dotyczace-rynku-nieruchomosci-w-hiszpanii-za-ii-kwartal-2026-r\/\" \/>\n<meta property=\"og:locale\" content=\"pl_PL\" \/>\n<meta property=\"og:type\" content=\"article\" \/>\n<meta property=\"og:title\" content=\"Powr\u00f3t zagranicznych nabywc\u00f3w: co naprawd\u0119 pokazuj\u0105 dane dotycz\u0105ce rynku nieruchomo\u015bci w Hiszpanii za II kwarta\u0142 2026 r. - Fuster &amp; Associates\" \/>\n<meta property=\"og:description\" content=\"W drugim kwartale 2026 roku na hiszpa\u0144skim rynku nieruchomo\u015bci mieszkaniowych nast\u0105pi\u0142a interesuj\u0105ca zmiana. Chocia\u017c og\u00f3lna liczba transakcji na rynku nieruchomo\u015bci spad\u0142a, popyt zagraniczny wykaza\u0142 tendencj\u0119 odwrotn\u0105. Mi\u0119dzynarodowi nabywcy zwi\u0119kszyli zar\u00f3wno sw\u00f3j udzia\u0142 w rynku, jak i bezwzgl\u0119dn\u0105 liczb\u0119 zakup\u00f3w, osi\u0105gaj\u0105c najwy\u017cszy poziom odnotowany w historii. Jednocze\u015bnie ceny nieruchomo\u015bci nadal ros\u0142y, a \u015brednia cena nieruchomo\u015bci mieszkaniowej [&hellip;]\" \/>\n<meta property=\"og:url\" content=\"https:\/\/fuster-associates.com\/pl\/blog\/powrot-zagranicznych-nabywcow-co-naprawde-pokazuja-dane-dotyczace-rynku-nieruchomosci-w-hiszpanii-za-ii-kwartal-2026-r\/\" \/>\n<meta property=\"og:site_name\" content=\"Fuster &amp; Associates\" \/>\n<meta property=\"article:publisher\" content=\"https:\/\/www.facebook.com\/fusterspain\/\" \/>\n<meta property=\"article:published_time\" content=\"2026-09-03T07:05:27+00:00\" \/>\n<meta property=\"og:image\" content=\"https:\/\/fuster-associates.com\/wp-content\/uploads\/Foreign-Buyers-Return-Spains-Q2-2026-Fuster-Associates.jpg\" \/>\n\t<meta property=\"og:image:width\" content=\"1376\" \/>\n\t<meta property=\"og:image:height\" content=\"768\" \/>\n\t<meta property=\"og:image:type\" content=\"image\/jpeg\" \/>\n<meta name=\"author\" content=\"Miguel\" \/>\n<meta name=\"twitter:card\" content=\"summary_large_image\" \/>\n<meta name=\"twitter:creator\" content=\"@FusterSpain\" \/>\n<meta name=\"twitter:site\" content=\"@FusterSpain\" \/>\n<meta name=\"twitter:label1\" content=\"Napisane przez\" \/>\n\t<meta name=\"twitter:data1\" content=\"Miguel\" \/>\n\t<meta name=\"twitter:label2\" content=\"Szacowany czas czytania\" \/>\n\t<meta name=\"twitter:data2\" content=\"6 minut\" \/>\n<script type=\"application\/ld+json\" class=\"yoast-schema-graph\">{\"@context\":\"https:\\\/\\\/schema.org\",\"@graph\":[{\"@type\":\"Article\",\"@id\":\"https:\\\/\\\/fuster-associates.com\\\/pl\\\/blog\\\/powrot-zagranicznych-nabywcow-co-naprawde-pokazuja-dane-dotyczace-rynku-nieruchomosci-w-hiszpanii-za-ii-kwartal-2026-r\\\/#article\",\"isPartOf\":{\"@id\":\"https:\\\/\\\/fuster-associates.com\\\/pl\\\/blog\\\/powrot-zagranicznych-nabywcow-co-naprawde-pokazuja-dane-dotyczace-rynku-nieruchomosci-w-hiszpanii-za-ii-kwartal-2026-r\\\/\"},\"author\":{\"name\":\"Miguel\",\"@id\":\"https:\\\/\\\/fuster-associates.com\\\/pl\\\/#\\\/schema\\\/person\\\/fa2823851934b0af5f46855596a862a5\"},\"headline\":\"Powr\u00f3t zagranicznych nabywc\u00f3w: co naprawd\u0119 pokazuj\u0105 dane dotycz\u0105ce rynku nieruchomo\u015bci w Hiszpanii za II kwarta\u0142 2026 r.\",\"datePublished\":\"2026-09-03T07:05:27+00:00\",\"mainEntityOfPage\":{\"@id\":\"https:\\\/\\\/fuster-associates.com\\\/pl\\\/blog\\\/powrot-zagranicznych-nabywcow-co-naprawde-pokazuja-dane-dotyczace-rynku-nieruchomosci-w-hiszpanii-za-ii-kwartal-2026-r\\\/\"},\"wordCount\":1433,\"publisher\":{\"@id\":\"https:\\\/\\\/fuster-associates.com\\\/pl\\\/#organization\"},\"image\":{\"@id\":\"https:\\\/\\\/fuster-associates.com\\\/pl\\\/blog\\\/powrot-zagranicznych-nabywcow-co-naprawde-pokazuja-dane-dotyczace-rynku-nieruchomosci-w-hiszpanii-za-ii-kwartal-2026-r\\\/#primaryimage\"},\"thumbnailUrl\":\"https:\\\/\\\/fuster-associates.com\\\/wp-content\\\/uploads\\\/Foreign-Buyers-Return-Spains-Q2-2026-Fuster-Associates.jpg\",\"articleSection\":[\"Fuster &amp; Associates\"],\"inLanguage\":\"pl-PL\"},{\"@type\":\"WebPage\",\"@id\":\"https:\\\/\\\/fuster-associates.com\\\/pl\\\/blog\\\/powrot-zagranicznych-nabywcow-co-naprawde-pokazuja-dane-dotyczace-rynku-nieruchomosci-w-hiszpanii-za-ii-kwartal-2026-r\\\/\",\"url\":\"https:\\\/\\\/fuster-associates.com\\\/pl\\\/blog\\\/powrot-zagranicznych-nabywcow-co-naprawde-pokazuja-dane-dotyczace-rynku-nieruchomosci-w-hiszpanii-za-ii-kwartal-2026-r\\\/\",\"name\":\"Powr\u00f3t zagranicznych nabywc\u00f3w: co naprawd\u0119 pokazuj\u0105 dane dotycz\u0105ce rynku nieruchomo\u015bci w Hiszpanii za II kwarta\u0142 2026 r. - Fuster &amp; Associates\",\"isPartOf\":{\"@id\":\"https:\\\/\\\/fuster-associates.com\\\/pl\\\/#website\"},\"primaryImageOfPage\":{\"@id\":\"https:\\\/\\\/fuster-associates.com\\\/pl\\\/blog\\\/powrot-zagranicznych-nabywcow-co-naprawde-pokazuja-dane-dotyczace-rynku-nieruchomosci-w-hiszpanii-za-ii-kwartal-2026-r\\\/#primaryimage\"},\"image\":{\"@id\":\"https:\\\/\\\/fuster-associates.com\\\/pl\\\/blog\\\/powrot-zagranicznych-nabywcow-co-naprawde-pokazuja-dane-dotyczace-rynku-nieruchomosci-w-hiszpanii-za-ii-kwartal-2026-r\\\/#primaryimage\"},\"thumbnailUrl\":\"https:\\\/\\\/fuster-associates.com\\\/wp-content\\\/uploads\\\/Foreign-Buyers-Return-Spains-Q2-2026-Fuster-Associates.jpg\",\"datePublished\":\"2026-09-03T07:05:27+00:00\",\"breadcrumb\":{\"@id\":\"https:\\\/\\\/fuster-associates.com\\\/pl\\\/blog\\\/powrot-zagranicznych-nabywcow-co-naprawde-pokazuja-dane-dotyczace-rynku-nieruchomosci-w-hiszpanii-za-ii-kwartal-2026-r\\\/#breadcrumb\"},\"inLanguage\":\"pl-PL\",\"potentialAction\":[{\"@type\":\"ReadAction\",\"target\":[\"https:\\\/\\\/fuster-associates.com\\\/pl\\\/blog\\\/powrot-zagranicznych-nabywcow-co-naprawde-pokazuja-dane-dotyczace-rynku-nieruchomosci-w-hiszpanii-za-ii-kwartal-2026-r\\\/\"]}]},{\"@type\":\"ImageObject\",\"inLanguage\":\"pl-PL\",\"@id\":\"https:\\\/\\\/fuster-associates.com\\\/pl\\\/blog\\\/powrot-zagranicznych-nabywcow-co-naprawde-pokazuja-dane-dotyczace-rynku-nieruchomosci-w-hiszpanii-za-ii-kwartal-2026-r\\\/#primaryimage\",\"url\":\"https:\\\/\\\/fuster-associates.com\\\/wp-content\\\/uploads\\\/Foreign-Buyers-Return-Spains-Q2-2026-Fuster-Associates.jpg\",\"contentUrl\":\"https:\\\/\\\/fuster-associates.com\\\/wp-content\\\/uploads\\\/Foreign-Buyers-Return-Spains-Q2-2026-Fuster-Associates.jpg\",\"width\":1376,\"height\":768,\"caption\":\"Foreign Buyers Return - Spain\u2019s Q2 2026 - Fuster & Associates\"},{\"@type\":\"BreadcrumbList\",\"@id\":\"https:\\\/\\\/fuster-associates.com\\\/pl\\\/blog\\\/powrot-zagranicznych-nabywcow-co-naprawde-pokazuja-dane-dotyczace-rynku-nieruchomosci-w-hiszpanii-za-ii-kwartal-2026-r\\\/#breadcrumb\",\"itemListElement\":[{\"@type\":\"ListItem\",\"position\":1,\"name\":\"Dom\",\"item\":\"https:\\\/\\\/fuster-associates.com\\\/pl\\\/\"},{\"@type\":\"ListItem\",\"position\":2,\"name\":\"Powr\u00f3t zagranicznych nabywc\u00f3w: co naprawd\u0119 pokazuj\u0105 dane dotycz\u0105ce rynku nieruchomo\u015bci w Hiszpanii za II kwarta\u0142 2026 r.\"}]},{\"@type\":\"WebSite\",\"@id\":\"https:\\\/\\\/fuster-associates.com\\\/pl\\\/#website\",\"url\":\"https:\\\/\\\/fuster-associates.com\\\/pl\\\/\",\"name\":\"Fuster & Associates\",\"description\":\"Property Solicitors\",\"publisher\":{\"@id\":\"https:\\\/\\\/fuster-associates.com\\\/pl\\\/#organization\"},\"potentialAction\":[{\"@type\":\"SearchAction\",\"target\":{\"@type\":\"EntryPoint\",\"urlTemplate\":\"https:\\\/\\\/fuster-associates.com\\\/pl\\\/?s={search_term_string}\"},\"query-input\":{\"@type\":\"PropertyValueSpecification\",\"valueRequired\":true,\"valueName\":\"search_term_string\"}}],\"inLanguage\":\"pl-PL\"},{\"@type\":\"Organization\",\"@id\":\"https:\\\/\\\/fuster-associates.com\\\/pl\\\/#organization\",\"name\":\"FUSTER & ASSOCIATES\",\"url\":\"https:\\\/\\\/fuster-associates.com\\\/pl\\\/\",\"logo\":{\"@type\":\"ImageObject\",\"inLanguage\":\"pl-PL\",\"@id\":\"https:\\\/\\\/fuster-associates.com\\\/pl\\\/#\\\/schema\\\/logo\\\/image\\\/\",\"url\":\"https:\\\/\\\/fuster-associates.com\\\/wp-content\\\/uploads\\\/2018\\\/08\\\/logo-fuster-1.jpeg\",\"contentUrl\":\"https:\\\/\\\/fuster-associates.com\\\/wp-content\\\/uploads\\\/2018\\\/08\\\/logo-fuster-1.jpeg\",\"width\":180,\"height\":113,\"caption\":\"FUSTER & ASSOCIATES\"},\"image\":{\"@id\":\"https:\\\/\\\/fuster-associates.com\\\/pl\\\/#\\\/schema\\\/logo\\\/image\\\/\"},\"sameAs\":[\"https:\\\/\\\/www.facebook.com\\\/fusterspain\\\/\",\"https:\\\/\\\/x.com\\\/FusterSpain\",\"https:\\\/\\\/www.youtube.com\\\/channel\\\/UC2-kNuL1SoqlFizI47hmIOQ\",\"https:\\\/\\\/www.linkedin.com\\\/company\\\/fuster-&-associates\\\/\"]},{\"@type\":\"Person\",\"@id\":\"https:\\\/\\\/fuster-associates.com\\\/pl\\\/#\\\/schema\\\/person\\\/fa2823851934b0af5f46855596a862a5\",\"name\":\"Miguel\",\"image\":{\"@type\":\"ImageObject\",\"inLanguage\":\"pl-PL\",\"@id\":\"https:\\\/\\\/secure.gravatar.com\\\/avatar\\\/a11dac23828920784fa4764ecd64431ce7385ae8a33ed03528bcafd35c83ebbd?s=96&d=mm&r=g\",\"url\":\"https:\\\/\\\/secure.gravatar.com\\\/avatar\\\/a11dac23828920784fa4764ecd64431ce7385ae8a33ed03528bcafd35c83ebbd?s=96&d=mm&r=g\",\"contentUrl\":\"https:\\\/\\\/secure.gravatar.com\\\/avatar\\\/a11dac23828920784fa4764ecd64431ce7385ae8a33ed03528bcafd35c83ebbd?s=96&d=mm&r=g\",\"caption\":\"Miguel\"}}]}<\/script>\n<!-- \/ Yoast SEO plugin. -->","yoast_head_json":{"title":"Powr\u00f3t zagranicznych nabywc\u00f3w: co naprawd\u0119 pokazuj\u0105 dane dotycz\u0105ce rynku nieruchomo\u015bci w Hiszpanii za II kwarta\u0142 2026 r. - Fuster &amp; Associates","robots":{"index":"index","follow":"follow","max-snippet":"max-snippet:-1","max-image-preview":"max-image-preview:large","max-video-preview":"max-video-preview:-1"},"canonical":"https:\/\/fuster-associates.com\/pl\/blog\/powrot-zagranicznych-nabywcow-co-naprawde-pokazuja-dane-dotyczace-rynku-nieruchomosci-w-hiszpanii-za-ii-kwartal-2026-r\/","og_locale":"pl_PL","og_type":"article","og_title":"Powr\u00f3t zagranicznych nabywc\u00f3w: co naprawd\u0119 pokazuj\u0105 dane dotycz\u0105ce rynku nieruchomo\u015bci w Hiszpanii za II kwarta\u0142 2026 r. - Fuster &amp; Associates","og_description":"W drugim kwartale 2026 roku na hiszpa\u0144skim rynku nieruchomo\u015bci mieszkaniowych nast\u0105pi\u0142a interesuj\u0105ca zmiana. Chocia\u017c og\u00f3lna liczba transakcji na rynku nieruchomo\u015bci spad\u0142a, popyt zagraniczny wykaza\u0142 tendencj\u0119 odwrotn\u0105. Mi\u0119dzynarodowi nabywcy zwi\u0119kszyli zar\u00f3wno sw\u00f3j udzia\u0142 w rynku, jak i bezwzgl\u0119dn\u0105 liczb\u0119 zakup\u00f3w, osi\u0105gaj\u0105c najwy\u017cszy poziom odnotowany w historii. Jednocze\u015bnie ceny nieruchomo\u015bci nadal ros\u0142y, a \u015brednia cena nieruchomo\u015bci mieszkaniowej [&hellip;]","og_url":"https:\/\/fuster-associates.com\/pl\/blog\/powrot-zagranicznych-nabywcow-co-naprawde-pokazuja-dane-dotyczace-rynku-nieruchomosci-w-hiszpanii-za-ii-kwartal-2026-r\/","og_site_name":"Fuster &amp; Associates","article_publisher":"https:\/\/www.facebook.com\/fusterspain\/","article_published_time":"2026-09-03T07:05:27+00:00","og_image":[{"width":1376,"height":768,"url":"https:\/\/fuster-associates.com\/wp-content\/uploads\/Foreign-Buyers-Return-Spains-Q2-2026-Fuster-Associates.jpg","type":"image\/jpeg"}],"author":"Miguel","twitter_card":"summary_large_image","twitter_creator":"@FusterSpain","twitter_site":"@FusterSpain","twitter_misc":{"Napisane przez":"Miguel","Szacowany czas czytania":"6 minut"},"schema":{"@context":"https:\/\/schema.org","@graph":[{"@type":"Article","@id":"https:\/\/fuster-associates.com\/pl\/blog\/powrot-zagranicznych-nabywcow-co-naprawde-pokazuja-dane-dotyczace-rynku-nieruchomosci-w-hiszpanii-za-ii-kwartal-2026-r\/#article","isPartOf":{"@id":"https:\/\/fuster-associates.com\/pl\/blog\/powrot-zagranicznych-nabywcow-co-naprawde-pokazuja-dane-dotyczace-rynku-nieruchomosci-w-hiszpanii-za-ii-kwartal-2026-r\/"},"author":{"name":"Miguel","@id":"https:\/\/fuster-associates.com\/pl\/#\/schema\/person\/fa2823851934b0af5f46855596a862a5"},"headline":"Powr\u00f3t zagranicznych nabywc\u00f3w: co naprawd\u0119 pokazuj\u0105 dane dotycz\u0105ce rynku nieruchomo\u015bci w Hiszpanii za II kwarta\u0142 2026 r.","datePublished":"2026-09-03T07:05:27+00:00","mainEntityOfPage":{"@id":"https:\/\/fuster-associates.com\/pl\/blog\/powrot-zagranicznych-nabywcow-co-naprawde-pokazuja-dane-dotyczace-rynku-nieruchomosci-w-hiszpanii-za-ii-kwartal-2026-r\/"},"wordCount":1433,"publisher":{"@id":"https:\/\/fuster-associates.com\/pl\/#organization"},"image":{"@id":"https:\/\/fuster-associates.com\/pl\/blog\/powrot-zagranicznych-nabywcow-co-naprawde-pokazuja-dane-dotyczace-rynku-nieruchomosci-w-hiszpanii-za-ii-kwartal-2026-r\/#primaryimage"},"thumbnailUrl":"https:\/\/fuster-associates.com\/wp-content\/uploads\/Foreign-Buyers-Return-Spains-Q2-2026-Fuster-Associates.jpg","articleSection":["Fuster &amp; Associates"],"inLanguage":"pl-PL"},{"@type":"WebPage","@id":"https:\/\/fuster-associates.com\/pl\/blog\/powrot-zagranicznych-nabywcow-co-naprawde-pokazuja-dane-dotyczace-rynku-nieruchomosci-w-hiszpanii-za-ii-kwartal-2026-r\/","url":"https:\/\/fuster-associates.com\/pl\/blog\/powrot-zagranicznych-nabywcow-co-naprawde-pokazuja-dane-dotyczace-rynku-nieruchomosci-w-hiszpanii-za-ii-kwartal-2026-r\/","name":"Powr\u00f3t zagranicznych nabywc\u00f3w: co naprawd\u0119 pokazuj\u0105 dane dotycz\u0105ce rynku nieruchomo\u015bci w Hiszpanii za II kwarta\u0142 2026 r. - Fuster &amp; Associates","isPartOf":{"@id":"https:\/\/fuster-associates.com\/pl\/#website"},"primaryImageOfPage":{"@id":"https:\/\/fuster-associates.com\/pl\/blog\/powrot-zagranicznych-nabywcow-co-naprawde-pokazuja-dane-dotyczace-rynku-nieruchomosci-w-hiszpanii-za-ii-kwartal-2026-r\/#primaryimage"},"image":{"@id":"https:\/\/fuster-associates.com\/pl\/blog\/powrot-zagranicznych-nabywcow-co-naprawde-pokazuja-dane-dotyczace-rynku-nieruchomosci-w-hiszpanii-za-ii-kwartal-2026-r\/#primaryimage"},"thumbnailUrl":"https:\/\/fuster-associates.com\/wp-content\/uploads\/Foreign-Buyers-Return-Spains-Q2-2026-Fuster-Associates.jpg","datePublished":"2026-09-03T07:05:27+00:00","breadcrumb":{"@id":"https:\/\/fuster-associates.com\/pl\/blog\/powrot-zagranicznych-nabywcow-co-naprawde-pokazuja-dane-dotyczace-rynku-nieruchomosci-w-hiszpanii-za-ii-kwartal-2026-r\/#breadcrumb"},"inLanguage":"pl-PL","potentialAction":[{"@type":"ReadAction","target":["https:\/\/fuster-associates.com\/pl\/blog\/powrot-zagranicznych-nabywcow-co-naprawde-pokazuja-dane-dotyczace-rynku-nieruchomosci-w-hiszpanii-za-ii-kwartal-2026-r\/"]}]},{"@type":"ImageObject","inLanguage":"pl-PL","@id":"https:\/\/fuster-associates.com\/pl\/blog\/powrot-zagranicznych-nabywcow-co-naprawde-pokazuja-dane-dotyczace-rynku-nieruchomosci-w-hiszpanii-za-ii-kwartal-2026-r\/#primaryimage","url":"https:\/\/fuster-associates.com\/wp-content\/uploads\/Foreign-Buyers-Return-Spains-Q2-2026-Fuster-Associates.jpg","contentUrl":"https:\/\/fuster-associates.com\/wp-content\/uploads\/Foreign-Buyers-Return-Spains-Q2-2026-Fuster-Associates.jpg","width":1376,"height":768,"caption":"Foreign Buyers Return - Spain\u2019s Q2 2026 - Fuster & Associates"},{"@type":"BreadcrumbList","@id":"https:\/\/fuster-associates.com\/pl\/blog\/powrot-zagranicznych-nabywcow-co-naprawde-pokazuja-dane-dotyczace-rynku-nieruchomosci-w-hiszpanii-za-ii-kwartal-2026-r\/#breadcrumb","itemListElement":[{"@type":"ListItem","position":1,"name":"Dom","item":"https:\/\/fuster-associates.com\/pl\/"},{"@type":"ListItem","position":2,"name":"Powr\u00f3t zagranicznych nabywc\u00f3w: co naprawd\u0119 pokazuj\u0105 dane dotycz\u0105ce rynku nieruchomo\u015bci w Hiszpanii za II kwarta\u0142 2026 r."}]},{"@type":"WebSite","@id":"https:\/\/fuster-associates.com\/pl\/#website","url":"https:\/\/fuster-associates.com\/pl\/","name":"Fuster & Associates","description":"Property Solicitors","publisher":{"@id":"https:\/\/fuster-associates.com\/pl\/#organization"},"potentialAction":[{"@type":"SearchAction","target":{"@type":"EntryPoint","urlTemplate":"https:\/\/fuster-associates.com\/pl\/?s={search_term_string}"},"query-input":{"@type":"PropertyValueSpecification","valueRequired":true,"valueName":"search_term_string"}}],"inLanguage":"pl-PL"},{"@type":"Organization","@id":"https:\/\/fuster-associates.com\/pl\/#organization","name":"FUSTER & ASSOCIATES","url":"https:\/\/fuster-associates.com\/pl\/","logo":{"@type":"ImageObject","inLanguage":"pl-PL","@id":"https:\/\/fuster-associates.com\/pl\/#\/schema\/logo\/image\/","url":"https:\/\/fuster-associates.com\/wp-content\/uploads\/2018\/08\/logo-fuster-1.jpeg","contentUrl":"https:\/\/fuster-associates.com\/wp-content\/uploads\/2018\/08\/logo-fuster-1.jpeg","width":180,"height":113,"caption":"FUSTER & ASSOCIATES"},"image":{"@id":"https:\/\/fuster-associates.com\/pl\/#\/schema\/logo\/image\/"},"sameAs":["https:\/\/www.facebook.com\/fusterspain\/","https:\/\/x.com\/FusterSpain","https:\/\/www.youtube.com\/channel\/UC2-kNuL1SoqlFizI47hmIOQ","https:\/\/www.linkedin.com\/company\/fuster-&-associates\/"]},{"@type":"Person","@id":"https:\/\/fuster-associates.com\/pl\/#\/schema\/person\/fa2823851934b0af5f46855596a862a5","name":"Miguel","image":{"@type":"ImageObject","inLanguage":"pl-PL","@id":"https:\/\/secure.gravatar.com\/avatar\/a11dac23828920784fa4764ecd64431ce7385ae8a33ed03528bcafd35c83ebbd?s=96&d=mm&r=g","url":"https:\/\/secure.gravatar.com\/avatar\/a11dac23828920784fa4764ecd64431ce7385ae8a33ed03528bcafd35c83ebbd?s=96&d=mm&r=g","contentUrl":"https:\/\/secure.gravatar.com\/avatar\/a11dac23828920784fa4764ecd64431ce7385ae8a33ed03528bcafd35c83ebbd?s=96&d=mm&r=g","caption":"Miguel"}}]}},"_links":{"self":[{"href":"https:\/\/fuster-associates.com\/pl\/wp-json\/wp\/v2\/posts\/41084","targetHints":{"allow":["GET"]}}],"collection":[{"href":"https:\/\/fuster-associates.com\/pl\/wp-json\/wp\/v2\/posts"}],"about":[{"href":"https:\/\/fuster-associates.com\/pl\/wp-json\/wp\/v2\/types\/post"}],"author":[{"embeddable":true,"href":"https:\/\/fuster-associates.com\/pl\/wp-json\/wp\/v2\/users\/7"}],"replies":[{"embeddable":true,"href":"https:\/\/fuster-associates.com\/pl\/wp-json\/wp\/v2\/comments?post=41084"}],"version-history":[{"count":2,"href":"https:\/\/fuster-associates.com\/pl\/wp-json\/wp\/v2\/posts\/41084\/revisions"}],"predecessor-version":[{"id":41089,"href":"https:\/\/fuster-associates.com\/pl\/wp-json\/wp\/v2\/posts\/41084\/revisions\/41089"}],"wp:featuredmedia":[{"embeddable":true,"href":"https:\/\/fuster-associates.com\/pl\/wp-json\/wp\/v2\/media\/41083"}],"wp:attachment":[{"href":"https:\/\/fuster-associates.com\/pl\/wp-json\/wp\/v2\/media?parent=41084"}],"wp:term":[{"taxonomy":"category","embeddable":true,"href":"https:\/\/fuster-associates.com\/pl\/wp-json\/wp\/v2\/categories?post=41084"},{"taxonomy":"post_tag","embeddable":true,"href":"https:\/\/fuster-associates.com\/pl\/wp-json\/wp\/v2\/tags?post=41084"}],"curies":[{"name":"wp","href":"https:\/\/api.w.org\/{rel}","templated":true}]}}