{"id":38079,"date":"2026-04-27T10:22:05","date_gmt":"2026-04-27T08:22:05","guid":{"rendered":"https:\/\/fuster-associates.com\/?p=38079"},"modified":"2026-04-27T10:22:05","modified_gmt":"2026-04-27T08:22:05","slug":"kancelaria-fuster-associates-otwiera-swoje-pierwsze-biuro-w-walencji-i-czwarte-w-regionie","status":"publish","type":"post","link":"https:\/\/fuster-associates.com\/pl\/blog\/kancelaria-fuster-associates-otwiera-swoje-pierwsze-biuro-w-walencji-i-czwarte-w-regionie\/","title":{"rendered":"Kancelaria Fuster &#038; Associates otwiera swoje pierwsze biuro w Walencji i czwarte w regionie"},"content":{"rendered":"<p>Kancelaria Fuster &amp; Associates otwiera swoje pierwsze biuro w Walencji i czwarte w regionie<\/p>\n<p>Sektor nieruchomo\u015bci w <b>stolicy regionu Turia<\/b> przechodzi bezprecedensowe przemiany. Umocnienie pozycji Walencji jako <i>centrum<\/i> inwestycji ameryka\u0144skich oraz rosn\u0105ce wymagania mi\u0119dzynarodowego rynku wymagaj\u0105 rozwi\u0105za\u0144 prawnych \u0142\u0105cz\u0105cych sprawno\u015b\u0107 dzia\u0142ania z bezkompromisowym zaanga\u017cowaniem etycznym. Wraz z otwarciem nowej siedziby przy Calle Cirilo Amor\u00f3s, <a href=\"https:\/\/fuster-associates.com\/pl\/\"><b>Fuster &amp; Associates<\/b><\/a> nie tylko rozszerza swoj\u0105 fizyczn\u0105 obecno\u015b\u0107, ale tak\u017ce wyznacza nowy standard rygoru i buduje zaufanie, aby sta\u0107 si\u0119 liderem w doradztwie dla nierezydent\u00f3w w stolicy.<\/p>\n<p>W ekosystemie nieruchomo\u015bci z najwy\u017cszej p\u00f3\u0142ki zaufanie nie jest atutem, kt\u00f3ry mo\u017cna improwizowa\u0107; jest to infrastruktura, kt\u00f3r\u0105 nale\u017cy budowa\u0107 z rygorem i przejrzysto\u015bci\u0105. W kwietniu 2026 r. <b>Fuster &amp; Associates<\/b> otworzy swoj\u0105 now\u0105 siedzib\u0119 przy ulicy Cirilo Amor\u00f3s, w samym sercu Walencji. Otwarcie to nie jest jedynie kamieniem milowym w ekspansji terytorialnej firmy; jest to strategiczna odpowied\u017a na zapotrzebowanie rynku, kt\u00f3ry nie zadowala si\u0119 ju\u017c tradycyjnym zarz\u0105dzaniem administracyjnym, ale poszukuje <i>partnera<\/i> zdolnego do dzia\u0142ania zgodnie ze \u015bwiatowymi standardami doskona\u0142o\u015bci.<\/p>\n<p>Po 25 latach bycia liderem w doradztwie dla nierezydent\u00f3w w ca\u0142ym regionie Morza \u015ar\u00f3dziemnego, obecno\u015b\u0107 w Walencji dope\u0142nia map\u0119 us\u0142ug rozci\u0105gaj\u0105c\u0105 si\u0119 od Almerii po Wsp\u00f3lnot\u0119 Walencji. Nie chodzi tylko o sam\u0105 obecno\u015b\u0107, ale o zapewnienie niezb\u0119dnego \u201ezaplecza operacyjnego\u201d, dzi\u0119ki kt\u00f3remu lokalni deweloperzy i agencje b\u0119d\u0105 w stanie skutecznie obs\u0142u\u017cy\u0107 nap\u0142yw inwestor\u00f3w, kt\u00f3rzy ze wzgl\u0119du na sw\u00f3j profil i pochodzenie wymagaj\u0105 wy\u017cszego poziomu pewno\u015bci prawnej.<\/p>\n<h3><b>Rynek ameryka\u0144ski: Walencja na globalnym radarze inwestycyjnym<\/b><\/h3>\n<p>W ci\u0105gu ostatniej dekady inwestorzy zagraniczni na hiszpa\u0144skim wybrze\u017cu zazwyczaj pasowali do przewidywalnego profilu europejskiego. Jednak do 2026 r. krajobraz inwestycyjny przesun\u0105\u0142 si\u0119 w kierunku Atlantyku. Walencja sta\u0142a si\u0119 preferowanym miejscem docelowym dla kapita\u0142u z <b>Stan\u00f3w Zjednoczonych<\/b>, a nabywcy postrzegaj\u0105 stolic\u0119 Walencji jako wysokiej jako\u015bci alternatyw\u0119 dla ju\u017c nasyconych rynk\u00f3w, takich jak Lizbona czy Barcelona.<\/p>\n<p>Ten inwestor z USA wnosi inn\u0105 dynamik\u0119 rynkow\u0105. Dla nabywcy z Nowego Jorku, Miami czy San Francisco czas jest najcenniejszym zasobem, a pewno\u015b\u0107 prawna jest warunkiem koniecznym dla jakiegokolwiek przep\u0142ywu \u015brodk\u00f3w. Ich pojawienie si\u0119 podnios\u0142o poprzeczk\u0119: nie wystarczy ju\u017c po prostu wyja\u015bni\u0107 proces zakupu; trzeba umie\u0107 zarz\u0105dza\u0107 z\u0142o\u017conymi strukturami podatkowymi, zapewni\u0107 zgodno\u015b\u0107 z mi\u0119dzynarodowymi przepisami dotycz\u0105cymi przejrzysto\u015bci oraz zapewni\u0107 reakcj\u0119 w czasie rzeczywistym, kt\u00f3r\u0105 cz\u0119sto spowalnia konwencjonalna biurokracja.<\/p>\n<p>W Fuster &amp; Associates rozumiemy, \u017ce sukces sektora nieruchomo\u015bci w Walencji zale\u017cy od jego zdolno\u015bci do zaspokojenia potrzeb tych klient\u00f3w. Nasz wielokulturowy zesp\u00f3\u0142, pos\u0142uguj\u0105cy si\u0119 kilkunastoma j\u0119zykami, stanowi nie tylko przewag\u0119 konkurencyjn\u0105 w komunikacji; gwarantuje on r\u00f3wnie\u017c, \u017ce inwestorzy zagraniczni czuj\u0105 si\u0119 zrozumiani i chronieni w ramach w\u0142asnych ram technicznych i prawnych.<\/p>\n<h3><b><strong>Strategiczny partner zapewniaj\u0105cy sprawno\u015b\u0107 dzia\u0142ania agencji nieruchomo\u015bci<\/strong><\/b><\/h3>\n<p>Obecna sytuacja na rynku nieruchomo\u015bci w Walencji charakteryzuje si\u0119 piln\u0105 potrzeb\u0105 specjalizacji. Dzisiejszy agent nieruchomo\u015bci jest ekspertem w zakresie pozyskiwania klient\u00f3w, marketingu i negocjacji; jego warto\u015b\u0107 polega na umiej\u0119tno\u015bci \u0142\u0105czenia kupuj\u0105cych i sprzedaj\u0105cych.<\/p>\n<p>Jednak rosn\u0105ca z\u0142o\u017cono\u015b\u0107 transakcji mi\u0119dzynarodowych cz\u0119sto zmusza agenta do po\u015bwi\u0119cania uwagi biurokratycznym formalno\u015bciom i konsultacjom prawnym, kt\u00f3re poch\u0142aniaj\u0105 jego czas i zwi\u0119kszaj\u0105 odpowiedzialno\u015b\u0107.<\/p>\n<figure id=\"attachment_38077\" aria-describedby=\"caption-attachment-38077\" style=\"width: 800px\" class=\"wp-caption alignnone\"><img fetchpriority=\"high\" decoding=\"async\" class=\"size-large wp-image-38077\" src=\"https:\/\/fuster-associates.com\/wp-content\/uploads\/Pedro-Martinez-y-David-Albadalejo-Fuster-Associates-1024x739.jpg\" alt=\"Pedro Mart\u00ednez, CEO, and David Albadalejo Fuster, founder of Fuster and Associates. \u2013 Photo: PLAZA\" width=\"800\" height=\"577\" srcset=\"https:\/\/fuster-associates.com\/wp-content\/uploads\/Pedro-Martinez-y-David-Albadalejo-Fuster-Associates-1024x739.jpg 1024w, https:\/\/fuster-associates.com\/wp-content\/uploads\/Pedro-Martinez-y-David-Albadalejo-Fuster-Associates-300x216.jpg 300w, https:\/\/fuster-associates.com\/wp-content\/uploads\/Pedro-Martinez-y-David-Albadalejo-Fuster-Associates-768x554.jpg 768w, https:\/\/fuster-associates.com\/wp-content\/uploads\/Pedro-Martinez-y-David-Albadalejo-Fuster-Associates-610x440.jpg 610w, https:\/\/fuster-associates.com\/wp-content\/uploads\/Pedro-Martinez-y-David-Albadalejo-Fuster-Associates-600x433.jpg 600w, https:\/\/fuster-associates.com\/wp-content\/uploads\/Pedro-Martinez-y-David-Albadalejo-Fuster-Associates.jpg 1216w\" sizes=\"(max-width: 800px) 100vw, 800px\" \/><figcaption id=\"caption-attachment-38077\" class=\"wp-caption-text\">Pedro Mart\u00ednez, dyrektor generalny, oraz David Albadalejo Fuster, za\u0142o\u017cyciel firmy Fuster &amp; Associates. \u2013 Photo: PLAZA<\/figcaption><\/figure>\n<p>Propozycja firmy Fuster &amp; Associates dla agencji i deweloper\u00f3w w Walencji jest niezwykle praktyczna: pe\u0142nienie funkcji ich <b>wysokowydajnego zewn\u0119trznego dzia\u0142u prawnego<\/b>. Powierzaj\u0105c naszej kancelarii zarz\u0105dzanie prawnym, podatkowym i administracyjnym aspektem sprzeda\u017cy, po\u015brednik odzyskuje sw\u00f3j najcenniejszy zas\u00f3b: czas na sprzeda\u017c.<\/p>\n<p>Nasze pojawienie si\u0119 przy Calle Cirilo Amor\u00f3s zapewnia bran\u017cy infrastruktur\u0119 zdoln\u0105 do obs\u0142ugi du\u017cych wolumen\u00f3w transakcji bez utraty rygoru. M\u00f3wimy j\u0119zykiem inwestora, ale rozumiemy r\u00f3wnie\u017c j\u0119zyk walencja\u0144skich agencji nieruchomo\u015bci. Wiemy, \u017ce transakcja nie ko\u0144czy si\u0119 w momencie przyj\u0119cia oferty, ale wtedy, gdy klient otrzymuje klucze z absolutn\u0105 pewno\u015bci\u0105, \u017ce jego inwestycja jest w pe\u0142ni zabezpieczona.<\/p>\n<h3><b><strong>Walencja: Przysz\u0142o\u015b\u0107 opiera si\u0119 na pewno\u015bci prawnej w zakresie nieruchomo\u015bci<\/strong><\/b><\/h3>\n<p>Otwarcie tego nowego biura dope\u0142nia map\u0119 operacyjn\u0105 firmy w ca\u0142ym \u0142uku \u015br\u00f3dziemnomorskim, tworz\u0105c sie\u0107 bezpiecze\u0144stwa \u0142\u0105cz\u0105c\u0105 <b>Walencj\u0119<\/b> z <b>Teulad\u0105<\/b>, <b>Finestrat<\/b>, <b>La Zeni\u0105<\/b>, <b>Los Alc\u00e1zares<\/b>, <b>Murci\u0105<\/b> oraz <b>San Juan de los Terreros-Pulp\u00ed<\/b>. Ta ci\u0105g\u0142o\u015b\u0107 terytorialna pozwala nam oferowa\u0107 kompleksow\u0105 obs\u0142ug\u0119 inwestorom dzia\u0142aj\u0105cym w skali regionalnej, zapewniaj\u0105c identyczne standardy jako\u015bci w ka\u017cdym punkcie wzd\u0142u\u017c wybrze\u017ca.<\/p>\n<p>Walencja jest gotowa przewodzi\u0107 rynkowi nieruchomo\u015bci przysz\u0142o\u015bci, ale przyw\u00f3dztwo to musi opiera\u0107 si\u0119 na profesjonalizmie. Do 2026 roku improwizacja nie b\u0119dzie ju\u017c opcj\u0105. Globalni inwestorzy poszukuj\u0105 bezpiecznych przystani dla swojego kapita\u0142u, a nasz\u0105 misj\u0105 jest zapewnienie, by Walencja by\u0142a postrzegana jako taka w ka\u017cdym zak\u0105tku \u015bwiata.<\/p>\n<p>Jak stwierdza <b>Pedro Mart\u00ednez<\/b>, dyrektor generalny firmy: \u201eNasza obecno\u015b\u0107 w Walencji to nie tylko ekspansja biznesowa; to zobowi\u0105zanie do doskona\u0142o\u015bci w bran\u017cy. Jeste\u015bmy tutaj, aby zapewni\u0107, \u017ce ka\u017cdy podpis w kancelarii notarialnej b\u0119dzie pocz\u0105tkiem historii sukcesu, popartej rygorem technicznym i moraln\u0105 uczciwo\u015bci\u0105 firmy, kt\u00f3ra rozumie, \u017ce ponad samymi nieruchomo\u015bciami chronimy plany \u017cyciowe ludzi\u201d.<\/p>\n<p>&nbsp;<\/p>\n<p>Biuro Fuster &amp; Associates \u2013 Walencja znajduje si\u0119 pod adresem <b>Cirilo Amor\u00f3s 27<\/b>, 3. pi\u0119tro, lokal A, 46004, Walencja. Numer telefonu to 965 992 116, a adres e-mail to hola@fuster-associates.com.<br \/>\nMo\u017cna r\u00f3wnie\u017c odwiedzi\u0107 ich stron\u0119 internetow\u0105: <a href=\"https:\/\/fuster-associates.com\/pl\/\">fuster.associates.com<\/a><\/p>\n<p>&nbsp;<\/p>\n<div style=\"background-color: #f2f2f2; padding: 20px; border-radius: 8px; max-width: 800px; font-family: \u00bbPlus Jakarta Sans\u00ab, sans-serif; line-height: 1.6;\">\n<div style=\"font-weight: 600; margin-bottom: 10px;\">Zaanga\u017cowanie spo\u0142eczne: Wspieranie dzia\u0142a\u0144 UNHCR<\/div>\n<p>Poza wynikami finansowymi autorytet firmy opiera si\u0119 na jej warto\u015bciach. Dla Fuster &amp; Associates sukces biznesowy umo\u017cliwia zdecydowane zaanga\u017cowanie w odpowiedzialno\u015b\u0107 spo\u0142eczn\u0105 poprzez aktywn\u0105 wsp\u00f3\u0142prac\u0119 z mi\u0119dzynarodowymi organizacjami chroni\u0105cymi prawa podstawowe.<\/p>\n<p>W tym kontek\u015bcie firma utrzymuje \u015bcis\u0142\u0105 wsp\u00f3\u0142prac\u0119 z UNHCR, Agencj\u0105 ONZ ds. Uchod\u017ac\u00f3w, wspieraj\u0105c jej programy pomocy humanitarnej w sytuacjach z\u0142o\u017conych kryzys\u00f3w mieszkaniowych, takich jak ten dotykaj\u0105cy obecnie Syri\u0119. Zgodnie z raportem UNHCR \u201eReturn Report 2025\u201d, po latach konfliktu wiele syryjskich rodzin zacz\u0119\u0142o realizowa\u0107 swoje pragnienie powrotu do domu, ale napotyka powa\u017cne przeszkody: zniszczone domy, brak \u015brodk\u00f3w do \u017cycia i g\u0142\u0119boki brak bezpiecze\u0144stwa na miejscu.<\/p>\n<p>W tej sytuacji UNHCR u\u0142atwia dobrowolne powroty, aby zapewni\u0107 ich bezpiecze\u0144stwo, zapewniaj\u0105c pomoc finansow\u0105, transport oraz doradztwo w zakresie dokument\u00f3w cywilnych wymaganych do reintegracji tych rodzin. W tym kontek\u015bcie wsparcie darczy\u0144c\u00f3w, takich jak Fuster &amp; Associates, ma kluczowe znaczenie dla zapewnienia, \u017ce pragnienie powrotu do domu stanie si\u0119 godn\u0105 i trwa\u0142\u0105 rzeczywisto\u015bci\u0105. Zapewniaj\u0105c niezb\u0119dne zasoby, umo\u017cliwiamy ekspertom ONZ pomoc rodzinom w odtworzeniu ich to\u017csamo\u015bci prawnej i odbudowie dom\u00f3w, gwarantuj\u0105c, \u017ce powr\u00f3t do domu jest mo\u017cliwy nawet w najtrudniejszych warunkach.<\/p>\n<\/div>\n<p>&nbsp;<\/p>\n<div style=\"font-family: \u201ePlus Jakarta Sans\u201d, sans-serif; max-width: 900px;\">\n<h3 style=\"margin-bottom: 10px;\">Wk\u0142ad firmy Fuster &amp; Associates na rzecz UNHCR<\/h3>\n<p style=\"margin-bottom: 20px; line-height: 1.6;\">W og\u00f3lnym kontek\u015bcie dzia\u0142a\u0144 UNHCR w Syrii w 2025 r., kt\u00f3re na poziomie krajowym obejmowa\u0142y napraw\u0119 4 647 dom\u00f3w, dystrybucj\u0119 artyku\u0142\u00f3w pierwszej potrzeby w\u015br\u00f3d 259 443 rodzin oraz zapewnienie pomocy pieni\u0119\u017cnej 36 545 rodzinom, kt\u00f3re powr\u00f3ci\u0142y do swoich dom\u00f3w.<\/p>\n<table style=\"width: 100%; border-collapse: collapse;\">\n<tbody>\n<tr style=\"border-bottom: 2px solid #000; text-align: left;\">\n<th style=\"padding: 12px;\">Dzia\u0142anie<\/th>\n<th style=\"padding: 12px;\">Og\u00f3\u0142em<\/th>\n<th style=\"padding: 12px;\">Beneficjenci<\/th>\n<\/tr>\n<tr style=\"border-bottom: 1px solid #ddd;\">\n<td style=\"padding: 12px;\">Dystrybucja zestaw\u00f3w pomocy podstawowej dla 37 rodzin uchod\u017ac\u00f3w powracaj\u0105cych do Syrii<\/td>\n<td style=\"padding: 12px;\">9 233 EUR<\/td>\n<td style=\"padding: 12px;\">185 os\u00f3b<\/td>\n<\/tr>\n<tr style=\"border-bottom: 1px solid #ddd;\">\n<td style=\"padding: 12px;\">Remont 8 schronie\u0144 dla rodzin przesiedlonych i powracaj\u0105cych<\/td>\n<td style=\"padding: 12px;\">14 143 euro<\/td>\n<td style=\"padding: 12px;\">40 os\u00f3b<\/td>\n<\/tr>\n<tr style=\"border-bottom: 1px solid #ddd;\">\n<td style=\"padding: 12px;\">Suma cz\u0119\u015bciowa dzia\u0142a\u0144<\/td>\n<td style=\"padding: 12px;\">23 376 EUR<\/td>\n<td style=\"padding: 12px;\"><\/td>\n<\/tr>\n<tr style=\"border-bottom: 1px solid #ddd;\">\n<td style=\"padding: 12px;\">Koszty wsparcia programu<\/td>\n<td style=\"padding: 12px;\">1 624 \u20ac<\/td>\n<td style=\"padding: 12px;\"><\/td>\n<\/tr>\n<tr style=\"font-weight: 600;\">\n<td style=\"padding: 12px;\">RAZEM<\/td>\n<td style=\"padding: 12px;\">25 000 \u20ac<\/td>\n<td style=\"padding: 12px;\">225 os\u00f3b<\/td>\n<\/tr>\n<\/tbody>\n<\/table>\n<p style=\"margin-top: 15px; font-size: 14px; color: #555;\">Tabela: Fuster &amp; Associates \u2022 \u0179r\u00f3d\u0142o: UNHCR: Raport dotycz\u0105cy powrotu do Syrii w 2025 r. oraz programu pomocy prawnej i mieszkaniowej.<\/p>\n<\/div>\n<p>&nbsp;<\/p>\n","protected":false},"excerpt":{"rendered":"<p>Kancelaria Fuster &amp; Associates otwiera swoje pierwsze biuro w Walencji i czwarte w regionie Sektor nieruchomo\u015bci w stolicy regionu Turia przechodzi bezprecedensowe przemiany. Umocnienie pozycji Walencji jako centrum inwestycji ameryka\u0144skich oraz rosn\u0105ce wymagania mi\u0119dzynarodowego rynku wymagaj\u0105 rozwi\u0105za\u0144 prawnych \u0142\u0105cz\u0105cych sprawno\u015b\u0107 dzia\u0142ania z bezkompromisowym zaanga\u017cowaniem etycznym. Wraz z otwarciem nowej siedziby przy Calle Cirilo Amor\u00f3s, Fuster [&hellip;]<\/p>\n","protected":false},"author":7,"featured_media":38078,"comment_status":"closed","ping_status":"closed","sticky":false,"template":"","format":"standard","meta":{"content-type":"","_sitemap_exclude":false,"_sitemap_priority":"","_sitemap_frequency":"","footnotes":""},"categories":[130],"tags":[],"class_list":["post-38079","post","type-post","status-publish","format-standard","has-post-thumbnail","hentry","category-fuster-and-associates-pl"],"yoast_head":"<!-- This site is optimized with the Yoast SEO plugin v27.4 - https:\/\/yoast.com\/product\/yoast-seo-wordpress\/ -->\n<title>Kancelaria Fuster &amp; Associates otwiera swoje pierwsze biuro w Walencji i czwarte w regionie - Fuster &amp; Associates<\/title>\n<meta name=\"robots\" content=\"index, follow, max-snippet:-1, max-image-preview:large, max-video-preview:-1\" \/>\n<link rel=\"canonical\" href=\"https:\/\/fuster-associates.com\/pl\/blog\/kancelaria-fuster-associates-otwiera-swoje-pierwsze-biuro-w-walencji-i-czwarte-w-regionie\/\" \/>\n<meta property=\"og:locale\" content=\"pl_PL\" \/>\n<meta property=\"og:type\" content=\"article\" \/>\n<meta property=\"og:title\" content=\"Kancelaria Fuster &amp; Associates otwiera swoje pierwsze biuro w Walencji i czwarte w regionie - Fuster &amp; Associates\" \/>\n<meta property=\"og:description\" content=\"Kancelaria Fuster &amp; Associates otwiera swoje pierwsze biuro w Walencji i czwarte w regionie Sektor nieruchomo\u015bci w stolicy regionu Turia przechodzi bezprecedensowe przemiany. Umocnienie pozycji Walencji jako centrum inwestycji ameryka\u0144skich oraz rosn\u0105ce wymagania mi\u0119dzynarodowego rynku wymagaj\u0105 rozwi\u0105za\u0144 prawnych \u0142\u0105cz\u0105cych sprawno\u015b\u0107 dzia\u0142ania z bezkompromisowym zaanga\u017cowaniem etycznym. Wraz z otwarciem nowej siedziby przy Calle Cirilo Amor\u00f3s, Fuster [&hellip;]\" \/>\n<meta property=\"og:url\" content=\"https:\/\/fuster-associates.com\/pl\/blog\/kancelaria-fuster-associates-otwiera-swoje-pierwsze-biuro-w-walencji-i-czwarte-w-regionie\/\" \/>\n<meta property=\"og:site_name\" content=\"Fuster &amp; Associates\" \/>\n<meta property=\"article:publisher\" content=\"https:\/\/www.facebook.com\/fusterspain\/\" \/>\n<meta property=\"article:published_time\" content=\"2026-04-27T08:22:05+00:00\" \/>\n<meta property=\"og:image\" content=\"https:\/\/fuster-associates.com\/wp-content\/uploads\/Oficina-Valencia.jpg\" \/>\n\t<meta property=\"og:image:width\" content=\"1200\" \/>\n\t<meta property=\"og:image:height\" content=\"800\" \/>\n\t<meta property=\"og:image:type\" content=\"image\/jpeg\" \/>\n<meta name=\"author\" content=\"Miguel\" \/>\n<meta name=\"twitter:card\" content=\"summary_large_image\" \/>\n<meta name=\"twitter:creator\" content=\"@FusterSpain\" \/>\n<meta name=\"twitter:site\" content=\"@FusterSpain\" \/>\n<meta name=\"twitter:label1\" content=\"Napisane przez\" \/>\n\t<meta name=\"twitter:data1\" content=\"Miguel\" \/>\n\t<meta name=\"twitter:label2\" content=\"Szacowany czas czytania\" \/>\n\t<meta name=\"twitter:data2\" content=\"6 minut\" \/>\n<script type=\"application\/ld+json\" class=\"yoast-schema-graph\">{\"@context\":\"https:\\\/\\\/schema.org\",\"@graph\":[{\"@type\":\"Article\",\"@id\":\"https:\\\/\\\/fuster-associates.com\\\/pl\\\/blog\\\/kancelaria-fuster-associates-otwiera-swoje-pierwsze-biuro-w-walencji-i-czwarte-w-regionie\\\/#article\",\"isPartOf\":{\"@id\":\"https:\\\/\\\/fuster-associates.com\\\/pl\\\/blog\\\/kancelaria-fuster-associates-otwiera-swoje-pierwsze-biuro-w-walencji-i-czwarte-w-regionie\\\/\"},\"author\":{\"name\":\"Miguel\",\"@id\":\"https:\\\/\\\/fuster-associates.com\\\/pl\\\/#\\\/schema\\\/person\\\/272425e5a87006c908425c14ca37566b\"},\"headline\":\"Kancelaria Fuster &#038; Associates otwiera swoje pierwsze biuro w Walencji i czwarte w regionie\",\"datePublished\":\"2026-04-27T08:22:05+00:00\",\"mainEntityOfPage\":{\"@id\":\"https:\\\/\\\/fuster-associates.com\\\/pl\\\/blog\\\/kancelaria-fuster-associates-otwiera-swoje-pierwsze-biuro-w-walencji-i-czwarte-w-regionie\\\/\"},\"wordCount\":1308,\"publisher\":{\"@id\":\"https:\\\/\\\/fuster-associates.com\\\/pl\\\/#organization\"},\"image\":{\"@id\":\"https:\\\/\\\/fuster-associates.com\\\/pl\\\/blog\\\/kancelaria-fuster-associates-otwiera-swoje-pierwsze-biuro-w-walencji-i-czwarte-w-regionie\\\/#primaryimage\"},\"thumbnailUrl\":\"https:\\\/\\\/fuster-associates.com\\\/wp-content\\\/uploads\\\/Oficina-Valencia.jpg\",\"articleSection\":[\"Fuster &amp; Associates\"],\"inLanguage\":\"pl-PL\"},{\"@type\":\"WebPage\",\"@id\":\"https:\\\/\\\/fuster-associates.com\\\/pl\\\/blog\\\/kancelaria-fuster-associates-otwiera-swoje-pierwsze-biuro-w-walencji-i-czwarte-w-regionie\\\/\",\"url\":\"https:\\\/\\\/fuster-associates.com\\\/pl\\\/blog\\\/kancelaria-fuster-associates-otwiera-swoje-pierwsze-biuro-w-walencji-i-czwarte-w-regionie\\\/\",\"name\":\"Kancelaria Fuster & Associates otwiera swoje pierwsze biuro w Walencji i czwarte w regionie - Fuster &amp; Associates\",\"isPartOf\":{\"@id\":\"https:\\\/\\\/fuster-associates.com\\\/pl\\\/#website\"},\"primaryImageOfPage\":{\"@id\":\"https:\\\/\\\/fuster-associates.com\\\/pl\\\/blog\\\/kancelaria-fuster-associates-otwiera-swoje-pierwsze-biuro-w-walencji-i-czwarte-w-regionie\\\/#primaryimage\"},\"image\":{\"@id\":\"https:\\\/\\\/fuster-associates.com\\\/pl\\\/blog\\\/kancelaria-fuster-associates-otwiera-swoje-pierwsze-biuro-w-walencji-i-czwarte-w-regionie\\\/#primaryimage\"},\"thumbnailUrl\":\"https:\\\/\\\/fuster-associates.com\\\/wp-content\\\/uploads\\\/Oficina-Valencia.jpg\",\"datePublished\":\"2026-04-27T08:22:05+00:00\",\"breadcrumb\":{\"@id\":\"https:\\\/\\\/fuster-associates.com\\\/pl\\\/blog\\\/kancelaria-fuster-associates-otwiera-swoje-pierwsze-biuro-w-walencji-i-czwarte-w-regionie\\\/#breadcrumb\"},\"inLanguage\":\"pl-PL\",\"potentialAction\":[{\"@type\":\"ReadAction\",\"target\":[\"https:\\\/\\\/fuster-associates.com\\\/pl\\\/blog\\\/kancelaria-fuster-associates-otwiera-swoje-pierwsze-biuro-w-walencji-i-czwarte-w-regionie\\\/\"]}]},{\"@type\":\"ImageObject\",\"inLanguage\":\"pl-PL\",\"@id\":\"https:\\\/\\\/fuster-associates.com\\\/pl\\\/blog\\\/kancelaria-fuster-associates-otwiera-swoje-pierwsze-biuro-w-walencji-i-czwarte-w-regionie\\\/#primaryimage\",\"url\":\"https:\\\/\\\/fuster-associates.com\\\/wp-content\\\/uploads\\\/Oficina-Valencia.jpg\",\"contentUrl\":\"https:\\\/\\\/fuster-associates.com\\\/wp-content\\\/uploads\\\/Oficina-Valencia.jpg\",\"width\":1200,\"height\":800,\"caption\":\"Fachada en la calle Cirilo Amor\u00f3s de Val\u00e8ncia.\"},{\"@type\":\"BreadcrumbList\",\"@id\":\"https:\\\/\\\/fuster-associates.com\\\/pl\\\/blog\\\/kancelaria-fuster-associates-otwiera-swoje-pierwsze-biuro-w-walencji-i-czwarte-w-regionie\\\/#breadcrumb\",\"itemListElement\":[{\"@type\":\"ListItem\",\"position\":1,\"name\":\"Dom\",\"item\":\"https:\\\/\\\/fuster-associates.com\\\/pl\\\/\"},{\"@type\":\"ListItem\",\"position\":2,\"name\":\"Kancelaria Fuster &#038; Associates otwiera swoje pierwsze biuro w Walencji i czwarte w regionie\"}]},{\"@type\":\"WebSite\",\"@id\":\"https:\\\/\\\/fuster-associates.com\\\/pl\\\/#website\",\"url\":\"https:\\\/\\\/fuster-associates.com\\\/pl\\\/\",\"name\":\"Fuster & Associates\",\"description\":\"Property Solicitors\",\"publisher\":{\"@id\":\"https:\\\/\\\/fuster-associates.com\\\/pl\\\/#organization\"},\"potentialAction\":[{\"@type\":\"SearchAction\",\"target\":{\"@type\":\"EntryPoint\",\"urlTemplate\":\"https:\\\/\\\/fuster-associates.com\\\/pl\\\/?s={search_term_string}\"},\"query-input\":{\"@type\":\"PropertyValueSpecification\",\"valueRequired\":true,\"valueName\":\"search_term_string\"}}],\"inLanguage\":\"pl-PL\"},{\"@type\":\"Organization\",\"@id\":\"https:\\\/\\\/fuster-associates.com\\\/pl\\\/#organization\",\"name\":\"FUSTER & ASSOCIATES\",\"url\":\"https:\\\/\\\/fuster-associates.com\\\/pl\\\/\",\"logo\":{\"@type\":\"ImageObject\",\"inLanguage\":\"pl-PL\",\"@id\":\"https:\\\/\\\/fuster-associates.com\\\/pl\\\/#\\\/schema\\\/logo\\\/image\\\/\",\"url\":\"https:\\\/\\\/fuster-associates.com\\\/wp-content\\\/uploads\\\/2018\\\/08\\\/logo-fuster-1.jpeg\",\"contentUrl\":\"https:\\\/\\\/fuster-associates.com\\\/wp-content\\\/uploads\\\/2018\\\/08\\\/logo-fuster-1.jpeg\",\"width\":180,\"height\":113,\"caption\":\"FUSTER & ASSOCIATES\"},\"image\":{\"@id\":\"https:\\\/\\\/fuster-associates.com\\\/pl\\\/#\\\/schema\\\/logo\\\/image\\\/\"},\"sameAs\":[\"https:\\\/\\\/www.facebook.com\\\/fusterspain\\\/\",\"https:\\\/\\\/x.com\\\/FusterSpain\",\"https:\\\/\\\/www.youtube.com\\\/channel\\\/UC2-kNuL1SoqlFizI47hmIOQ\",\"https:\\\/\\\/www.linkedin.com\\\/company\\\/fuster-&-associates\\\/\"]},{\"@type\":\"Person\",\"@id\":\"https:\\\/\\\/fuster-associates.com\\\/pl\\\/#\\\/schema\\\/person\\\/272425e5a87006c908425c14ca37566b\",\"name\":\"Miguel\",\"image\":{\"@type\":\"ImageObject\",\"inLanguage\":\"pl-PL\",\"@id\":\"https:\\\/\\\/secure.gravatar.com\\\/avatar\\\/a11dac23828920784fa4764ecd64431ce7385ae8a33ed03528bcafd35c83ebbd?s=96&d=mm&r=g\",\"url\":\"https:\\\/\\\/secure.gravatar.com\\\/avatar\\\/a11dac23828920784fa4764ecd64431ce7385ae8a33ed03528bcafd35c83ebbd?s=96&d=mm&r=g\",\"contentUrl\":\"https:\\\/\\\/secure.gravatar.com\\\/avatar\\\/a11dac23828920784fa4764ecd64431ce7385ae8a33ed03528bcafd35c83ebbd?s=96&d=mm&r=g\",\"caption\":\"Miguel\"}}]}<\/script>\n<!-- \/ Yoast SEO plugin. -->","yoast_head_json":{"title":"Kancelaria Fuster & Associates otwiera swoje pierwsze biuro w Walencji i czwarte w regionie - Fuster &amp; Associates","robots":{"index":"index","follow":"follow","max-snippet":"max-snippet:-1","max-image-preview":"max-image-preview:large","max-video-preview":"max-video-preview:-1"},"canonical":"https:\/\/fuster-associates.com\/pl\/blog\/kancelaria-fuster-associates-otwiera-swoje-pierwsze-biuro-w-walencji-i-czwarte-w-regionie\/","og_locale":"pl_PL","og_type":"article","og_title":"Kancelaria Fuster & Associates otwiera swoje pierwsze biuro w Walencji i czwarte w regionie - Fuster &amp; Associates","og_description":"Kancelaria Fuster &amp; Associates otwiera swoje pierwsze biuro w Walencji i czwarte w regionie Sektor nieruchomo\u015bci w stolicy regionu Turia przechodzi bezprecedensowe przemiany. Umocnienie pozycji Walencji jako centrum inwestycji ameryka\u0144skich oraz rosn\u0105ce wymagania mi\u0119dzynarodowego rynku wymagaj\u0105 rozwi\u0105za\u0144 prawnych \u0142\u0105cz\u0105cych sprawno\u015b\u0107 dzia\u0142ania z bezkompromisowym zaanga\u017cowaniem etycznym. Wraz z otwarciem nowej siedziby przy Calle Cirilo Amor\u00f3s, Fuster [&hellip;]","og_url":"https:\/\/fuster-associates.com\/pl\/blog\/kancelaria-fuster-associates-otwiera-swoje-pierwsze-biuro-w-walencji-i-czwarte-w-regionie\/","og_site_name":"Fuster &amp; Associates","article_publisher":"https:\/\/www.facebook.com\/fusterspain\/","article_published_time":"2026-04-27T08:22:05+00:00","og_image":[{"width":1200,"height":800,"url":"https:\/\/fuster-associates.com\/wp-content\/uploads\/Oficina-Valencia.jpg","type":"image\/jpeg"}],"author":"Miguel","twitter_card":"summary_large_image","twitter_creator":"@FusterSpain","twitter_site":"@FusterSpain","twitter_misc":{"Napisane przez":"Miguel","Szacowany czas czytania":"6 minut"},"schema":{"@context":"https:\/\/schema.org","@graph":[{"@type":"Article","@id":"https:\/\/fuster-associates.com\/pl\/blog\/kancelaria-fuster-associates-otwiera-swoje-pierwsze-biuro-w-walencji-i-czwarte-w-regionie\/#article","isPartOf":{"@id":"https:\/\/fuster-associates.com\/pl\/blog\/kancelaria-fuster-associates-otwiera-swoje-pierwsze-biuro-w-walencji-i-czwarte-w-regionie\/"},"author":{"name":"Miguel","@id":"https:\/\/fuster-associates.com\/pl\/#\/schema\/person\/272425e5a87006c908425c14ca37566b"},"headline":"Kancelaria Fuster &#038; Associates otwiera swoje pierwsze biuro w Walencji i czwarte w regionie","datePublished":"2026-04-27T08:22:05+00:00","mainEntityOfPage":{"@id":"https:\/\/fuster-associates.com\/pl\/blog\/kancelaria-fuster-associates-otwiera-swoje-pierwsze-biuro-w-walencji-i-czwarte-w-regionie\/"},"wordCount":1308,"publisher":{"@id":"https:\/\/fuster-associates.com\/pl\/#organization"},"image":{"@id":"https:\/\/fuster-associates.com\/pl\/blog\/kancelaria-fuster-associates-otwiera-swoje-pierwsze-biuro-w-walencji-i-czwarte-w-regionie\/#primaryimage"},"thumbnailUrl":"https:\/\/fuster-associates.com\/wp-content\/uploads\/Oficina-Valencia.jpg","articleSection":["Fuster &amp; Associates"],"inLanguage":"pl-PL"},{"@type":"WebPage","@id":"https:\/\/fuster-associates.com\/pl\/blog\/kancelaria-fuster-associates-otwiera-swoje-pierwsze-biuro-w-walencji-i-czwarte-w-regionie\/","url":"https:\/\/fuster-associates.com\/pl\/blog\/kancelaria-fuster-associates-otwiera-swoje-pierwsze-biuro-w-walencji-i-czwarte-w-regionie\/","name":"Kancelaria Fuster & Associates otwiera swoje pierwsze biuro w Walencji i czwarte w regionie - Fuster &amp; Associates","isPartOf":{"@id":"https:\/\/fuster-associates.com\/pl\/#website"},"primaryImageOfPage":{"@id":"https:\/\/fuster-associates.com\/pl\/blog\/kancelaria-fuster-associates-otwiera-swoje-pierwsze-biuro-w-walencji-i-czwarte-w-regionie\/#primaryimage"},"image":{"@id":"https:\/\/fuster-associates.com\/pl\/blog\/kancelaria-fuster-associates-otwiera-swoje-pierwsze-biuro-w-walencji-i-czwarte-w-regionie\/#primaryimage"},"thumbnailUrl":"https:\/\/fuster-associates.com\/wp-content\/uploads\/Oficina-Valencia.jpg","datePublished":"2026-04-27T08:22:05+00:00","breadcrumb":{"@id":"https:\/\/fuster-associates.com\/pl\/blog\/kancelaria-fuster-associates-otwiera-swoje-pierwsze-biuro-w-walencji-i-czwarte-w-regionie\/#breadcrumb"},"inLanguage":"pl-PL","potentialAction":[{"@type":"ReadAction","target":["https:\/\/fuster-associates.com\/pl\/blog\/kancelaria-fuster-associates-otwiera-swoje-pierwsze-biuro-w-walencji-i-czwarte-w-regionie\/"]}]},{"@type":"ImageObject","inLanguage":"pl-PL","@id":"https:\/\/fuster-associates.com\/pl\/blog\/kancelaria-fuster-associates-otwiera-swoje-pierwsze-biuro-w-walencji-i-czwarte-w-regionie\/#primaryimage","url":"https:\/\/fuster-associates.com\/wp-content\/uploads\/Oficina-Valencia.jpg","contentUrl":"https:\/\/fuster-associates.com\/wp-content\/uploads\/Oficina-Valencia.jpg","width":1200,"height":800,"caption":"Fachada en la calle Cirilo Amor\u00f3s de Val\u00e8ncia."},{"@type":"BreadcrumbList","@id":"https:\/\/fuster-associates.com\/pl\/blog\/kancelaria-fuster-associates-otwiera-swoje-pierwsze-biuro-w-walencji-i-czwarte-w-regionie\/#breadcrumb","itemListElement":[{"@type":"ListItem","position":1,"name":"Dom","item":"https:\/\/fuster-associates.com\/pl\/"},{"@type":"ListItem","position":2,"name":"Kancelaria Fuster &#038; Associates otwiera swoje pierwsze biuro w Walencji i czwarte w regionie"}]},{"@type":"WebSite","@id":"https:\/\/fuster-associates.com\/pl\/#website","url":"https:\/\/fuster-associates.com\/pl\/","name":"Fuster & Associates","description":"Property Solicitors","publisher":{"@id":"https:\/\/fuster-associates.com\/pl\/#organization"},"potentialAction":[{"@type":"SearchAction","target":{"@type":"EntryPoint","urlTemplate":"https:\/\/fuster-associates.com\/pl\/?s={search_term_string}"},"query-input":{"@type":"PropertyValueSpecification","valueRequired":true,"valueName":"search_term_string"}}],"inLanguage":"pl-PL"},{"@type":"Organization","@id":"https:\/\/fuster-associates.com\/pl\/#organization","name":"FUSTER & ASSOCIATES","url":"https:\/\/fuster-associates.com\/pl\/","logo":{"@type":"ImageObject","inLanguage":"pl-PL","@id":"https:\/\/fuster-associates.com\/pl\/#\/schema\/logo\/image\/","url":"https:\/\/fuster-associates.com\/wp-content\/uploads\/2018\/08\/logo-fuster-1.jpeg","contentUrl":"https:\/\/fuster-associates.com\/wp-content\/uploads\/2018\/08\/logo-fuster-1.jpeg","width":180,"height":113,"caption":"FUSTER & ASSOCIATES"},"image":{"@id":"https:\/\/fuster-associates.com\/pl\/#\/schema\/logo\/image\/"},"sameAs":["https:\/\/www.facebook.com\/fusterspain\/","https:\/\/x.com\/FusterSpain","https:\/\/www.youtube.com\/channel\/UC2-kNuL1SoqlFizI47hmIOQ","https:\/\/www.linkedin.com\/company\/fuster-&-associates\/"]},{"@type":"Person","@id":"https:\/\/fuster-associates.com\/pl\/#\/schema\/person\/272425e5a87006c908425c14ca37566b","name":"Miguel","image":{"@type":"ImageObject","inLanguage":"pl-PL","@id":"https:\/\/secure.gravatar.com\/avatar\/a11dac23828920784fa4764ecd64431ce7385ae8a33ed03528bcafd35c83ebbd?s=96&d=mm&r=g","url":"https:\/\/secure.gravatar.com\/avatar\/a11dac23828920784fa4764ecd64431ce7385ae8a33ed03528bcafd35c83ebbd?s=96&d=mm&r=g","contentUrl":"https:\/\/secure.gravatar.com\/avatar\/a11dac23828920784fa4764ecd64431ce7385ae8a33ed03528bcafd35c83ebbd?s=96&d=mm&r=g","caption":"Miguel"}}]}},"_links":{"self":[{"href":"https:\/\/fuster-associates.com\/pl\/wp-json\/wp\/v2\/posts\/38079","targetHints":{"allow":["GET"]}}],"collection":[{"href":"https:\/\/fuster-associates.com\/pl\/wp-json\/wp\/v2\/posts"}],"about":[{"href":"https:\/\/fuster-associates.com\/pl\/wp-json\/wp\/v2\/types\/post"}],"author":[{"embeddable":true,"href":"https:\/\/fuster-associates.com\/pl\/wp-json\/wp\/v2\/users\/7"}],"replies":[{"embeddable":true,"href":"https:\/\/fuster-associates.com\/pl\/wp-json\/wp\/v2\/comments?post=38079"}],"version-history":[{"count":1,"href":"https:\/\/fuster-associates.com\/pl\/wp-json\/wp\/v2\/posts\/38079\/revisions"}],"predecessor-version":[{"id":38080,"href":"https:\/\/fuster-associates.com\/pl\/wp-json\/wp\/v2\/posts\/38079\/revisions\/38080"}],"wp:featuredmedia":[{"embeddable":true,"href":"https:\/\/fuster-associates.com\/pl\/wp-json\/wp\/v2\/media\/38078"}],"wp:attachment":[{"href":"https:\/\/fuster-associates.com\/pl\/wp-json\/wp\/v2\/media?parent=38079"}],"wp:term":[{"taxonomy":"category","embeddable":true,"href":"https:\/\/fuster-associates.com\/pl\/wp-json\/wp\/v2\/categories?post=38079"},{"taxonomy":"post_tag","embeddable":true,"href":"https:\/\/fuster-associates.com\/pl\/wp-json\/wp\/v2\/tags?post=38079"}],"curies":[{"name":"wp","href":"https:\/\/api.w.org\/{rel}","templated":true}]}}