{"id":41078,"date":"2026-09-03T09:04:50","date_gmt":"2026-09-03T07:04:50","guid":{"rendered":"https:\/\/fuster-associates.com\/?p=41078"},"modified":"2026-09-03T09:04:50","modified_gmt":"2026-09-03T07:04:50","slug":"retour-des-acheteurs-etrangers-ce-que-revelent-reellement-les-donnees-immobilieres-espagnoles-du-deuxieme-trimestre-2026","status":"publish","type":"post","link":"https:\/\/fuster-associates.com\/fr\/blog\/retour-des-acheteurs-etrangers-ce-que-revelent-reellement-les-donnees-immobilieres-espagnoles-du-deuxieme-trimestre-2026\/","title":{"rendered":"Retour des acheteurs \u00e9trangers: ce que r\u00e9v\u00e8lent r\u00e9ellement les donn\u00e9es immobili\u00e8res espagnoles du deuxi\u00e8me trimestre 2026"},"content":{"rendered":"<p>Le deuxi\u00e8me trimestre 2026 marque un tournant int\u00e9ressant sur le march\u00e9 immobilier r\u00e9sidentiel espagnol.<\/p>\n<p>Alors que le nombre total de transactions immobili\u00e8res a recul\u00e9, la demande \u00e9trang\u00e8re a suivi une tendance inverse. Les acheteurs internationaux ont vu leur part de march\u00e9 et le nombre absolu de leurs achats augmenter, atteignant ainsi le niveau le plus \u00e9lev\u00e9 jamais enregistr\u00e9 dans la s\u00e9rie historique.<\/p>\n<p>Dans le m\u00eame temps, les prix de l&rsquo;immobilier ont continu\u00e9 \u00e0 augmenter, le prix moyen des biens r\u00e9sidentiels atteignant un nouveau record historique de <strong>2 487 \u20ac par m\u00e8tre carr\u00e9<\/strong>.<\/p>\n<p>Les derniers chiffres du <strong>Colegio de Registradores<\/strong> indiquent donc un march\u00e9 qui devient plus cher, plus s\u00e9lectif et de plus en plus influenc\u00e9 par la demande internationale.<\/p>\n<div style=\"height: 20px;\"><\/div>\n<h3><strong>Un march\u00e9 en ralentissement, mais des prix immobiliers records<\/strong><\/h3>\n<p>L\u2019Espagne a enregistr\u00e9 <strong>167 934 transactions immobili\u00e8res r\u00e9sidentielles au deuxi\u00e8me trimestre 2026<\/strong>, ce qui repr\u00e9sente une baisse de 5,7 % par rapport au trimestre pr\u00e9c\u00e9dent et un recul de 2,3 % par rapport au deuxi\u00e8me trimestre 2025.<\/p>\n<p><strong>Il s\u2019agit de la deuxi\u00e8me baisse trimestrielle cons\u00e9cutive et du nombre de transactions le plus faible enregistr\u00e9 au cours des sept derniers trimestres.<\/strong><\/p>\n<p><strong>La baisse a \u00e9t\u00e9 plus marqu\u00e9e dans le secteur des logements neufs, o\u00f9 les transactions ont chut\u00e9 de 11,5 %, contre une baisse de 4 % pour les logements anciens.<\/strong><\/p>\n<p>Toutefois, la situation \u00e0 plus long terme reste relativement solide. Au cours des douze derniers mois, l\u2019Espagne a enregistr\u00e9 <strong>698 684 transactions immobili\u00e8res r\u00e9sidentielles<\/strong>, soit 1 % de plus que durant la p\u00e9riode de douze mois pr\u00e9c\u00e9dente.<\/p>\n<div style=\"height: 10px;\"><\/div>\n<h4><strong>Les prix de l\u2019immobilier continuent de grimper<\/strong><\/h4>\n<p>Malgr\u00e9 la baisse du volume des transactions, les prix ont poursuivi leur tendance \u00e0 la hausse.<\/p>\n<p>Le prix moyen de l&rsquo;immobilier r\u00e9sidentiel a atteint <strong>2 487 \u20ac\/m\u00b2<\/strong>, un nouveau record historique et une <strong>hausse trimestrielle de 2,4 %<\/strong>. Sur une base annuelle, les prix ont augment\u00e9 de <strong>9,2 %<\/strong>.<\/p>\n<p>La diff\u00e9rence entre les types de biens est particuli\u00e8rement marqu\u00e9e :<\/p>\n<ul>\n<li><strong>Biens d&rsquo;occasion :<\/strong> 2 448 \u20ac\/m\u00b2, en hausse de 3,5 % sur le trimestre<\/li>\n<li><strong>Biens neufs :<\/strong> 2 636 \u20ac\/m\u00b2, en baisse de 0,7 % par rapport au trimestre pr\u00e9c\u00e9dent<\/li>\n<\/ul>\n<p>La combinaison d\u2019une baisse des volumes de transactions et d\u2019une hausse continue des prix sugg\u00e8re que le march\u00e9 conna\u00eet un ralentissement en termes d\u2019activit\u00e9, mais pas en termes de pression sur les prix.<\/p>\n<p>&nbsp;<\/p>\n<div style=\"margin: 30px 0; font-family: \u201cPlus Jakarta Sans\u201d, \u201cSegoe UI\u201d, Arial, sans-serif;\">\n<div style=\"background: #1f4e79; color: #ffffff; padding: 18px 22px; border-radius: 10px 10px 0 0;\">\n<div style=\"font-size: 20px; font-weight: bold; line-height: 1.3;\">Prix moyen de l\u2019immobilier r\u00e9sidentiel en Espagne \u2014 2e trimestre 2026<\/div>\n<div style=\"font-size: 13px; margin-top: 5px; opacity: 0.9;\">Prix moyen au m\u00e8tre carr\u00e9 par type de bien immobilier<\/div>\n<\/div>\n<div style=\"overflow-x: auto; border: 1px solid #d9e2ec; border-top: none; border-radius: 0 0 10px 10px;\">\n<table style=\"width: 100%; border-collapse: collapse; background: #ffffff; font-size: 15px;\">\n<thead>\n<tr style=\"background: #f2f6fa; color: #1f4e79;\">\n<th style=\"padding: 14px 18px; text-align: left; font-weight: bold; border-bottom: 1px solid #d9e2ec;\">Type de bien<\/th>\n<th style=\"padding: 14px 18px; text-align: center; font-weight: bold; border-bottom: 1px solid #d9e2ec;\">Prix moyen<\/th>\n<th style=\"padding: 14px 18px; text-align: center; font-weight: bold; border-bottom: 1px solid #d9e2ec;\">Point cl\u00e9<\/th>\n<\/tr>\n<\/thead>\n<tbody>\n<tr>\n<td style=\"padding: 16px 18px; border-bottom: 1px solid #e8edf2; font-weight: 600; color: #333333;\">Bien immobilier r\u00e9sidentiel moyen<\/td>\n<td style=\"padding: 16px 18px; text-align: center; border-bottom: 1px solid #e8edf2; font-size: 21px; font-weight: bold; color: #4f79a3;\">2 487 \u20ac\/m\u00b2<\/td>\n<td style=\"padding: 16px 18px; text-align: center; border-bottom: 1px solid #e8edf2; color: #666666;\">Nouveau record historique<\/td>\n<\/tr>\n<tr>\n<td style=\"padding: 16px 18px; border-bottom: 1px solid #e8edf2; font-weight: 600; color: #333333;\">Bien immobilier d&rsquo;occasion<\/td>\n<td style=\"padding: 16px 18px; text-align: center; border-bottom: 1px solid #e8edf2; font-size: 21px; font-weight: bold; color: #35658f;\">2 448 \u20ac\/m\u00b2<\/td>\n<td style=\"padding: 16px 18px; text-align: center; border-bottom: 1px solid #e8edf2; color: #666666;\">+3,5 % par trimestre<\/td>\n<\/tr>\n<tr style=\"background: #f4f8fc;\">\n<td style=\"padding: 18px; font-weight: bold; color: #1f4e79;\">Bien immobilier neuf<\/td>\n<td style=\"padding: 18px; text-align: center; font-size: 26px; font-weight: 800; color: #1f4e79;\">2 636 \u20ac\/m\u00b2<\/td>\n<td style=\"padding: 18px; text-align: center;\"><span style=\"display: inline-block; padding: 7px 12px; border-radius: 20px; background: #1f4e79; color: #ffffff; font-size: 12px; font-weight: bold;\">PRIX LE PLUS \u00c9LEV\u00c9<br \/>\n<\/span><\/td>\n<\/tr>\n<\/tbody>\n<\/table>\n<\/div>\n<div style=\"margin-top: 14px; padding: 14px 18px; background: #f7f9fb; border-left: 4px solid #2f5e94; color: #4a4a4a; font-size: 14px; line-height: 1.6;\"><strong style=\"color: #1f4e79;\">Point cl\u00e9 :<\/strong><br \/>\nLe prix moyen de l\u2019immobilier r\u00e9sidentiel en Espagne a atteint 2 487 \u20ac\/m\u00b2 au deuxi\u00e8me trimestre 2026, un nouveau record historique. Les prix de l\u2019immobilier d\u2019occasion ont augment\u00e9 de 3,5 % par rapport au trimestre pr\u00e9c\u00e9dent, tandis que ceux des logements neufs se sont \u00e9tablis \u00e0 2 636 \u20ac\/m\u00b2.<\/div>\n<div style=\"margin-top: 10px; font-size: 11px; color: #777777;\">Source : Colegio de Registradores \u2014 Statistiques du march\u00e9 immobilier r\u00e9sidentiel, 2e trimestre 2026.<\/div>\n<\/div>\n<div style=\"height: 20px;\"><\/div>\n<h3><strong>Les acheteurs \u00e9trangers atteignent un nouveau record<\/strong><\/h3>\n<p>L\u2019\u00e9volution la plus significative sur le march\u00e9 immobilier international est la hausse de la demande \u00e9trang\u00e8re.<\/p>\n<p>Les acheteurs \u00e9trangers ont repr\u00e9sent\u00e9 <strong>15,98 % de l\u2019ensemble des achats r\u00e9sidentiels en Espagne au cours du 2e trimestre 2026<\/strong>, soit le pourcentage le plus \u00e9lev\u00e9 jamais enregistr\u00e9 dans la s\u00e9rie historique.<\/p>\n<p>En chiffres absolus, les acheteurs \u00e9trangers ont r\u00e9alis\u00e9 <strong>plus de 26 800 achats r\u00e9sidentiels<\/strong> au cours de ce trimestre.<\/p>\n<p>Ce ph\u00e9nom\u00e8ne est d\u2019autant plus significatif que la demande \u00e9trang\u00e8re a augment\u00e9 alors que le nombre total de transactions r\u00e9sidentielles a diminu\u00e9.<\/p>\n<p>Les acheteurs internationaux repr\u00e9sentent donc une part de plus en plus importante d\u2019un march\u00e9 global en recul.<\/p>\n<div style=\"height: 20px;\"><\/div>\n<div style=\"margin: 30px 0; font-family: \u201cPlus Jakarta Sans\u201d, \u201cSegoe UI\u201d, Arial, sans-serif;\">\n<div style=\"background: #1f4e79; color: #ffffff; padding: 18px 22px; border-radius: 10px 10px 0 0;\">\n<div style=\"font-size: 20px; font-weight: bold; line-height: 1.3;\">Part des acheteurs \u00e9trangers sur le march\u00e9 immobilier r\u00e9sidentiel espagnol<\/div>\n<div style=\"font-size: 13px; margin-top: 5px; opacity: 0.9;\">\u00c9volution du 2e trimestre 2025 au 2e trimestre 2026<\/div>\n<\/div>\n<div style=\"overflow-x: auto; border: 1px solid #d9e2ec; border-top: none; border-radius: 0 0 10px 10px;\">\n<table style=\"width: 100%; border-collapse: collapse; background: #ffffff; font-size: 15px;\">\n<thead>\n<tr style=\"background: #f2f6fa; color: #1f4e79;\">\n<th style=\"padding: 14px 18px; text-align: left; font-weight: bold; border-bottom: 1px solid #d9e2ec;\">P\u00e9riode<\/th>\n<th style=\"padding: 14px 18px; text-align: center; font-weight: bold; border-bottom: 1px solid #d9e2ec;\">Part des acheteurs \u00e9trangers<\/th>\n<th style=\"padding: 14px 18px; text-align: center; font-weight: bold; border-bottom: 1px solid #d9e2ec;\">Point cl\u00e9<\/th>\n<\/tr>\n<\/thead>\n<tbody>\n<tr>\n<td style=\"padding: 16px 18px; border-bottom: 1px solid #e8edf2; font-weight: 600; color: #333333;\">2e trimestre 2025<\/td>\n<td style=\"padding: 16px 18px; text-align: center; border-bottom: 1px solid #e8edf2; font-size: 21px; font-weight: bold; color: #4f79a3;\">14,10 %<\/td>\n<td style=\"padding: 16px 18px; text-align: center; border-bottom: 1px solid #e8edf2; color: #666666;\">R\u00e9f\u00e9rence pr\u00e9c\u00e9dente<\/td>\n<\/tr>\n<tr>\n<td style=\"padding: 16px 18px; border-bottom: 1px solid #e8edf2; font-weight: 600; color: #333333;\">1er trimestre 2026<\/td>\n<td style=\"padding: 16px 18px; text-align: center; border-bottom: 1px solid #e8edf2; font-size: 21px; font-weight: bold; color: #35658f;\">13,92 %<\/td>\n<td style=\"padding: 16px 18px; text-align: center; border-bottom: 1px solid #e8edf2; color: #666666;\">Plus bas trimestriel<\/td>\n<\/tr>\n<tr style=\"background: #f4f8fc;\">\n<td style=\"padding: 18px; font-weight: bold; color: #1f4e79;\">2e trimestre 2026<\/td>\n<td style=\"padding: 18px; text-align: center; font-size: 26px; font-weight: 800; color: #1f4e79;\">15,98 %<\/td>\n<td style=\"padding: 18px; text-align: center;\"><span style=\"display: inline-block; padding: 7px 12px; border-radius: 20px; background: #1f4e79; color: #ffffff; font-size: 12px; font-weight: bold;\">PLAFOND HISTORIQUE<br \/>\n<\/span><\/td>\n<\/tr>\n<\/tbody>\n<\/table>\n<\/div>\n<div style=\"margin-top: 14px; padding: 14px 18px; background: #f7f9fb; border-left: 4px solid #2f5e94; color: #4a4a4a; font-size: 14px; line-height: 1.6;\"><strong style=\"color: #1f4e79;\">Point cl\u00e9 :<\/strong><br \/>\nLes acheteurs \u00e9trangers ont repr\u00e9sent\u00e9 15,98 % des achats de logements en Espagne au deuxi\u00e8me trimestre 2026, soit le pourcentage le plus \u00e9lev\u00e9 jamais enregistr\u00e9 dans la s\u00e9rie historique. Cette part a augment\u00e9 par rapport aux 13,92 % enregistr\u00e9s au premier trimestre 2026.<\/div>\n<div style=\"margin-top: 10px; font-size: 11px; color: #777777;\">Source : Colegio de Registradores \u2014 Statistiques du march\u00e9 immobilier r\u00e9sidentiel, deuxi\u00e8me trimestre 2026.<\/div>\n<\/div>\n<div style=\"height: 20px;\"><\/div>\n<h3><strong>Qui ach\u00e8te des biens immobiliers en Espagne ?<\/strong><\/h3>\n<p>Les nationalit\u00e9s europ\u00e9ennes continuent de dominer le march\u00e9 des acheteurs \u00e9trangers, bien que le classement reste tr\u00e8s diversifi\u00e9.<\/p>\n<p>Les acheteurs britanniques restent le groupe le plus important, suivis de pr\u00e8s par les acheteurs n\u00e9erlandais. Les acheteurs allemands, marocains et roumains repr\u00e9sentent \u00e9galement une part significative des achats \u00e9trangers.<\/p>\n<p>Les nationalit\u00e9s les plus repr\u00e9sent\u00e9es au deuxi\u00e8me trimestre 2026 \u00e9taient les suivantes :<\/p>\n<div style=\"height: 20px;\"><\/div>\n<div class=\"visualizer-front-container\" id=\"chart_wrapper_visualizer-41056-147557032\"><style type=\"text\/css\" name=\"visualizer-custom-css\" id=\"customcss-visualizer-41056\">.locker,.locker-loader{position:absolute;top:0;left:0;width:100%;height:100%}.locker{z-index:1000;opacity:.8;background-color:#fff;-ms-filter:\"progid:DXImageTransform.Microsoft.Alpha(Opacity=80)\";filter:alpha(opacity=80)}.locker-loader{z-index:1001;background:url(https:\/\/fuster-associates.com\/wp-content\/plugins\/visualizer\/images\/ajax-loader.gif) no-repeat center center}.dt-button{display:none!important}.visualizer-front-container.visualizer-lazy-render{content-visibility: auto;}.google-visualization-controls-categoryfilter label.google-visualization-controls-label {vertical-align: middle;}.google-visualization-controls-categoryfilter li.goog-inline-block {margin: 0 0.2em;}.google-visualization-controls-categoryfilter li {padding: 0 0.2em;}.visualizer-front-container .dataTables_scrollHeadInner{margin: 0 auto;}<\/style><div id=\"visualizer-41056-147557032\" class=\"visualizer-front  visualizer-front-41056\"><\/div><!-- Not showing structured data for chart 41056 because title is empty --><\/div>\n<div style=\"height: 20px;\"><\/div>\n<p class=\"isSelectedEnd\">Les acheteurs britanniques occupent toujours la premi\u00e8re place, mais l\u2019\u00e9cart avec les acheteurs n\u00e9erlandais est d\u00e9sormais extr\u00eamement faible.<\/p>\n<p>La diversit\u00e9 de ce classement met \u00e9galement en \u00e9vidence une caract\u00e9ristique importante du march\u00e9 immobilier international espagnol : <strong>la demande ne d\u00e9pend pas d\u2019une seule nationalit\u00e9, mais provient d\u2019un large \u00e9ventail d\u2019acheteurs europ\u00e9ens et internationaux.<\/strong><\/p>\n<div style=\"height: 20px;\"><\/div>\n<h3><strong>D\u2019o\u00f9 viennent les acheteurs \u00e9trangers ?<\/strong><\/h3>\n<p>L\u2019Union europ\u00e9enne reste de loin la principale source de la demande immobili\u00e8re internationale.<\/p>\n<p>Les acheteurs issus des pays de l\u2019UE ont repr\u00e9sent\u00e9 <strong>57,39 % des achats \u00e9trangers<\/strong>, tandis que les autres pays europ\u00e9ens ont repr\u00e9sent\u00e9 <strong>16,75 %<\/strong> suppl\u00e9mentaires.<\/p>\n<p>Le reste de la demande s\u2019est r\u00e9parti entre l\u2019Afrique, l\u2019Asie et les Am\u00e9riques.<\/p>\n<div style=\"height: 20px;\"><\/div>\n<div class=\"visualizer-front-container\" id=\"chart_wrapper_visualizer-41058-1875128275\"><style type=\"text\/css\" name=\"visualizer-custom-css\" id=\"customcss-visualizer-41058\">.locker,.locker-loader{position:absolute;top:0;left:0;width:100%;height:100%}.locker{z-index:1000;opacity:.8;background-color:#fff;-ms-filter:\"progid:DXImageTransform.Microsoft.Alpha(Opacity=80)\";filter:alpha(opacity=80)}.locker-loader{z-index:1001;background:url(https:\/\/fuster-associates.com\/wp-content\/plugins\/visualizer\/images\/ajax-loader.gif) no-repeat center center}.dt-button{display:none!important}.visualizer-front-container.visualizer-lazy-render{content-visibility: auto;}.google-visualization-controls-categoryfilter label.google-visualization-controls-label {vertical-align: middle;}.google-visualization-controls-categoryfilter li.goog-inline-block {margin: 0 0.2em;}.google-visualization-controls-categoryfilter li {padding: 0 0.2em;}.visualizer-front-container .dataTables_scrollHeadInner{margin: 0 auto;}<\/style><div id=\"visualizer-41058-1875128275\" class=\"visualizer-front  visualizer-front-41058\"><\/div><!-- Not showing structured data for chart 41058 because title is empty --><\/div>\n<div style=\"height: 20px;\"><\/div>\n<p class=\"isSelectedEnd\">Ces chiffres montrent que l\u2019Europe continue d\u2019\u00eatre le march\u00e9 principal pour les achats immobiliers \u00e9trangers en Espagne. Cependant, la pr\u00e9sence d\u2019acheteurs d\u2019Am\u00e9rique du Nord et du Sud, d\u2019Asie et d\u2019autres r\u00e9gions renforce le caract\u00e8re de plus en plus mondial du march\u00e9 immobilier r\u00e9sidentiel espagnol.<\/p>\n<p>Le pouvoir d\u2019achat de ces groupes varie \u00e9galement de mani\u00e8re significative. Les acheteurs d\u2019<strong>Am\u00e9rique du Nord<\/strong> ont enregistr\u00e9 le prix d\u2019achat moyen le plus \u00e9lev\u00e9, \u00e0 <strong>4 311 \u20ac\/m\u00b2<\/strong>, suivis par ceux d\u2019<strong>Oc\u00e9anie \u00e0 3 240 \u20ac\/m\u00b2<\/strong> et par les <strong>acheteurs de l\u2019UE \u00e0 3 149 \u20ac\/m\u00b2<\/strong>.<\/p>\n<div style=\"height: 20px;\"><\/div>\n<div class=\"visualizer-front-container\" id=\"chart_wrapper_visualizer-41063-1753873172\"><style type=\"text\/css\" name=\"visualizer-custom-css\" id=\"customcss-visualizer-41063\">.locker,.locker-loader{position:absolute;top:0;left:0;width:100%;height:100%}.locker{z-index:1000;opacity:.8;background-color:#fff;-ms-filter:\"progid:DXImageTransform.Microsoft.Alpha(Opacity=80)\";filter:alpha(opacity=80)}.locker-loader{z-index:1001;background:url(https:\/\/fuster-associates.com\/wp-content\/plugins\/visualizer\/images\/ajax-loader.gif) no-repeat center center}.dt-button{display:none!important}.visualizer-front-container.visualizer-lazy-render{content-visibility: auto;}.google-visualization-controls-categoryfilter label.google-visualization-controls-label {vertical-align: middle;}.google-visualization-controls-categoryfilter li.goog-inline-block {margin: 0 0.2em;}.google-visualization-controls-categoryfilter li {padding: 0 0.2em;}.visualizer-front-container .dataTables_scrollHeadInner{margin: 0 auto;}<\/style><div id=\"visualizer-41063-1753873172\" class=\"visualizer-front  visualizer-front-41063\"><\/div><!-- Not showing structured data for chart 41063 because title is empty --><\/div>\n<div style=\"height: 20px;\"><\/div>\n<p>Cette diff\u00e9rence est importante car elle montre que la demande \u00e9trang\u00e8re est loin d\u2019\u00eatre homog\u00e8ne. Les diff\u00e9rents groupes d\u2019acheteurs internationaux acc\u00e8dent \u00e0 des segments tr\u00e8s diff\u00e9rents du march\u00e9 immobilier espagnol.<\/p>\n<div style=\"height: 20px;\"><\/div>\n<h3><strong>La M\u00e9diterran\u00e9e reste le centre de la demande internationale<\/strong><\/h3>\n<p>La demande \u00e9trang\u00e8re continue d\u2019\u00eatre fortement concentr\u00e9e dans les r\u00e9gions m\u00e9diterran\u00e9ennes et insulaires de l\u2019Espagne.<\/p>\n<p>Les parts les plus \u00e9lev\u00e9es d\u2019achats \u00e9trangers au niveau r\u00e9gional ont \u00e9t\u00e9 enregistr\u00e9es dans :<\/p>\n<ul>\n<li><strong>\u00celes Bal\u00e9ares : 32,27 %<\/strong><\/li>\n<li><strong>Communaut\u00e9 valencienne : 31,03 %<\/strong><\/li>\n<li><strong>\u00celes Canaries : 29,33 %<\/strong><\/li>\n<li><strong>R\u00e9gion de Murcie : 23,71 %<\/strong><\/li>\n<li><strong>Catalogne : 17,63 %<\/strong><\/li>\n<li><strong>Andalousie : 15,95 %<\/strong><\/li>\n<\/ul>\n<p>Au niveau provincial, cette concentration est encore plus frappante.<\/p>\n<p><strong>Alicante arrive en t\u00eate du pays, avec 46,43 % des achats r\u00e9sidentiels r\u00e9alis\u00e9s par des acqu\u00e9reurs \u00e9trangers<\/strong>, suivie de M\u00e1laga avec 37,01 %.<\/p>\n<div style=\"height: 20px;\"><\/div>\n<div class=\"visualizer-front-container\" id=\"chart_wrapper_visualizer-41060-484576581\"><style type=\"text\/css\" name=\"visualizer-custom-css\" id=\"customcss-visualizer-41060\">.locker,.locker-loader{position:absolute;top:0;left:0;width:100%;height:100%}.locker{z-index:1000;opacity:.8;background-color:#fff;-ms-filter:\"progid:DXImageTransform.Microsoft.Alpha(Opacity=80)\";filter:alpha(opacity=80)}.locker-loader{z-index:1001;background:url(https:\/\/fuster-associates.com\/wp-content\/plugins\/visualizer\/images\/ajax-loader.gif) no-repeat center center}.dt-button{display:none!important}.visualizer-front-container.visualizer-lazy-render{content-visibility: auto;}.google-visualization-controls-categoryfilter label.google-visualization-controls-label {vertical-align: middle;}.google-visualization-controls-categoryfilter li.goog-inline-block {margin: 0 0.2em;}.google-visualization-controls-categoryfilter li {padding: 0 0.2em;}.visualizer-front-container .dataTables_scrollHeadInner{margin: 0 auto;}<\/style><div id=\"visualizer-41060-484576581\" class=\"visualizer-front  visualizer-front-41060\"><\/div><!-- Not showing structured data for chart 41060 because title is empty --><\/div>\n<div style=\"height: 20px;\"><\/div>\n<p class=\"isSelectedEnd\">Ces chiffres confirment que la demande internationale reste particuli\u00e8rement forte sur les march\u00e9s m\u00e9diterran\u00e9ens et insulaires espagnols.<\/p>\n<p class=\"isSelectedEnd\">\u00c0 Alicante, les acheteurs \u00e9trangers repr\u00e9sentent pr\u00e8s de <strong>la moiti\u00e9 de l\u2019ensemble des achats r\u00e9sidentiels<\/strong>, faisant de la demande internationale une caract\u00e9ristique d\u00e9terminante du march\u00e9 immobilier local.<\/p>\n<p class=\"isSelectedEnd\">Murcie continue \u00e9galement de se d\u00e9marquer, les acheteurs \u00e9trangers repr\u00e9sentant <strong>23,71 % des achats r\u00e9sidentiels<\/strong>.<\/p>\n<p>Ces chiffres sont particuli\u00e8rement pertinents pour les acheteurs internationaux qui comparent diff\u00e9rentes r\u00e9gions d\u2019Espagne, car ils montrent \u00e0 quel point la composition du march\u00e9 peut varier d\u2019une r\u00e9gion \u00e0 l\u2019autre.<\/p>\n<div style=\"height: 20px;\"><\/div>\n<h3><strong>Ce que les donn\u00e9es du deuxi\u00e8me trimestre signifient pour les acheteurs internationaux<\/strong><\/h3>\n<p>Les chiffres du deuxi\u00e8me trimestre indiquent que le march\u00e9 immobilier espagnol devient \u00e0 la fois <strong>plus cher et plus international<\/strong>.<\/p>\n<p>Les acheteurs \u00e9trangers repr\u00e9sentent d\u00e9sormais pr\u00e8s de 16 % des achats r\u00e9sidentiels, tandis que les prix moyens de l\u2019immobilier ont atteint un nouveau record.<\/p>\n<p>Pour les acheteurs internationaux, cela rend une pr\u00e9paration minutieuse de plus en plus importante. L\u2019emplacement, la fiscalit\u00e9, la v\u00e9rification juridique pr\u00e9alable et l\u2019usage pr\u00e9vu du bien doivent tous \u00eatre pris en compte avant de s\u2019engager dans un achat.<\/p>\n<p><strong>Le march\u00e9 immobilier espagnol ne peut \u00eatre consid\u00e9r\u00e9 comme un march\u00e9 unique et homog\u00e8ne. Les prix, la demande \u00e9trang\u00e8re et les conditions r\u00e9glementaires varient consid\u00e9rablement d\u2019une r\u00e9gion \u00e0 l\u2019autre, voire d\u2019un lieu \u00e0 l\u2019autre.<\/strong><\/p>\n<div style=\"height: 20px;\"><\/div>\n<h3><strong>Un march\u00e9 immobilier espagnol plus international<\/strong><\/h3>\n<p>Le deuxi\u00e8me trimestre 2026 confirme que l\u2019Espagne reste fermement dans le viseur des acheteurs immobiliers internationaux.<\/p>\n<p>La demande \u00e9trang\u00e8re a atteint un niveau historique, tandis que les march\u00e9s m\u00e9diterran\u00e9ens et insulaires continuent d\u2019attirer une concentration particuli\u00e8rement forte d\u2019acheteurs internationaux. Dans le m\u00eame temps, les prix immobiliers record rendent la prise de d\u00e9cision \u00e9clair\u00e9e plus importante que jamais.<\/p>\n<p>Chez <strong>Fuster &amp; Associates<\/strong>, nous accompagnons nos clients internationaux dans les aspects juridiques, fiscaux et li\u00e9s \u00e0 l\u2019immigration li\u00e9s \u00e0 l\u2019achat et \u00e0 la possession d\u2019un bien immobilier en Espagne, en les aidant \u00e0 comprendre les implications de leur investissement d\u00e8s le d\u00e9but du processus.<\/p>\n<p><strong>Vous envisagez d&rsquo;acheter un bien immobilier en Espagne ?<\/strong><\/p>\n<p><a href=\"https:\/\/fuster-associates.com\/fr\/contact\/\">Contactez Fuster &amp; Associates<\/a> pour b\u00e9n\u00e9ficier de conseils juridiques et fiscaux personnalis\u00e9s.<\/p>\n","protected":false},"excerpt":{"rendered":"<p>Le deuxi\u00e8me trimestre 2026 marque un tournant int\u00e9ressant sur le march\u00e9 immobilier r\u00e9sidentiel espagnol. Alors que le nombre total de transactions immobili\u00e8res a recul\u00e9, la demande \u00e9trang\u00e8re a suivi une tendance inverse. Les acheteurs internationaux ont vu leur part de march\u00e9 et le nombre absolu de leurs achats augmenter, atteignant ainsi le niveau le plus [&hellip;]<\/p>\n","protected":false},"author":7,"featured_media":41077,"comment_status":"closed","ping_status":"closed","sticky":false,"template":"","format":"standard","meta":{"content-type":"","_sitemap_exclude":false,"_sitemap_priority":"","_sitemap_frequency":"","footnotes":""},"categories":[17],"tags":[],"class_list":["post-41078","post","type-post","status-publish","format-standard","has-post-thumbnail","hentry","category-non-classifiee"],"yoast_head":"<!-- This site is optimized with the Yoast SEO plugin v28.4 - https:\/\/yoast.com\/product\/yoast-seo-wordpress\/ -->\n<title>Retour des acheteurs \u00e9trangers: ce que r\u00e9v\u00e8lent r\u00e9ellement les donn\u00e9es immobili\u00e8res espagnoles du deuxi\u00e8me trimestre 2026 - Fuster &amp; Associates<\/title>\n<meta name=\"robots\" content=\"index, follow, max-snippet:-1, max-image-preview:large, max-video-preview:-1\" \/>\n<link rel=\"canonical\" href=\"https:\/\/fuster-associates.com\/fr\/blog\/retour-des-acheteurs-etrangers-ce-que-revelent-reellement-les-donnees-immobilieres-espagnoles-du-deuxieme-trimestre-2026\/\" \/>\n<meta property=\"og:locale\" content=\"fr_FR\" \/>\n<meta property=\"og:type\" content=\"article\" \/>\n<meta property=\"og:title\" content=\"Retour des acheteurs \u00e9trangers: ce que r\u00e9v\u00e8lent r\u00e9ellement les donn\u00e9es immobili\u00e8res espagnoles du deuxi\u00e8me trimestre 2026 - Fuster &amp; Associates\" \/>\n<meta property=\"og:description\" content=\"Le deuxi\u00e8me trimestre 2026 marque un tournant int\u00e9ressant sur le march\u00e9 immobilier r\u00e9sidentiel espagnol. Alors que le nombre total de transactions immobili\u00e8res a recul\u00e9, la demande \u00e9trang\u00e8re a suivi une tendance inverse. Les acheteurs internationaux ont vu leur part de march\u00e9 et le nombre absolu de leurs achats augmenter, atteignant ainsi le niveau le plus [&hellip;]\" \/>\n<meta property=\"og:url\" content=\"https:\/\/fuster-associates.com\/fr\/blog\/retour-des-acheteurs-etrangers-ce-que-revelent-reellement-les-donnees-immobilieres-espagnoles-du-deuxieme-trimestre-2026\/\" \/>\n<meta property=\"og:site_name\" content=\"Fuster &amp; Associates\" \/>\n<meta property=\"article:publisher\" content=\"https:\/\/www.facebook.com\/fusterspain\/\" \/>\n<meta property=\"article:published_time\" content=\"2026-09-03T07:04:50+00:00\" \/>\n<meta property=\"og:image\" content=\"https:\/\/fuster-associates.com\/wp-content\/uploads\/Foreign-Buyers-Return-Spains-Q2-2026-Fuster-Associates.jpg\" \/>\n\t<meta property=\"og:image:width\" content=\"1376\" \/>\n\t<meta property=\"og:image:height\" content=\"768\" \/>\n\t<meta property=\"og:image:type\" content=\"image\/jpeg\" \/>\n<meta name=\"author\" content=\"Miguel\" \/>\n<meta name=\"twitter:card\" content=\"summary_large_image\" \/>\n<meta name=\"twitter:creator\" content=\"@FusterSpain\" \/>\n<meta name=\"twitter:site\" content=\"@FusterSpain\" \/>\n<meta name=\"twitter:label1\" content=\"\u00c9crit par\" \/>\n\t<meta name=\"twitter:data1\" content=\"Miguel\" \/>\n\t<meta name=\"twitter:label2\" content=\"Dur\u00e9e de lecture estim\u00e9e\" \/>\n\t<meta name=\"twitter:data2\" content=\"7 minutes\" \/>\n<script type=\"application\/ld+json\" class=\"yoast-schema-graph\">{\"@context\":\"https:\\\/\\\/schema.org\",\"@graph\":[{\"@type\":\"Article\",\"@id\":\"https:\\\/\\\/fuster-associates.com\\\/fr\\\/blog\\\/retour-des-acheteurs-etrangers-ce-que-revelent-reellement-les-donnees-immobilieres-espagnoles-du-deuxieme-trimestre-2026\\\/#article\",\"isPartOf\":{\"@id\":\"https:\\\/\\\/fuster-associates.com\\\/fr\\\/blog\\\/retour-des-acheteurs-etrangers-ce-que-revelent-reellement-les-donnees-immobilieres-espagnoles-du-deuxieme-trimestre-2026\\\/\"},\"author\":{\"name\":\"Miguel\",\"@id\":\"https:\\\/\\\/fuster-associates.com\\\/fr\\\/#\\\/schema\\\/person\\\/fa2823851934b0af5f46855596a862a5\"},\"headline\":\"Retour des acheteurs \u00e9trangers: ce que r\u00e9v\u00e8lent r\u00e9ellement les donn\u00e9es immobili\u00e8res espagnoles du deuxi\u00e8me trimestre 2026\",\"datePublished\":\"2026-09-03T07:04:50+00:00\",\"mainEntityOfPage\":{\"@id\":\"https:\\\/\\\/fuster-associates.com\\\/fr\\\/blog\\\/retour-des-acheteurs-etrangers-ce-que-revelent-reellement-les-donnees-immobilieres-espagnoles-du-deuxieme-trimestre-2026\\\/\"},\"wordCount\":1598,\"publisher\":{\"@id\":\"https:\\\/\\\/fuster-associates.com\\\/fr\\\/#organization\"},\"image\":{\"@id\":\"https:\\\/\\\/fuster-associates.com\\\/fr\\\/blog\\\/retour-des-acheteurs-etrangers-ce-que-revelent-reellement-les-donnees-immobilieres-espagnoles-du-deuxieme-trimestre-2026\\\/#primaryimage\"},\"thumbnailUrl\":\"https:\\\/\\\/fuster-associates.com\\\/wp-content\\\/uploads\\\/Foreign-Buyers-Return-Spains-Q2-2026-Fuster-Associates.jpg\",\"articleSection\":[\"Fuster &amp; Associates\"],\"inLanguage\":\"fr-FR\"},{\"@type\":\"WebPage\",\"@id\":\"https:\\\/\\\/fuster-associates.com\\\/fr\\\/blog\\\/retour-des-acheteurs-etrangers-ce-que-revelent-reellement-les-donnees-immobilieres-espagnoles-du-deuxieme-trimestre-2026\\\/\",\"url\":\"https:\\\/\\\/fuster-associates.com\\\/fr\\\/blog\\\/retour-des-acheteurs-etrangers-ce-que-revelent-reellement-les-donnees-immobilieres-espagnoles-du-deuxieme-trimestre-2026\\\/\",\"name\":\"Retour des acheteurs \u00e9trangers: ce que r\u00e9v\u00e8lent r\u00e9ellement les donn\u00e9es immobili\u00e8res espagnoles du deuxi\u00e8me trimestre 2026 - Fuster &amp; Associates\",\"isPartOf\":{\"@id\":\"https:\\\/\\\/fuster-associates.com\\\/fr\\\/#website\"},\"primaryImageOfPage\":{\"@id\":\"https:\\\/\\\/fuster-associates.com\\\/fr\\\/blog\\\/retour-des-acheteurs-etrangers-ce-que-revelent-reellement-les-donnees-immobilieres-espagnoles-du-deuxieme-trimestre-2026\\\/#primaryimage\"},\"image\":{\"@id\":\"https:\\\/\\\/fuster-associates.com\\\/fr\\\/blog\\\/retour-des-acheteurs-etrangers-ce-que-revelent-reellement-les-donnees-immobilieres-espagnoles-du-deuxieme-trimestre-2026\\\/#primaryimage\"},\"thumbnailUrl\":\"https:\\\/\\\/fuster-associates.com\\\/wp-content\\\/uploads\\\/Foreign-Buyers-Return-Spains-Q2-2026-Fuster-Associates.jpg\",\"datePublished\":\"2026-09-03T07:04:50+00:00\",\"breadcrumb\":{\"@id\":\"https:\\\/\\\/fuster-associates.com\\\/fr\\\/blog\\\/retour-des-acheteurs-etrangers-ce-que-revelent-reellement-les-donnees-immobilieres-espagnoles-du-deuxieme-trimestre-2026\\\/#breadcrumb\"},\"inLanguage\":\"fr-FR\",\"potentialAction\":[{\"@type\":\"ReadAction\",\"target\":[\"https:\\\/\\\/fuster-associates.com\\\/fr\\\/blog\\\/retour-des-acheteurs-etrangers-ce-que-revelent-reellement-les-donnees-immobilieres-espagnoles-du-deuxieme-trimestre-2026\\\/\"]}]},{\"@type\":\"ImageObject\",\"inLanguage\":\"fr-FR\",\"@id\":\"https:\\\/\\\/fuster-associates.com\\\/fr\\\/blog\\\/retour-des-acheteurs-etrangers-ce-que-revelent-reellement-les-donnees-immobilieres-espagnoles-du-deuxieme-trimestre-2026\\\/#primaryimage\",\"url\":\"https:\\\/\\\/fuster-associates.com\\\/wp-content\\\/uploads\\\/Foreign-Buyers-Return-Spains-Q2-2026-Fuster-Associates.jpg\",\"contentUrl\":\"https:\\\/\\\/fuster-associates.com\\\/wp-content\\\/uploads\\\/Foreign-Buyers-Return-Spains-Q2-2026-Fuster-Associates.jpg\",\"width\":1376,\"height\":768,\"caption\":\"Foreign Buyers Return - Spain\u2019s Q2 2026 - Fuster & Associates\"},{\"@type\":\"BreadcrumbList\",\"@id\":\"https:\\\/\\\/fuster-associates.com\\\/fr\\\/blog\\\/retour-des-acheteurs-etrangers-ce-que-revelent-reellement-les-donnees-immobilieres-espagnoles-du-deuxieme-trimestre-2026\\\/#breadcrumb\",\"itemListElement\":[{\"@type\":\"ListItem\",\"position\":1,\"name\":\"Accueil\",\"item\":\"https:\\\/\\\/fuster-associates.com\\\/fr\\\/\"},{\"@type\":\"ListItem\",\"position\":2,\"name\":\"Retour des acheteurs \u00e9trangers: ce que r\u00e9v\u00e8lent r\u00e9ellement les donn\u00e9es immobili\u00e8res espagnoles du deuxi\u00e8me trimestre 2026\"}]},{\"@type\":\"WebSite\",\"@id\":\"https:\\\/\\\/fuster-associates.com\\\/fr\\\/#website\",\"url\":\"https:\\\/\\\/fuster-associates.com\\\/fr\\\/\",\"name\":\"Fuster & Associates\",\"description\":\"Property Solicitors\",\"publisher\":{\"@id\":\"https:\\\/\\\/fuster-associates.com\\\/fr\\\/#organization\"},\"potentialAction\":[{\"@type\":\"SearchAction\",\"target\":{\"@type\":\"EntryPoint\",\"urlTemplate\":\"https:\\\/\\\/fuster-associates.com\\\/fr\\\/?s={search_term_string}\"},\"query-input\":{\"@type\":\"PropertyValueSpecification\",\"valueRequired\":true,\"valueName\":\"search_term_string\"}}],\"inLanguage\":\"fr-FR\"},{\"@type\":\"Organization\",\"@id\":\"https:\\\/\\\/fuster-associates.com\\\/fr\\\/#organization\",\"name\":\"FUSTER & ASSOCIATES\",\"url\":\"https:\\\/\\\/fuster-associates.com\\\/fr\\\/\",\"logo\":{\"@type\":\"ImageObject\",\"inLanguage\":\"fr-FR\",\"@id\":\"https:\\\/\\\/fuster-associates.com\\\/fr\\\/#\\\/schema\\\/logo\\\/image\\\/\",\"url\":\"https:\\\/\\\/fuster-associates.com\\\/wp-content\\\/uploads\\\/2018\\\/08\\\/logo-fuster-1.jpeg\",\"contentUrl\":\"https:\\\/\\\/fuster-associates.com\\\/wp-content\\\/uploads\\\/2018\\\/08\\\/logo-fuster-1.jpeg\",\"width\":180,\"height\":113,\"caption\":\"FUSTER & ASSOCIATES\"},\"image\":{\"@id\":\"https:\\\/\\\/fuster-associates.com\\\/fr\\\/#\\\/schema\\\/logo\\\/image\\\/\"},\"sameAs\":[\"https:\\\/\\\/www.facebook.com\\\/fusterspain\\\/\",\"https:\\\/\\\/x.com\\\/FusterSpain\",\"https:\\\/\\\/www.youtube.com\\\/channel\\\/UC2-kNuL1SoqlFizI47hmIOQ\",\"https:\\\/\\\/www.linkedin.com\\\/company\\\/fuster-&-associates\\\/\"]},{\"@type\":\"Person\",\"@id\":\"https:\\\/\\\/fuster-associates.com\\\/fr\\\/#\\\/schema\\\/person\\\/fa2823851934b0af5f46855596a862a5\",\"name\":\"Miguel\",\"image\":{\"@type\":\"ImageObject\",\"inLanguage\":\"fr-FR\",\"@id\":\"https:\\\/\\\/secure.gravatar.com\\\/avatar\\\/a11dac23828920784fa4764ecd64431ce7385ae8a33ed03528bcafd35c83ebbd?s=96&d=mm&r=g\",\"url\":\"https:\\\/\\\/secure.gravatar.com\\\/avatar\\\/a11dac23828920784fa4764ecd64431ce7385ae8a33ed03528bcafd35c83ebbd?s=96&d=mm&r=g\",\"contentUrl\":\"https:\\\/\\\/secure.gravatar.com\\\/avatar\\\/a11dac23828920784fa4764ecd64431ce7385ae8a33ed03528bcafd35c83ebbd?s=96&d=mm&r=g\",\"caption\":\"Miguel\"}}]}<\/script>\n<!-- \/ Yoast SEO plugin. -->","yoast_head_json":{"title":"Retour des acheteurs \u00e9trangers: ce que r\u00e9v\u00e8lent r\u00e9ellement les donn\u00e9es immobili\u00e8res espagnoles du deuxi\u00e8me trimestre 2026 - Fuster &amp; Associates","robots":{"index":"index","follow":"follow","max-snippet":"max-snippet:-1","max-image-preview":"max-image-preview:large","max-video-preview":"max-video-preview:-1"},"canonical":"https:\/\/fuster-associates.com\/fr\/blog\/retour-des-acheteurs-etrangers-ce-que-revelent-reellement-les-donnees-immobilieres-espagnoles-du-deuxieme-trimestre-2026\/","og_locale":"fr_FR","og_type":"article","og_title":"Retour des acheteurs \u00e9trangers: ce que r\u00e9v\u00e8lent r\u00e9ellement les donn\u00e9es immobili\u00e8res espagnoles du deuxi\u00e8me trimestre 2026 - Fuster &amp; Associates","og_description":"Le deuxi\u00e8me trimestre 2026 marque un tournant int\u00e9ressant sur le march\u00e9 immobilier r\u00e9sidentiel espagnol. Alors que le nombre total de transactions immobili\u00e8res a recul\u00e9, la demande \u00e9trang\u00e8re a suivi une tendance inverse. Les acheteurs internationaux ont vu leur part de march\u00e9 et le nombre absolu de leurs achats augmenter, atteignant ainsi le niveau le plus [&hellip;]","og_url":"https:\/\/fuster-associates.com\/fr\/blog\/retour-des-acheteurs-etrangers-ce-que-revelent-reellement-les-donnees-immobilieres-espagnoles-du-deuxieme-trimestre-2026\/","og_site_name":"Fuster &amp; Associates","article_publisher":"https:\/\/www.facebook.com\/fusterspain\/","article_published_time":"2026-09-03T07:04:50+00:00","og_image":[{"width":1376,"height":768,"url":"https:\/\/fuster-associates.com\/wp-content\/uploads\/Foreign-Buyers-Return-Spains-Q2-2026-Fuster-Associates.jpg","type":"image\/jpeg"}],"author":"Miguel","twitter_card":"summary_large_image","twitter_creator":"@FusterSpain","twitter_site":"@FusterSpain","twitter_misc":{"\u00c9crit par":"Miguel","Dur\u00e9e de lecture estim\u00e9e":"7 minutes"},"schema":{"@context":"https:\/\/schema.org","@graph":[{"@type":"Article","@id":"https:\/\/fuster-associates.com\/fr\/blog\/retour-des-acheteurs-etrangers-ce-que-revelent-reellement-les-donnees-immobilieres-espagnoles-du-deuxieme-trimestre-2026\/#article","isPartOf":{"@id":"https:\/\/fuster-associates.com\/fr\/blog\/retour-des-acheteurs-etrangers-ce-que-revelent-reellement-les-donnees-immobilieres-espagnoles-du-deuxieme-trimestre-2026\/"},"author":{"name":"Miguel","@id":"https:\/\/fuster-associates.com\/fr\/#\/schema\/person\/fa2823851934b0af5f46855596a862a5"},"headline":"Retour des acheteurs \u00e9trangers: ce que r\u00e9v\u00e8lent r\u00e9ellement les donn\u00e9es immobili\u00e8res espagnoles du deuxi\u00e8me trimestre 2026","datePublished":"2026-09-03T07:04:50+00:00","mainEntityOfPage":{"@id":"https:\/\/fuster-associates.com\/fr\/blog\/retour-des-acheteurs-etrangers-ce-que-revelent-reellement-les-donnees-immobilieres-espagnoles-du-deuxieme-trimestre-2026\/"},"wordCount":1598,"publisher":{"@id":"https:\/\/fuster-associates.com\/fr\/#organization"},"image":{"@id":"https:\/\/fuster-associates.com\/fr\/blog\/retour-des-acheteurs-etrangers-ce-que-revelent-reellement-les-donnees-immobilieres-espagnoles-du-deuxieme-trimestre-2026\/#primaryimage"},"thumbnailUrl":"https:\/\/fuster-associates.com\/wp-content\/uploads\/Foreign-Buyers-Return-Spains-Q2-2026-Fuster-Associates.jpg","articleSection":["Fuster &amp; Associates"],"inLanguage":"fr-FR"},{"@type":"WebPage","@id":"https:\/\/fuster-associates.com\/fr\/blog\/retour-des-acheteurs-etrangers-ce-que-revelent-reellement-les-donnees-immobilieres-espagnoles-du-deuxieme-trimestre-2026\/","url":"https:\/\/fuster-associates.com\/fr\/blog\/retour-des-acheteurs-etrangers-ce-que-revelent-reellement-les-donnees-immobilieres-espagnoles-du-deuxieme-trimestre-2026\/","name":"Retour des acheteurs \u00e9trangers: ce que r\u00e9v\u00e8lent r\u00e9ellement les donn\u00e9es immobili\u00e8res espagnoles du deuxi\u00e8me trimestre 2026 - Fuster &amp; Associates","isPartOf":{"@id":"https:\/\/fuster-associates.com\/fr\/#website"},"primaryImageOfPage":{"@id":"https:\/\/fuster-associates.com\/fr\/blog\/retour-des-acheteurs-etrangers-ce-que-revelent-reellement-les-donnees-immobilieres-espagnoles-du-deuxieme-trimestre-2026\/#primaryimage"},"image":{"@id":"https:\/\/fuster-associates.com\/fr\/blog\/retour-des-acheteurs-etrangers-ce-que-revelent-reellement-les-donnees-immobilieres-espagnoles-du-deuxieme-trimestre-2026\/#primaryimage"},"thumbnailUrl":"https:\/\/fuster-associates.com\/wp-content\/uploads\/Foreign-Buyers-Return-Spains-Q2-2026-Fuster-Associates.jpg","datePublished":"2026-09-03T07:04:50+00:00","breadcrumb":{"@id":"https:\/\/fuster-associates.com\/fr\/blog\/retour-des-acheteurs-etrangers-ce-que-revelent-reellement-les-donnees-immobilieres-espagnoles-du-deuxieme-trimestre-2026\/#breadcrumb"},"inLanguage":"fr-FR","potentialAction":[{"@type":"ReadAction","target":["https:\/\/fuster-associates.com\/fr\/blog\/retour-des-acheteurs-etrangers-ce-que-revelent-reellement-les-donnees-immobilieres-espagnoles-du-deuxieme-trimestre-2026\/"]}]},{"@type":"ImageObject","inLanguage":"fr-FR","@id":"https:\/\/fuster-associates.com\/fr\/blog\/retour-des-acheteurs-etrangers-ce-que-revelent-reellement-les-donnees-immobilieres-espagnoles-du-deuxieme-trimestre-2026\/#primaryimage","url":"https:\/\/fuster-associates.com\/wp-content\/uploads\/Foreign-Buyers-Return-Spains-Q2-2026-Fuster-Associates.jpg","contentUrl":"https:\/\/fuster-associates.com\/wp-content\/uploads\/Foreign-Buyers-Return-Spains-Q2-2026-Fuster-Associates.jpg","width":1376,"height":768,"caption":"Foreign Buyers Return - Spain\u2019s Q2 2026 - Fuster & Associates"},{"@type":"BreadcrumbList","@id":"https:\/\/fuster-associates.com\/fr\/blog\/retour-des-acheteurs-etrangers-ce-que-revelent-reellement-les-donnees-immobilieres-espagnoles-du-deuxieme-trimestre-2026\/#breadcrumb","itemListElement":[{"@type":"ListItem","position":1,"name":"Accueil","item":"https:\/\/fuster-associates.com\/fr\/"},{"@type":"ListItem","position":2,"name":"Retour des acheteurs \u00e9trangers: ce que r\u00e9v\u00e8lent r\u00e9ellement les donn\u00e9es immobili\u00e8res espagnoles du deuxi\u00e8me trimestre 2026"}]},{"@type":"WebSite","@id":"https:\/\/fuster-associates.com\/fr\/#website","url":"https:\/\/fuster-associates.com\/fr\/","name":"Fuster & Associates","description":"Property Solicitors","publisher":{"@id":"https:\/\/fuster-associates.com\/fr\/#organization"},"potentialAction":[{"@type":"SearchAction","target":{"@type":"EntryPoint","urlTemplate":"https:\/\/fuster-associates.com\/fr\/?s={search_term_string}"},"query-input":{"@type":"PropertyValueSpecification","valueRequired":true,"valueName":"search_term_string"}}],"inLanguage":"fr-FR"},{"@type":"Organization","@id":"https:\/\/fuster-associates.com\/fr\/#organization","name":"FUSTER & ASSOCIATES","url":"https:\/\/fuster-associates.com\/fr\/","logo":{"@type":"ImageObject","inLanguage":"fr-FR","@id":"https:\/\/fuster-associates.com\/fr\/#\/schema\/logo\/image\/","url":"https:\/\/fuster-associates.com\/wp-content\/uploads\/2018\/08\/logo-fuster-1.jpeg","contentUrl":"https:\/\/fuster-associates.com\/wp-content\/uploads\/2018\/08\/logo-fuster-1.jpeg","width":180,"height":113,"caption":"FUSTER & ASSOCIATES"},"image":{"@id":"https:\/\/fuster-associates.com\/fr\/#\/schema\/logo\/image\/"},"sameAs":["https:\/\/www.facebook.com\/fusterspain\/","https:\/\/x.com\/FusterSpain","https:\/\/www.youtube.com\/channel\/UC2-kNuL1SoqlFizI47hmIOQ","https:\/\/www.linkedin.com\/company\/fuster-&-associates\/"]},{"@type":"Person","@id":"https:\/\/fuster-associates.com\/fr\/#\/schema\/person\/fa2823851934b0af5f46855596a862a5","name":"Miguel","image":{"@type":"ImageObject","inLanguage":"fr-FR","@id":"https:\/\/secure.gravatar.com\/avatar\/a11dac23828920784fa4764ecd64431ce7385ae8a33ed03528bcafd35c83ebbd?s=96&d=mm&r=g","url":"https:\/\/secure.gravatar.com\/avatar\/a11dac23828920784fa4764ecd64431ce7385ae8a33ed03528bcafd35c83ebbd?s=96&d=mm&r=g","contentUrl":"https:\/\/secure.gravatar.com\/avatar\/a11dac23828920784fa4764ecd64431ce7385ae8a33ed03528bcafd35c83ebbd?s=96&d=mm&r=g","caption":"Miguel"}}]}},"_links":{"self":[{"href":"https:\/\/fuster-associates.com\/fr\/wp-json\/wp\/v2\/posts\/41078","targetHints":{"allow":["GET"]}}],"collection":[{"href":"https:\/\/fuster-associates.com\/fr\/wp-json\/wp\/v2\/posts"}],"about":[{"href":"https:\/\/fuster-associates.com\/fr\/wp-json\/wp\/v2\/types\/post"}],"author":[{"embeddable":true,"href":"https:\/\/fuster-associates.com\/fr\/wp-json\/wp\/v2\/users\/7"}],"replies":[{"embeddable":true,"href":"https:\/\/fuster-associates.com\/fr\/wp-json\/wp\/v2\/comments?post=41078"}],"version-history":[{"count":1,"href":"https:\/\/fuster-associates.com\/fr\/wp-json\/wp\/v2\/posts\/41078\/revisions"}],"predecessor-version":[{"id":41079,"href":"https:\/\/fuster-associates.com\/fr\/wp-json\/wp\/v2\/posts\/41078\/revisions\/41079"}],"wp:featuredmedia":[{"embeddable":true,"href":"https:\/\/fuster-associates.com\/fr\/wp-json\/wp\/v2\/media\/41077"}],"wp:attachment":[{"href":"https:\/\/fuster-associates.com\/fr\/wp-json\/wp\/v2\/media?parent=41078"}],"wp:term":[{"taxonomy":"category","embeddable":true,"href":"https:\/\/fuster-associates.com\/fr\/wp-json\/wp\/v2\/categories?post=41078"},{"taxonomy":"post_tag","embeddable":true,"href":"https:\/\/fuster-associates.com\/fr\/wp-json\/wp\/v2\/tags?post=41078"}],"curies":[{"name":"wp","href":"https:\/\/api.w.org\/{rel}","templated":true}]}}