{"id":40872,"date":"2026-08-11T09:00:21","date_gmt":"2026-08-11T07:00:21","guid":{"rendered":"https:\/\/fuster-associates.com\/?p=40872"},"modified":"2026-09-01T08:22:25","modified_gmt":"2026-09-01T06:22:25","slug":"a-partir-de-quand-etes-vous-considere-comme-resident-fiscal-en-espagne","status":"publish","type":"post","link":"https:\/\/fuster-associates.com\/fr\/blog\/a-partir-de-quand-etes-vous-considere-comme-resident-fiscal-en-espagne\/","title":{"rendered":"\u00c0 partir de quand \u00eates-vous consid\u00e9r\u00e9 comme r\u00e9sident fiscal en Espagne?"},"content":{"rendered":"<p>L&rsquo;Espagne est l&rsquo;une des destinations europ\u00e9ennes les plus attractives pour les expatri\u00e9s, les retrait\u00e9s, les nomades num\u00e9riques et les acqu\u00e9reurs immobiliers internationaux. Cependant, s&rsquo;installer en Espagne ou y passer de longues p\u00e9riodes peut avoir des cons\u00e9quences fiscales importantes que beaucoup de personnes sous-estiment.<\/p>\n<p>Chez <strong>Fuster &amp; Associates<\/strong>, nous conseillons r\u00e9guli\u00e8rement des clients internationaux qui ne savent pas s\u2019ils sont devenus r\u00e9sidents fiscaux en Espagne et quelles obligations cela implique. Comprendre les r\u00e8gles avant de vous installer ou d\u2019acheter un bien immobilier peut vous aider \u00e0 \u00e9viter des obligations fiscales impr\u00e9vues et \u00e0 garantir le respect total de la r\u00e9glementation fiscale espagnole.<\/p>\n<div style=\"height: 30px;\"><\/div>\n<h3><strong>Qu\u2019est-ce que la r\u00e9sidence fiscale ?<\/strong><\/h3>\n<p>La r\u00e9sidence fiscale d\u00e9termine <strong>quel pays a le droit d\u2019imposer vos revenus mondiaux<\/strong>. Il est important de comprendre que <strong>la r\u00e9sidence fiscale ne revient pas \u00e0 d\u00e9tenir un titre de s\u00e9jour ou un visa<\/strong>.<\/p>\n<p>Par exemple :<\/p>\n<ul>\n<li>Vous pouvez d\u00e9tenir un titre de s\u00e9jour en Espagne sans pour autant devenir r\u00e9sident fiscal espagnol.<\/li>\n<li>\u00c0 l\u2019inverse, vous pouvez devenir r\u00e9sident fiscal espagnol m\u00eame si vous ne disposez pas d\u2019un titre de s\u00e9jour de longue dur\u00e9e.<\/li>\n<\/ul>\n<p>La r\u00e9sidence fiscale espagnole est d\u00e9termin\u00e9e selon les crit\u00e8res \u00e9tablis par la loi espagnole relative \u00e0 l\u2019imp\u00f4t sur le revenu des personnes physiques.<\/p>\n<div style=\"height: 30px;\"><\/div>\n<h3><strong>La r\u00e8gle des 183 jours<\/strong><\/h3>\n<p>La r\u00e8gle la plus connue est le <strong>crit\u00e8re des 183 jours<\/strong>.<\/p>\n<p>En r\u00e8gle g\u00e9n\u00e9rale, vous devenez r\u00e9sident fiscal espagnol si vous passez <strong>plus de 183 jours en Espagne au cours d\u2019une ann\u00e9e civile<\/strong> (du 1er janvier au 31 d\u00e9cembre).<\/p>\n<p>Quelques d\u00e9tails importants doivent \u00eatre pris en compte :<\/p>\n<ul>\n<li>Ces jours <strong>ne doivent pas<\/strong> n\u00e9cessairement \u00eatre cons\u00e9cutifs.<\/li>\n<li>Les absences temporaires peuvent tout de m\u00eame \u00eatre comptabilis\u00e9es comme des jours pass\u00e9s en Espagne, sauf si vous pouvez prouver votre r\u00e9sidence fiscale dans un autre pays.<\/li>\n<li>Les journ\u00e9es compl\u00e8tes et les demi-journ\u00e9es sont g\u00e9n\u00e9ralement prises en compte.<\/li>\n<\/ul>\n<p>C\u2019est pourquoi de nombreuses personnes deviennent involontairement r\u00e9sidentes fiscales espagnoles sans s\u2019en rendre compte.<\/p>\n<div style=\"height: 30px;\"><\/div>\n<h3><strong>Le centre d\u2019int\u00e9r\u00eats \u00e9conomiques<\/strong><\/h3>\n<p>M\u00eame si vous passez moins de 183 jours en Espagne, vous pouvez tout de m\u00eame \u00eatre consid\u00e9r\u00e9 comme r\u00e9sident fiscal si l\u2019Espagne devient le lieu o\u00f9 se situent vos <strong>int\u00e9r\u00eats \u00e9conomiques principaux<\/strong>.<\/p>\n<p>Cela peut notamment concerner les situations suivantes :<\/p>\n<ul>\n<li>Vos principales activit\u00e9s professionnelles sont exerc\u00e9es en Espagne.<\/li>\n<li>La plupart de vos investissements g\u00e9n\u00e8rent des revenus en Espagne.<\/li>\n<li>Votre principale source de revenus provient d\u2019Espagne.<\/li>\n<li>Vos activit\u00e9s professionnelles sont principalement exerc\u00e9es depuis l\u2019Espagne.<\/li>\n<\/ul>\n<div style=\"height: 5px;\"><\/div>\n<div class=\"recuadro-con-exclamacion\">\n<div class=\"recuadro-con-exclamacion__icono\">!<\/div>\n<p class=\"recuadro-con-exclamacion__texto\">Chaque cas doit \u00eatre analys\u00e9 individuellement, en particulier pour les entrepreneurs, les travailleurs ind\u00e9pendants et les nomades num\u00e9riques.<\/p>\n<\/div>\n<div style=\"height: 30px;\"><\/div>\n<h3><strong>Le centre des int\u00e9r\u00eats vitaux<\/strong><\/h3>\n<p>Les autorit\u00e9s fiscales espagnoles peuvent \u00e9galement examiner vos <strong>liens personnels et familiaux<\/strong>.<\/p>\n<p>Si votre conjoint (\u00e0 condition qu\u2019il n\u2019y ait pas de s\u00e9paration l\u00e9gale) et vos enfants mineurs \u00e0 charge r\u00e9sident habituellement en Espagne, il existe une pr\u00e9somption l\u00e9gale selon laquelle vous \u00eates r\u00e9sident fiscal espagnol, sauf si vous pouvez prouver le contraire.<\/p>\n<p>C\u2019est pourquoi la r\u00e9sidence fiscale ne se d\u00e9termine pas uniquement en comptant les jours ; votre situation personnelle et \u00e9conomique globale est \u00e9galement prise en compte.<\/p>\n<div style=\"height: 30px;\"><\/div>\n<h3><strong>Que se passe-t-il si vous devenez r\u00e9sident fiscal espagnol ?<\/strong><\/h3>\n<p>Une fois que vous devenez r\u00e9sident fiscal en Espagne, vos obligations fiscales changent consid\u00e9rablement.<\/p>\n<p>Vous serez g\u00e9n\u00e9ralement tenu de d\u00e9clarer vos <strong>revenus mondiaux<\/strong>, notamment :<\/p>\n<ul>\n<li>Revenus salariaux<\/li>\n<li>Revenus d\u2019activit\u00e9 ind\u00e9pendante<\/li>\n<li>Les pensions \u00e9trang\u00e8res<\/li>\n<li>Les revenus locatifs provenant de biens immobiliers situ\u00e9s \u00e0 l\u2019\u00e9tranger<\/li>\n<li>Les dividendes et les int\u00e9r\u00eats<\/li>\n<li>Les plus-values<\/li>\n<li>Les autres revenus d\u2019investissement<\/li>\n<\/ul>\n<p>De plus, en fonction de la valeur et de la localisation de vos actifs, vous pouvez \u00eatre soumis \u00e0 des obligations de d\u00e9claration concernant les actifs d\u00e9tenus hors d\u2019Espagne.<\/p>\n<div style=\"height: 5px;\"><\/div>\n<div class=\"mensaje-destacado\">\n<p class=\"mensaje-destacado__texto\">L&rsquo;Espagne a sign\u00e9 de nombreuses conventions de double imposition (CDI) avec d&rsquo;autres pays afin d&rsquo;\u00e9viter qu&rsquo;un m\u00eame revenu ne soit impos\u00e9 deux fois. Ces conventions d\u00e9terminent souvent quel pays dispose du droit d&rsquo;imposition et si des cr\u00e9dits d&rsquo;imp\u00f4t sont disponibles.<\/p>\n<\/div>\n<div style=\"height: 30px;\"><\/div>\n<h3><strong>R\u00e9sidence fiscale et imposition des non-r\u00e9sidents<\/strong><\/h3>\n<p>De nombreux propri\u00e9taires \u00e9trangers pensent que l&rsquo;achat d&rsquo;un logement les rend automatiquement r\u00e9sidents fiscaux. Ce n&rsquo;est <strong>pas le cas<\/strong>.<\/p>\n<p>Un non-r\u00e9sident propri\u00e9taire d\u2019un bien immobilier en Espagne continuera normalement \u00e0 payer des imp\u00f4ts en tant que <strong>non-r\u00e9sident<\/strong>, notamment :<\/p>\n<ul>\n<li>Imp\u00f4t sur le revenu des non-r\u00e9sidents (IRNR)<\/li>\n<li>Imp\u00f4t sur les revenus locatifs (le cas \u00e9ch\u00e9ant)<\/li>\n<li>Imp\u00f4ts locaux tels que l\u2019IBI<\/li>\n<\/ul>\n<div class=\"recuadro-con-exclamacion\">\n<div class=\"recuadro-con-exclamacion__icono\">!<\/div>\n<p class=\"recuadro-con-exclamacion__texto\">La r\u00e9sidence fiscale ne s\u2019applique que lorsque les crit\u00e8res juridiques sont remplis.<\/p>\n<\/div>\n<div style=\"height: 30px;\"><\/div>\n<h3><strong>Pouvez-vous \u00e9viter de devenir r\u00e9sident fiscal ?<\/strong><\/h3>\n<p>Le fait que vous deveniez r\u00e9sident fiscal d\u00e9pend enti\u00e8rement de votre situation personnelle.<\/p>\n<p>Si vous souhaitez conserver votre statut de non-r\u00e9sident, une planification minutieuse peut s\u2019av\u00e9rer n\u00e9cessaire, notamment en ce qui concerne :<\/p>\n<ul>\n<li>La dur\u00e9e de votre s\u00e9jour en Espagne.<\/li>\n<li>Votre situation familiale.<\/li>\n<li>Le lieu o\u00f9 vous exercez vos activit\u00e9s professionnelles.<\/li>\n<li>Le lieu o\u00f9 se situent vos principaux int\u00e9r\u00eats \u00e9conomiques.<\/li>\n<\/ul>\n<p>Un conseil professionnel avant votre installation peut souvent vous \u00e9viter des erreurs co\u00fbteuses par la suite.<\/p>\n<div style=\"height: 30px;\"><\/div>\n<h3><strong>Erreurs courantes commises par les \u00e9trangers<\/strong><\/h3>\n<p>Parmi les malentendus les plus fr\u00e9quents que nous rencontrons, on peut citer :<\/p>\n<ul>\n<li>Croire que le fait de poss\u00e9der un bien immobilier entra\u00eene automatiquement la r\u00e9sidence fiscale.<\/li>\n<li>Partir du principe que seule la r\u00e8gle des 183 jours importe.<\/li>\n<li>Oublier que les revenus mondiaux doivent \u00eatre d\u00e9clar\u00e9s une fois la r\u00e9sidence fiscale acquise.<\/li>\n<li>N\u00e9gliger l\u2019impact des liens familiaux ou professionnels.<\/li>\n<li>Ne pas planifier son installation d\u00e9finitive en Espagne.<\/li>\n<\/ul>\n<p>La situation de chaque personne \u00e9tant diff\u00e9rente, un conseil fiscal personnalis\u00e9 rev\u00eat une importance particuli\u00e8re.<\/p>\n<div style=\"height: 30px;\"><\/div>\n<h3><strong>Comment Fuster &amp; Associates peut vous aider<\/strong><\/h3>\n<p>D\u00e9terminer la r\u00e9sidence fiscale n\u2019est pas toujours simple. Chaque cas n\u00e9cessite une analyse de votre situation personnelle, professionnelle et financi\u00e8re, en particulier lorsque les r\u00e8gles fiscales internationales et les conventions de double imposition entrent en jeu.<\/p>\n<p>Chez <strong>Fuster &amp; Associates<\/strong>, nous accompagnons nos clients internationaux dans les domaines suivants :<\/p>\n<ul>\n<li>D\u00e9termination de leur statut de r\u00e9sidence fiscale.<\/li>\n<li>Planification fiscale avant leur installation en Espagne.<\/li>\n<li>Fiscalit\u00e9 des non-r\u00e9sidents.<\/li>\n<li>Imp\u00f4t sur le revenu des personnes physiques (IRPF).<\/li>\n<li>Conformit\u00e9 fiscale internationale.<\/li>\n<li>Questions de double imposition.<\/li>\n<li>Obligations de d\u00e9claration de patrimoine.<\/li>\n<li>Conseil fiscal continu pour les expatri\u00e9s et les propri\u00e9taires immobiliers \u00e9trangers.<\/li>\n<\/ul>\n<p>Que vous envisagiez de vous installer, de prendre votre retraite, de travailler \u00e0 distance ou d\u2019investir dans l\u2019immobilier espagnol, notre \u00e9quipe multilingue peut vous aider \u00e0 comprendre vos obligations et \u00e0 minimiser les risques fiscaux inutiles.<\/p>\n<p><a href=\"https:\/\/fuster-associates.com\/fr\/contact\/\"><strong>Contactez Fuster &amp; Associates d\u00e8s aujourd\u2019hui<\/strong><\/a> pour b\u00e9n\u00e9ficier de conseils fiscaux sur mesure et vous assurer que votre installation en Espagne se d\u00e9roule en toute confiance et avec une s\u00e9curit\u00e9 juridique totale.<\/p>\n<div style=\"height: 30px;\"><\/div>\n<p style=\"text-align: center;\"><em>Nous souhaitons vous aider \u00e0 vous y retrouver parmi toutes les complexit\u00e9s juridiques li\u00e9es \u00e0 l\u2019achat de votre logement en Espagne, mais cet article constitue une information juridique et ne doit pas \u00eatre consid\u00e9r\u00e9 comme un conseil juridique.<\/em><\/p>\n","protected":false},"excerpt":{"rendered":"<p>L&rsquo;Espagne est l&rsquo;une des destinations europ\u00e9ennes les plus attractives pour les expatri\u00e9s, les retrait\u00e9s, les nomades num\u00e9riques et les acqu\u00e9reurs immobiliers internationaux. Cependant, s&rsquo;installer en Espagne ou y passer de longues p\u00e9riodes peut avoir des cons\u00e9quences fiscales importantes que beaucoup de personnes sous-estiment. Chez Fuster &amp; Associates, nous conseillons r\u00e9guli\u00e8rement des clients internationaux qui ne [&hellip;]<\/p>\n","protected":false},"author":7,"featured_media":40871,"comment_status":"closed","ping_status":"closed","sticky":false,"template":"","format":"standard","meta":{"content-type":"","_sitemap_exclude":false,"_sitemap_priority":"","_sitemap_frequency":"","footnotes":""},"categories":[341],"tags":[],"class_list":["post-40872","post","type-post","status-publish","format-standard","has-post-thumbnail","hentry","category-declaration-de-revenus-des-personnes-physiques"],"yoast_head":"<!-- This site is optimized with the Yoast SEO plugin v28.4 - https:\/\/yoast.com\/product\/yoast-seo-wordpress\/ -->\n<title>\u00c0 partir de quand \u00eates-vous consid\u00e9r\u00e9 comme r\u00e9sident fiscal en Espagne? - Fuster &amp; Associates<\/title>\n<meta name=\"robots\" content=\"index, follow, max-snippet:-1, max-image-preview:large, max-video-preview:-1\" \/>\n<link rel=\"canonical\" href=\"https:\/\/fuster-associates.com\/fr\/blog\/a-partir-de-quand-etes-vous-considere-comme-resident-fiscal-en-espagne\/\" \/>\n<meta property=\"og:locale\" content=\"fr_FR\" \/>\n<meta property=\"og:type\" content=\"article\" \/>\n<meta property=\"og:title\" content=\"\u00c0 partir de quand \u00eates-vous consid\u00e9r\u00e9 comme r\u00e9sident fiscal en Espagne? - Fuster &amp; Associates\" \/>\n<meta property=\"og:description\" content=\"L&rsquo;Espagne est l&rsquo;une des destinations europ\u00e9ennes les plus attractives pour les expatri\u00e9s, les retrait\u00e9s, les nomades num\u00e9riques et les acqu\u00e9reurs immobiliers internationaux. Cependant, s&rsquo;installer en Espagne ou y passer de longues p\u00e9riodes peut avoir des cons\u00e9quences fiscales importantes que beaucoup de personnes sous-estiment. Chez Fuster &amp; Associates, nous conseillons r\u00e9guli\u00e8rement des clients internationaux qui ne [&hellip;]\" \/>\n<meta property=\"og:url\" content=\"https:\/\/fuster-associates.com\/fr\/blog\/a-partir-de-quand-etes-vous-considere-comme-resident-fiscal-en-espagne\/\" \/>\n<meta property=\"og:site_name\" content=\"Fuster &amp; Associates\" \/>\n<meta property=\"article:publisher\" content=\"https:\/\/www.facebook.com\/fusterspain\/\" \/>\n<meta property=\"article:published_time\" content=\"2026-08-11T07:00:21+00:00\" \/>\n<meta property=\"article:modified_time\" content=\"2026-09-01T06:22:25+00:00\" \/>\n<meta property=\"og:image\" content=\"https:\/\/fuster-associates.com\/wp-content\/uploads\/When-Do-You-Become-Tax-Resident-in-Spain-Fuster-Associates.png\" \/>\n\t<meta property=\"og:image:width\" content=\"1730\" \/>\n\t<meta property=\"og:image:height\" content=\"909\" \/>\n\t<meta property=\"og:image:type\" content=\"image\/png\" \/>\n<meta name=\"author\" content=\"Miguel\" \/>\n<meta name=\"twitter:card\" content=\"summary_large_image\" \/>\n<meta name=\"twitter:creator\" content=\"@FusterSpain\" \/>\n<meta name=\"twitter:site\" content=\"@FusterSpain\" \/>\n<meta name=\"twitter:label1\" content=\"\u00c9crit par\" \/>\n\t<meta name=\"twitter:data1\" content=\"Miguel\" \/>\n\t<meta name=\"twitter:label2\" content=\"Dur\u00e9e de lecture estim\u00e9e\" \/>\n\t<meta name=\"twitter:data2\" content=\"5 minutes\" \/>\n<script type=\"application\/ld+json\" class=\"yoast-schema-graph\">{\"@context\":\"https:\\\/\\\/schema.org\",\"@graph\":[{\"@type\":\"Article\",\"@id\":\"https:\\\/\\\/fuster-associates.com\\\/fr\\\/blog\\\/a-partir-de-quand-etes-vous-considere-comme-resident-fiscal-en-espagne\\\/#article\",\"isPartOf\":{\"@id\":\"https:\\\/\\\/fuster-associates.com\\\/fr\\\/blog\\\/a-partir-de-quand-etes-vous-considere-comme-resident-fiscal-en-espagne\\\/\"},\"author\":{\"name\":\"Miguel\",\"@id\":\"https:\\\/\\\/fuster-associates.com\\\/fr\\\/#\\\/schema\\\/person\\\/fa2823851934b0af5f46855596a862a5\"},\"headline\":\"\u00c0 partir de quand \u00eates-vous consid\u00e9r\u00e9 comme r\u00e9sident fiscal en Espagne?\",\"datePublished\":\"2026-08-11T07:00:21+00:00\",\"dateModified\":\"2026-09-01T06:22:25+00:00\",\"mainEntityOfPage\":{\"@id\":\"https:\\\/\\\/fuster-associates.com\\\/fr\\\/blog\\\/a-partir-de-quand-etes-vous-considere-comme-resident-fiscal-en-espagne\\\/\"},\"wordCount\":1268,\"publisher\":{\"@id\":\"https:\\\/\\\/fuster-associates.com\\\/fr\\\/#organization\"},\"image\":{\"@id\":\"https:\\\/\\\/fuster-associates.com\\\/fr\\\/blog\\\/a-partir-de-quand-etes-vous-considere-comme-resident-fiscal-en-espagne\\\/#primaryimage\"},\"thumbnailUrl\":\"https:\\\/\\\/fuster-associates.com\\\/wp-content\\\/uploads\\\/When-Do-You-Become-Tax-Resident-in-Spain-Fuster-Associates.png\",\"articleSection\":[\"D\u00e9claration de Revenus des Personnes Physiques\"],\"inLanguage\":\"fr-FR\"},{\"@type\":\"WebPage\",\"@id\":\"https:\\\/\\\/fuster-associates.com\\\/fr\\\/blog\\\/a-partir-de-quand-etes-vous-considere-comme-resident-fiscal-en-espagne\\\/\",\"url\":\"https:\\\/\\\/fuster-associates.com\\\/fr\\\/blog\\\/a-partir-de-quand-etes-vous-considere-comme-resident-fiscal-en-espagne\\\/\",\"name\":\"\u00c0 partir de quand \u00eates-vous consid\u00e9r\u00e9 comme r\u00e9sident fiscal en Espagne? - Fuster &amp; Associates\",\"isPartOf\":{\"@id\":\"https:\\\/\\\/fuster-associates.com\\\/fr\\\/#website\"},\"primaryImageOfPage\":{\"@id\":\"https:\\\/\\\/fuster-associates.com\\\/fr\\\/blog\\\/a-partir-de-quand-etes-vous-considere-comme-resident-fiscal-en-espagne\\\/#primaryimage\"},\"image\":{\"@id\":\"https:\\\/\\\/fuster-associates.com\\\/fr\\\/blog\\\/a-partir-de-quand-etes-vous-considere-comme-resident-fiscal-en-espagne\\\/#primaryimage\"},\"thumbnailUrl\":\"https:\\\/\\\/fuster-associates.com\\\/wp-content\\\/uploads\\\/When-Do-You-Become-Tax-Resident-in-Spain-Fuster-Associates.png\",\"datePublished\":\"2026-08-11T07:00:21+00:00\",\"dateModified\":\"2026-09-01T06:22:25+00:00\",\"breadcrumb\":{\"@id\":\"https:\\\/\\\/fuster-associates.com\\\/fr\\\/blog\\\/a-partir-de-quand-etes-vous-considere-comme-resident-fiscal-en-espagne\\\/#breadcrumb\"},\"inLanguage\":\"fr-FR\",\"potentialAction\":[{\"@type\":\"ReadAction\",\"target\":[\"https:\\\/\\\/fuster-associates.com\\\/fr\\\/blog\\\/a-partir-de-quand-etes-vous-considere-comme-resident-fiscal-en-espagne\\\/\"]}]},{\"@type\":\"ImageObject\",\"inLanguage\":\"fr-FR\",\"@id\":\"https:\\\/\\\/fuster-associates.com\\\/fr\\\/blog\\\/a-partir-de-quand-etes-vous-considere-comme-resident-fiscal-en-espagne\\\/#primaryimage\",\"url\":\"https:\\\/\\\/fuster-associates.com\\\/wp-content\\\/uploads\\\/When-Do-You-Become-Tax-Resident-in-Spain-Fuster-Associates.png\",\"contentUrl\":\"https:\\\/\\\/fuster-associates.com\\\/wp-content\\\/uploads\\\/When-Do-You-Become-Tax-Resident-in-Spain-Fuster-Associates.png\",\"width\":1730,\"height\":909,\"caption\":\"When Do You Become Tax Resident in Spain - Fuster & Associates\"},{\"@type\":\"BreadcrumbList\",\"@id\":\"https:\\\/\\\/fuster-associates.com\\\/fr\\\/blog\\\/a-partir-de-quand-etes-vous-considere-comme-resident-fiscal-en-espagne\\\/#breadcrumb\",\"itemListElement\":[{\"@type\":\"ListItem\",\"position\":1,\"name\":\"Accueil\",\"item\":\"https:\\\/\\\/fuster-associates.com\\\/fr\\\/\"},{\"@type\":\"ListItem\",\"position\":2,\"name\":\"\u00c0 partir de quand \u00eates-vous consid\u00e9r\u00e9 comme r\u00e9sident fiscal en Espagne?\"}]},{\"@type\":\"WebSite\",\"@id\":\"https:\\\/\\\/fuster-associates.com\\\/fr\\\/#website\",\"url\":\"https:\\\/\\\/fuster-associates.com\\\/fr\\\/\",\"name\":\"Fuster & Associates\",\"description\":\"Property Solicitors\",\"publisher\":{\"@id\":\"https:\\\/\\\/fuster-associates.com\\\/fr\\\/#organization\"},\"potentialAction\":[{\"@type\":\"SearchAction\",\"target\":{\"@type\":\"EntryPoint\",\"urlTemplate\":\"https:\\\/\\\/fuster-associates.com\\\/fr\\\/?s={search_term_string}\"},\"query-input\":{\"@type\":\"PropertyValueSpecification\",\"valueRequired\":true,\"valueName\":\"search_term_string\"}}],\"inLanguage\":\"fr-FR\"},{\"@type\":\"Organization\",\"@id\":\"https:\\\/\\\/fuster-associates.com\\\/fr\\\/#organization\",\"name\":\"FUSTER & ASSOCIATES\",\"url\":\"https:\\\/\\\/fuster-associates.com\\\/fr\\\/\",\"logo\":{\"@type\":\"ImageObject\",\"inLanguage\":\"fr-FR\",\"@id\":\"https:\\\/\\\/fuster-associates.com\\\/fr\\\/#\\\/schema\\\/logo\\\/image\\\/\",\"url\":\"https:\\\/\\\/fuster-associates.com\\\/wp-content\\\/uploads\\\/2018\\\/08\\\/logo-fuster-1.jpeg\",\"contentUrl\":\"https:\\\/\\\/fuster-associates.com\\\/wp-content\\\/uploads\\\/2018\\\/08\\\/logo-fuster-1.jpeg\",\"width\":180,\"height\":113,\"caption\":\"FUSTER & ASSOCIATES\"},\"image\":{\"@id\":\"https:\\\/\\\/fuster-associates.com\\\/fr\\\/#\\\/schema\\\/logo\\\/image\\\/\"},\"sameAs\":[\"https:\\\/\\\/www.facebook.com\\\/fusterspain\\\/\",\"https:\\\/\\\/x.com\\\/FusterSpain\",\"https:\\\/\\\/www.youtube.com\\\/channel\\\/UC2-kNuL1SoqlFizI47hmIOQ\",\"https:\\\/\\\/www.linkedin.com\\\/company\\\/fuster-&-associates\\\/\"]},{\"@type\":\"Person\",\"@id\":\"https:\\\/\\\/fuster-associates.com\\\/fr\\\/#\\\/schema\\\/person\\\/fa2823851934b0af5f46855596a862a5\",\"name\":\"Miguel\",\"image\":{\"@type\":\"ImageObject\",\"inLanguage\":\"fr-FR\",\"@id\":\"https:\\\/\\\/secure.gravatar.com\\\/avatar\\\/a11dac23828920784fa4764ecd64431ce7385ae8a33ed03528bcafd35c83ebbd?s=96&d=mm&r=g\",\"url\":\"https:\\\/\\\/secure.gravatar.com\\\/avatar\\\/a11dac23828920784fa4764ecd64431ce7385ae8a33ed03528bcafd35c83ebbd?s=96&d=mm&r=g\",\"contentUrl\":\"https:\\\/\\\/secure.gravatar.com\\\/avatar\\\/a11dac23828920784fa4764ecd64431ce7385ae8a33ed03528bcafd35c83ebbd?s=96&d=mm&r=g\",\"caption\":\"Miguel\"}}]}<\/script>\n<!-- \/ Yoast SEO plugin. -->","yoast_head_json":{"title":"\u00c0 partir de quand \u00eates-vous consid\u00e9r\u00e9 comme r\u00e9sident fiscal en Espagne? - Fuster &amp; Associates","robots":{"index":"index","follow":"follow","max-snippet":"max-snippet:-1","max-image-preview":"max-image-preview:large","max-video-preview":"max-video-preview:-1"},"canonical":"https:\/\/fuster-associates.com\/fr\/blog\/a-partir-de-quand-etes-vous-considere-comme-resident-fiscal-en-espagne\/","og_locale":"fr_FR","og_type":"article","og_title":"\u00c0 partir de quand \u00eates-vous consid\u00e9r\u00e9 comme r\u00e9sident fiscal en Espagne? - Fuster &amp; Associates","og_description":"L&rsquo;Espagne est l&rsquo;une des destinations europ\u00e9ennes les plus attractives pour les expatri\u00e9s, les retrait\u00e9s, les nomades num\u00e9riques et les acqu\u00e9reurs immobiliers internationaux. Cependant, s&rsquo;installer en Espagne ou y passer de longues p\u00e9riodes peut avoir des cons\u00e9quences fiscales importantes que beaucoup de personnes sous-estiment. Chez Fuster &amp; Associates, nous conseillons r\u00e9guli\u00e8rement des clients internationaux qui ne [&hellip;]","og_url":"https:\/\/fuster-associates.com\/fr\/blog\/a-partir-de-quand-etes-vous-considere-comme-resident-fiscal-en-espagne\/","og_site_name":"Fuster &amp; Associates","article_publisher":"https:\/\/www.facebook.com\/fusterspain\/","article_published_time":"2026-08-11T07:00:21+00:00","article_modified_time":"2026-09-01T06:22:25+00:00","og_image":[{"width":1730,"height":909,"url":"https:\/\/fuster-associates.com\/wp-content\/uploads\/When-Do-You-Become-Tax-Resident-in-Spain-Fuster-Associates.png","type":"image\/png"}],"author":"Miguel","twitter_card":"summary_large_image","twitter_creator":"@FusterSpain","twitter_site":"@FusterSpain","twitter_misc":{"\u00c9crit par":"Miguel","Dur\u00e9e de lecture estim\u00e9e":"5 minutes"},"schema":{"@context":"https:\/\/schema.org","@graph":[{"@type":"Article","@id":"https:\/\/fuster-associates.com\/fr\/blog\/a-partir-de-quand-etes-vous-considere-comme-resident-fiscal-en-espagne\/#article","isPartOf":{"@id":"https:\/\/fuster-associates.com\/fr\/blog\/a-partir-de-quand-etes-vous-considere-comme-resident-fiscal-en-espagne\/"},"author":{"name":"Miguel","@id":"https:\/\/fuster-associates.com\/fr\/#\/schema\/person\/fa2823851934b0af5f46855596a862a5"},"headline":"\u00c0 partir de quand \u00eates-vous consid\u00e9r\u00e9 comme r\u00e9sident fiscal en Espagne?","datePublished":"2026-08-11T07:00:21+00:00","dateModified":"2026-09-01T06:22:25+00:00","mainEntityOfPage":{"@id":"https:\/\/fuster-associates.com\/fr\/blog\/a-partir-de-quand-etes-vous-considere-comme-resident-fiscal-en-espagne\/"},"wordCount":1268,"publisher":{"@id":"https:\/\/fuster-associates.com\/fr\/#organization"},"image":{"@id":"https:\/\/fuster-associates.com\/fr\/blog\/a-partir-de-quand-etes-vous-considere-comme-resident-fiscal-en-espagne\/#primaryimage"},"thumbnailUrl":"https:\/\/fuster-associates.com\/wp-content\/uploads\/When-Do-You-Become-Tax-Resident-in-Spain-Fuster-Associates.png","articleSection":["D\u00e9claration de Revenus des Personnes Physiques"],"inLanguage":"fr-FR"},{"@type":"WebPage","@id":"https:\/\/fuster-associates.com\/fr\/blog\/a-partir-de-quand-etes-vous-considere-comme-resident-fiscal-en-espagne\/","url":"https:\/\/fuster-associates.com\/fr\/blog\/a-partir-de-quand-etes-vous-considere-comme-resident-fiscal-en-espagne\/","name":"\u00c0 partir de quand \u00eates-vous consid\u00e9r\u00e9 comme r\u00e9sident fiscal en Espagne? - Fuster &amp; Associates","isPartOf":{"@id":"https:\/\/fuster-associates.com\/fr\/#website"},"primaryImageOfPage":{"@id":"https:\/\/fuster-associates.com\/fr\/blog\/a-partir-de-quand-etes-vous-considere-comme-resident-fiscal-en-espagne\/#primaryimage"},"image":{"@id":"https:\/\/fuster-associates.com\/fr\/blog\/a-partir-de-quand-etes-vous-considere-comme-resident-fiscal-en-espagne\/#primaryimage"},"thumbnailUrl":"https:\/\/fuster-associates.com\/wp-content\/uploads\/When-Do-You-Become-Tax-Resident-in-Spain-Fuster-Associates.png","datePublished":"2026-08-11T07:00:21+00:00","dateModified":"2026-09-01T06:22:25+00:00","breadcrumb":{"@id":"https:\/\/fuster-associates.com\/fr\/blog\/a-partir-de-quand-etes-vous-considere-comme-resident-fiscal-en-espagne\/#breadcrumb"},"inLanguage":"fr-FR","potentialAction":[{"@type":"ReadAction","target":["https:\/\/fuster-associates.com\/fr\/blog\/a-partir-de-quand-etes-vous-considere-comme-resident-fiscal-en-espagne\/"]}]},{"@type":"ImageObject","inLanguage":"fr-FR","@id":"https:\/\/fuster-associates.com\/fr\/blog\/a-partir-de-quand-etes-vous-considere-comme-resident-fiscal-en-espagne\/#primaryimage","url":"https:\/\/fuster-associates.com\/wp-content\/uploads\/When-Do-You-Become-Tax-Resident-in-Spain-Fuster-Associates.png","contentUrl":"https:\/\/fuster-associates.com\/wp-content\/uploads\/When-Do-You-Become-Tax-Resident-in-Spain-Fuster-Associates.png","width":1730,"height":909,"caption":"When Do You Become Tax Resident in Spain - Fuster & Associates"},{"@type":"BreadcrumbList","@id":"https:\/\/fuster-associates.com\/fr\/blog\/a-partir-de-quand-etes-vous-considere-comme-resident-fiscal-en-espagne\/#breadcrumb","itemListElement":[{"@type":"ListItem","position":1,"name":"Accueil","item":"https:\/\/fuster-associates.com\/fr\/"},{"@type":"ListItem","position":2,"name":"\u00c0 partir de quand \u00eates-vous consid\u00e9r\u00e9 comme r\u00e9sident fiscal en Espagne?"}]},{"@type":"WebSite","@id":"https:\/\/fuster-associates.com\/fr\/#website","url":"https:\/\/fuster-associates.com\/fr\/","name":"Fuster & Associates","description":"Property Solicitors","publisher":{"@id":"https:\/\/fuster-associates.com\/fr\/#organization"},"potentialAction":[{"@type":"SearchAction","target":{"@type":"EntryPoint","urlTemplate":"https:\/\/fuster-associates.com\/fr\/?s={search_term_string}"},"query-input":{"@type":"PropertyValueSpecification","valueRequired":true,"valueName":"search_term_string"}}],"inLanguage":"fr-FR"},{"@type":"Organization","@id":"https:\/\/fuster-associates.com\/fr\/#organization","name":"FUSTER & ASSOCIATES","url":"https:\/\/fuster-associates.com\/fr\/","logo":{"@type":"ImageObject","inLanguage":"fr-FR","@id":"https:\/\/fuster-associates.com\/fr\/#\/schema\/logo\/image\/","url":"https:\/\/fuster-associates.com\/wp-content\/uploads\/2018\/08\/logo-fuster-1.jpeg","contentUrl":"https:\/\/fuster-associates.com\/wp-content\/uploads\/2018\/08\/logo-fuster-1.jpeg","width":180,"height":113,"caption":"FUSTER & ASSOCIATES"},"image":{"@id":"https:\/\/fuster-associates.com\/fr\/#\/schema\/logo\/image\/"},"sameAs":["https:\/\/www.facebook.com\/fusterspain\/","https:\/\/x.com\/FusterSpain","https:\/\/www.youtube.com\/channel\/UC2-kNuL1SoqlFizI47hmIOQ","https:\/\/www.linkedin.com\/company\/fuster-&-associates\/"]},{"@type":"Person","@id":"https:\/\/fuster-associates.com\/fr\/#\/schema\/person\/fa2823851934b0af5f46855596a862a5","name":"Miguel","image":{"@type":"ImageObject","inLanguage":"fr-FR","@id":"https:\/\/secure.gravatar.com\/avatar\/a11dac23828920784fa4764ecd64431ce7385ae8a33ed03528bcafd35c83ebbd?s=96&d=mm&r=g","url":"https:\/\/secure.gravatar.com\/avatar\/a11dac23828920784fa4764ecd64431ce7385ae8a33ed03528bcafd35c83ebbd?s=96&d=mm&r=g","contentUrl":"https:\/\/secure.gravatar.com\/avatar\/a11dac23828920784fa4764ecd64431ce7385ae8a33ed03528bcafd35c83ebbd?s=96&d=mm&r=g","caption":"Miguel"}}]}},"_links":{"self":[{"href":"https:\/\/fuster-associates.com\/fr\/wp-json\/wp\/v2\/posts\/40872","targetHints":{"allow":["GET"]}}],"collection":[{"href":"https:\/\/fuster-associates.com\/fr\/wp-json\/wp\/v2\/posts"}],"about":[{"href":"https:\/\/fuster-associates.com\/fr\/wp-json\/wp\/v2\/types\/post"}],"author":[{"embeddable":true,"href":"https:\/\/fuster-associates.com\/fr\/wp-json\/wp\/v2\/users\/7"}],"replies":[{"embeddable":true,"href":"https:\/\/fuster-associates.com\/fr\/wp-json\/wp\/v2\/comments?post=40872"}],"version-history":[{"count":3,"href":"https:\/\/fuster-associates.com\/fr\/wp-json\/wp\/v2\/posts\/40872\/revisions"}],"predecessor-version":[{"id":41020,"href":"https:\/\/fuster-associates.com\/fr\/wp-json\/wp\/v2\/posts\/40872\/revisions\/41020"}],"wp:featuredmedia":[{"embeddable":true,"href":"https:\/\/fuster-associates.com\/fr\/wp-json\/wp\/v2\/media\/40871"}],"wp:attachment":[{"href":"https:\/\/fuster-associates.com\/fr\/wp-json\/wp\/v2\/media?parent=40872"}],"wp:term":[{"taxonomy":"category","embeddable":true,"href":"https:\/\/fuster-associates.com\/fr\/wp-json\/wp\/v2\/categories?post=40872"},{"taxonomy":"post_tag","embeddable":true,"href":"https:\/\/fuster-associates.com\/fr\/wp-json\/wp\/v2\/tags?post=40872"}],"curies":[{"name":"wp","href":"https:\/\/api.w.org\/{rel}","templated":true}]}}