{"id":38071,"date":"2026-04-27T10:21:38","date_gmt":"2026-04-27T08:21:38","guid":{"rendered":"https:\/\/fuster-associates.com\/?p=38071"},"modified":"2026-04-27T10:21:38","modified_gmt":"2026-04-27T08:21:38","slug":"fuster-associates-ouvre-son-premier-bureau-dans-la-ville-de-valence-et-son-quatrieme-dans-la-region","status":"publish","type":"post","link":"https:\/\/fuster-associates.com\/fr\/blog\/fuster-associates-ouvre-son-premier-bureau-dans-la-ville-de-valence-et-son-quatrieme-dans-la-region\/","title":{"rendered":"Fuster &#038; Associates ouvre son premier bureau dans la ville de Valence et son quatri\u00e8me dans la r\u00e9gion"},"content":{"rendered":"<p>Fuster &amp; Associates ouvre son premier bureau dans la ville de Valence et son quatri\u00e8me dans la r\u00e9gion<\/p>\n<p>Le secteur immobilier de la <b>capitale du Turia<\/b> conna\u00eet actuellement une transformation sans pr\u00e9c\u00e9dent. L&rsquo;affirmation de Valence en tant que <i>p\u00f4le<\/i> d&rsquo;investissement am\u00e9ricain et la sophistication croissante du march\u00e9 international exigent une r\u00e9ponse juridique alliant agilit\u00e9 op\u00e9rationnelle et engagement \u00e9thique sans compromis. Avec l&rsquo;ouverture de son nouveau si\u00e8ge social sur la Calle Cirilo Amor\u00f3s, <a href=\"https:\/\/fuster-associates.com\/fr\/\"><b>Fuster &amp; Associates<\/b><\/a> \u00e9tend non seulement sa pr\u00e9sence physique, mais \u00e9tablit \u00e9galement une nouvelle norme de rigueur et renforce la confiance afin de devenir le leader du conseil aux non-r\u00e9sidents dans la capitale.<\/p>\n<p>Dans l&rsquo;\u00e9cosyst\u00e8me de l&rsquo;immobilier haut de gamme, la confiance n&rsquo;est pas un atout qui s&rsquo;improvise ; c&rsquo;est une infrastructure qui doit \u00eatre construite avec rigueur et transparence. En avril 2026, <b>Fuster &amp; Associates<\/b> inaugurera son nouveau si\u00e8ge social rue Cirilo Amor\u00f3s, au c\u0153ur de Valence. Cette ouverture n\u2019est pas seulement une \u00e9tape importante dans l\u2019expansion territoriale du cabinet ; c\u2019est une r\u00e9ponse strat\u00e9gique \u00e0 une demande du march\u00e9 qui ne se contente plus de la gestion administrative traditionnelle, mais qui recherche un <i>partenaire<\/i> capable d\u2019op\u00e9rer selon des normes d\u2019excellence mondiales.<\/p>\n<p>Apr\u00e8s 25 ans pass\u00e9s \u00e0 ouvrir la voie dans le conseil aux non-r\u00e9sidents dans toute la r\u00e9gion m\u00e9diterran\u00e9enne, l\u2019implantation dans la ville de Valence vient compl\u00e9ter une carte de services s\u2019\u00e9tendant d\u2019Almer\u00eda \u00e0 la Communaut\u00e9 valencienne. Il ne s\u2019agit pas seulement d\u2019\u00eatre pr\u00e9sent, mais de fournir la \u00ab colonne vert\u00e9brale op\u00e9rationnelle \u00bb n\u00e9cessaire pour que les promoteurs et les agences locales puissent accueillir avec succ\u00e8s l\u2019afflux d\u2019investisseurs qui, en raison de leur profil et de leur origine, exigent un niveau plus \u00e9lev\u00e9 de s\u00e9curit\u00e9 juridique.<\/p>\n<h3><b>Le march\u00e9 am\u00e9ricain : Valence sur le radar mondial des investissements<\/b><\/h3>\n<p>Au cours de la derni\u00e8re d\u00e9cennie, les investisseurs \u00e9trangers sur la c\u00f4te espagnole correspondaient g\u00e9n\u00e9ralement \u00e0 un profil europ\u00e9en pr\u00e9visible. Cependant, d\u2019ici 2026, le paysage de l\u2019investissement s\u2019est d\u00e9plac\u00e9 vers l\u2019Atlantique. Valence s\u2019est positionn\u00e9e comme la destination privil\u00e9gi\u00e9e des capitaux en provenance des <b>\u00c9tats-Unis<\/b>, les acheteurs consid\u00e9rant la capitale valencienne comme une alternative de grande qualit\u00e9 \u00e0 des march\u00e9s d\u00e9j\u00e0 satur\u00e9s tels que Lisbonne ou Barcelone.<\/p>\n<p>Cet investisseur am\u00e9ricain apporte une dynamique de march\u00e9 diff\u00e9rente. Pour un acheteur de New York, Miami ou San Francisco, le temps est l\u2019atout le plus rare et la s\u00e9curit\u00e9 juridique est une condition pr\u00e9alable \u00e0 tout transfert de fonds. Leur arriv\u00e9e a relev\u00e9 la barre : il ne suffit plus de simplement expliquer le processus d\u2019achat ; il faut \u00eatre capable de g\u00e9rer des structures fiscales complexes, de garantir le respect des r\u00e9glementations internationales en mati\u00e8re de transparence et d\u2019apporter une r\u00e9ponse en temps r\u00e9el que la bureaucratie conventionnelle ralentit souvent.<\/p>\n<p>Chez Fuster &amp; Associates, nous comprenons que le succ\u00e8s du secteur immobilier valencien d\u00e9pend de sa capacit\u00e9 \u00e0 r\u00e9pondre aux besoins de ces clients. Notre \u00e9quipe multiculturelle, qui parle plus d\u2019une douzaine de langues, n\u2019est pas seulement un avantage concurrentiel en mati\u00e8re de communication ; elle garantit que les investisseurs \u00e9trangers se sentent compris et prot\u00e9g\u00e9s au sein de leur propre cadre technique et juridique.<\/p>\n<h3><b><strong>Un partenaire strat\u00e9gique pour l\u2019agilit\u00e9 de l\u2019agence immobili\u00e8re<\/strong><\/b><\/h3>\n<p>La situation actuelle du march\u00e9 immobilier valencien est marqu\u00e9e par un besoin imp\u00e9ratif de sp\u00e9cialisation. L\u2019agent immobilier d\u2019aujourd\u2019hui est un expert en prospection, en marketing et en n\u00e9gociation ; sa valeur r\u00e9side dans sa capacit\u00e9 \u00e0 mettre en relation acheteurs et vendeurs.<\/p>\n<p>Cependant, la complexit\u00e9 croissante des transactions internationales oblige souvent l\u2019agent \u00e0 consacrer son attention \u00e0 des formalit\u00e9s administratives et \u00e0 des consultations juridiques qui lui font perdre du temps et augmentent sa responsabilit\u00e9.<\/p>\n<figure id=\"attachment_38069\" aria-describedby=\"caption-attachment-38069\" style=\"width: 800px\" class=\"wp-caption alignnone\"><img fetchpriority=\"high\" decoding=\"async\" class=\"size-large wp-image-38069\" src=\"https:\/\/fuster-associates.com\/wp-content\/uploads\/Pedro-Martinez-y-David-Albadalejo-Fuster-Associates-1024x739.jpg\" alt=\"Pedro Mart\u00ednez, CEO, and David Albadalejo Fuster, founder of Fuster and Associates. \u2013 Photo: PLAZA\" width=\"800\" height=\"577\" srcset=\"https:\/\/fuster-associates.com\/wp-content\/uploads\/Pedro-Martinez-y-David-Albadalejo-Fuster-Associates-1024x739.jpg 1024w, https:\/\/fuster-associates.com\/wp-content\/uploads\/Pedro-Martinez-y-David-Albadalejo-Fuster-Associates-300x216.jpg 300w, https:\/\/fuster-associates.com\/wp-content\/uploads\/Pedro-Martinez-y-David-Albadalejo-Fuster-Associates-768x554.jpg 768w, https:\/\/fuster-associates.com\/wp-content\/uploads\/Pedro-Martinez-y-David-Albadalejo-Fuster-Associates-610x440.jpg 610w, https:\/\/fuster-associates.com\/wp-content\/uploads\/Pedro-Martinez-y-David-Albadalejo-Fuster-Associates-600x433.jpg 600w, https:\/\/fuster-associates.com\/wp-content\/uploads\/Pedro-Martinez-y-David-Albadalejo-Fuster-Associates.jpg 1216w\" sizes=\"(max-width: 800px) 100vw, 800px\" \/><figcaption id=\"caption-attachment-38069\" class=\"wp-caption-text\">Pedro Mart\u00ednez, PDG, et David Albadalejo Fuster, fondateur de Fuster and Associates. \u2013 Photo: PLAZA<\/figcaption><\/figure>\n<p>La proposition de Fuster &amp; Associates aux agences et promoteurs immobiliers de Valence est \u00e9minemment pratique : agir en tant que leur <b>service juridique externe hautement performant<\/b>. En d\u00e9l\u00e9guant la gestion juridique, fiscale et administrative de la vente \u00e0 notre cabinet, l\u2019agent immobilier r\u00e9cup\u00e8re son atout le plus pr\u00e9cieux : le temps n\u00e9cessaire pour vendre.<\/p>\n<p>Notre implantation dans la rue Cirilo Amor\u00f3s offre au secteur une infrastructure capable de traiter de grands volumes de transactions sans compromettre la rigueur. Nous parlons le langage de l\u2019investisseur, mais nous comprenons \u00e9galement celui des agences immobili\u00e8res valenciennes. Nous savons qu\u2019une transaction ne s\u2019ach\u00e8ve pas lorsque l\u2019offre est accept\u00e9e, mais lorsque le client re\u00e7oit les cl\u00e9s avec la certitude absolue que son investissement est pleinement prot\u00e9g\u00e9.<\/p>\n<h3><b><strong>Valence : l\u2019avenir repose sur la s\u00e9curit\u00e9 juridique dans l\u2019immobilier<\/strong><\/b><\/h3>\n<p>L&rsquo;ouverture de ce nouveau bureau compl\u00e8te la couverture op\u00e9rationnelle du cabinet sur l&rsquo;arc m\u00e9diterran\u00e9en, cr\u00e9ant un filet de s\u00e9curit\u00e9 reliant <b>Valence<\/b> \u00e0 <b>Teulada<\/b>, <b>Finestrat<\/b>, <b>La Zenia<\/b>, <b>Los Alc\u00e1zares<\/b>, <b>Murcie<\/b> et <b>San Juan de los Terreros-Pulp\u00ed<\/b>. Cette continuit\u00e9 territoriale nous permet d&rsquo;offrir un service complet aux investisseurs op\u00e9rant \u00e0 l&rsquo;\u00e9chelle r\u00e9gionale, en garantissant des normes de qualit\u00e9 identiques en tout point de la c\u00f4te.<\/p>\n<p>Valence est en passe de dominer le march\u00e9 immobilier de demain, mais ce leadership doit reposer sur le professionnalisme. D&rsquo;ici 2026, l&rsquo;improvisation ne sera plus une option. Les investisseurs internationaux recherchent des valeurs refuges pour leur capital, et notre mission est de faire en sorte que Valence soit per\u00e7ue comme telle aux quatre coins du monde.<\/p>\n<p>Comme l\u2019affirme <b>Pedro Mart\u00ednez<\/b>, PDG de la soci\u00e9t\u00e9 : \u00ab Notre pr\u00e9sence dans la ville de Valence n\u2019est pas seulement une expansion commerciale ; c\u2019est un engagement envers l\u2019excellence au sein du secteur. Nous sommes l\u00e0 pour veiller \u00e0 ce que chaque signature chez le notaire marque le d\u00e9but d\u2019une r\u00e9ussite, soutenue par la rigueur technique et l\u2019int\u00e9grit\u00e9 morale d\u2019un cabinet qui comprend que, au-del\u00e0 des biens immobiliers eux-m\u00eames, ce que nous prot\u00e9geons, ce sont les projets de vie des gens. \u00bb<\/p>\n<p>&nbsp;<\/p>\n<p>Le bureau de Fuster &amp; Associates \u2013 Valence est situ\u00e9 \u00e0 <b>Cirilo Amor\u00f3s 27<\/b>, 3e \u00e9tage, unit\u00e9 A, 46004, Valence. Son num\u00e9ro de t\u00e9l\u00e9phone est le 965 992 116 et son adresse e-mail est hola@fuster-associates.com.<br \/>\nVous pouvez \u00e9galement consulter leur site web : <a href=\"https:\/\/fuster-associates.com\/fr\/\">fuster.associates.com<\/a><\/p>\n<p>&nbsp;<\/p>\n<div style=\"background-color: #f2f2f2; padding: 20px; border-radius: 8px; max-width: 800px; font-family: \u201cPlus Jakarta Sans\u201d, sans-serif; line-height: 1.6;\">\n<div style=\"font-weight: 600; margin-bottom: 10px;\">Engagement social : Soutenir le travail du HCR<\/div>\n<p>Au-del\u00e0 des r\u00e9sultats financiers, l\u2019autorit\u00e9 d\u2019une entreprise repose sur ses valeurs. Pour Fuster &amp; Associates, la r\u00e9ussite commerciale permet un engagement ferme en mati\u00e8re de responsabilit\u00e9 sociale, \u00e0 travers une collaboration active avec des organisations internationales qui prot\u00e8gent les droits fondamentaux.<\/p>\n<p>Dans ce contexte, le cabinet entretient un partenariat \u00e9troit avec le HCR, l\u2019Agence des Nations Unies pour les r\u00e9fugi\u00e9s, en soutenant ses programmes d\u2019aide humanitaire dans des contextes de crises du logement complexes, comme celle qui touche actuellement la Syrie. Selon le rapport 2025 du HCR sur les retours, apr\u00e8s des ann\u00e9es de conflit, de nombreuses familles syriennes ont commenc\u00e9 \u00e0 concr\u00e9tiser leur d\u00e9sir de rentrer chez elles, mais se heurtent \u00e0 des obstacles majeurs : des habitations d\u00e9truites, un manque de moyens de subsistance et une profonde ins\u00e9curit\u00e9 sur le terrain.<\/p>\n<p>Dans ce contexte, le HCR facilite les retours volontaires afin de garantir qu&rsquo;ils se d\u00e9roulent en toute s\u00e9curit\u00e9, en fournissant une aide financi\u00e8re, des moyens de transport et des conseils sur les documents administratifs n\u00e9cessaires \u00e0 la r\u00e9int\u00e9gration de ces familles. Dans ce contexte, le soutien de donateurs tels que Fuster &amp; Associates a \u00e9t\u00e9 crucial pour faire en sorte que ce d\u00e9sir de rentrer chez soi devienne une r\u00e9alit\u00e9 digne et durable. En fournissant les ressources n\u00e9cessaires, nous permettons aux experts de l&rsquo;ONU d&rsquo;aider les familles \u00e0 r\u00e9tablir leur identit\u00e9 juridique et \u00e0 r\u00e9habiliter leurs logements, garantissant ainsi qu&rsquo;un retour au pays soit possible m\u00eame dans les conditions les plus difficiles.<\/p>\n<\/div>\n<p>&nbsp;<\/p>\n<div style=\"font-family: \u201cPlus Jakarta Sans\u201d, sans-serif; max-width: 900px;\">\n<h3 style=\"margin-bottom: 10px;\">La contribution de Fuster &amp; Associates au HCR<\/h3>\n<p style=\"margin-bottom: 20px; line-height: 1.6;\">Dans le cadre g\u00e9n\u00e9ral des op\u00e9rations du HCR en Syrie en 2025, qui ont consist\u00e9, au niveau national, \u00e0 r\u00e9parer 4 647 logements, \u00e0 distribuer des articles de premi\u00e8re n\u00e9cessit\u00e9 \u00e0 259 443 familles et \u00e0 fournir une aide financi\u00e8re \u00e0 36 545 familles rapatri\u00e9es.<\/p>\n<table style=\"width: 100%; border-collapse: collapse;\">\n<tbody>\n<tr style=\"border-bottom: 2px solid #000; text-align: left;\">\n<th style=\"padding: 12px;\">Activit\u00e9<\/th>\n<th style=\"padding: 12px;\">Total<\/th>\n<th style=\"padding: 12px;\">B\u00e9n\u00e9ficiaires<\/th>\n<\/tr>\n<tr style=\"border-bottom: 1px solid #ddd;\">\n<td style=\"padding: 12px;\">Distribution de kits d&rsquo;aide de base \u00e0 37 familles de r\u00e9fugi\u00e9s rentrant en Syrie<\/td>\n<td style=\"padding: 12px;\">9 233 \u20ac<\/td>\n<td style=\"padding: 12px;\">185 personnes<\/td>\n<\/tr>\n<tr style=\"border-bottom: 1px solid #ddd;\">\n<td style=\"padding: 12px;\">R\u00e9paration de 8 abris pour les m\u00e9nages d\u00e9plac\u00e9s et de retour<\/td>\n<td style=\"padding: 12px;\">14 143 \u20ac<\/td>\n<td style=\"padding: 12px;\">40 personnes<\/td>\n<\/tr>\n<tr style=\"border-bottom: 1px solid #ddd;\">\n<td style=\"padding: 12px;\">Sous-total des activit\u00e9s<\/td>\n<td style=\"padding: 12px;\">23 376 \u20ac<\/td>\n<td style=\"padding: 12px;\"><\/td>\n<\/tr>\n<tr style=\"border-bottom: 1px solid #ddd;\">\n<td style=\"padding: 12px;\">Frais de soutien au programme<\/td>\n<td style=\"padding: 12px;\">1 624 \u20ac<\/td>\n<td style=\"padding: 12px;\"><\/td>\n<\/tr>\n<tr style=\"font-weight: 600;\">\n<td style=\"padding: 12px;\">TOTAL<\/td>\n<td style=\"padding: 12px;\">25 000 \u20ac<\/td>\n<td style=\"padding: 12px;\">225 personnes<\/td>\n<\/tr>\n<\/tbody>\n<\/table>\n<p style=\"margin-top: 15px; font-size: 14px; color: #555;\">Tableau : Fuster &amp; Associates \u2022 Source : HCR : Rapport sur le retour en Syrie en 2025 et programme d&rsquo;aide juridique et au logement.<\/p>\n<\/div>\n<p>&nbsp;<\/p>\n","protected":false},"excerpt":{"rendered":"<p>Fuster &amp; Associates ouvre son premier bureau dans la ville de Valence et son quatri\u00e8me dans la r\u00e9gion Le secteur immobilier de la capitale du Turia conna\u00eet actuellement une transformation sans pr\u00e9c\u00e9dent. L&rsquo;affirmation de Valence en tant que p\u00f4le d&rsquo;investissement am\u00e9ricain et la sophistication croissante du march\u00e9 international exigent une r\u00e9ponse juridique alliant agilit\u00e9 op\u00e9rationnelle [&hellip;]<\/p>\n","protected":false},"author":7,"featured_media":38070,"comment_status":"closed","ping_status":"closed","sticky":false,"template":"","format":"standard","meta":{"content-type":"","_sitemap_exclude":false,"_sitemap_priority":"","_sitemap_frequency":"","footnotes":""},"categories":[17],"tags":[],"class_list":["post-38071","post","type-post","status-publish","format-standard","has-post-thumbnail","hentry","category-non-classifiee"],"yoast_head":"<!-- This site is optimized with the Yoast SEO plugin v27.4 - https:\/\/yoast.com\/product\/yoast-seo-wordpress\/ -->\n<title>Fuster &amp; Associates ouvre son premier bureau dans la ville de Valence et son quatri\u00e8me dans la r\u00e9gion - Fuster &amp; Associates<\/title>\n<meta name=\"robots\" content=\"index, follow, max-snippet:-1, max-image-preview:large, max-video-preview:-1\" \/>\n<link rel=\"canonical\" href=\"https:\/\/fuster-associates.com\/fr\/blog\/fuster-associates-ouvre-son-premier-bureau-dans-la-ville-de-valence-et-son-quatrieme-dans-la-region\/\" \/>\n<meta property=\"og:locale\" content=\"fr_FR\" \/>\n<meta property=\"og:type\" content=\"article\" \/>\n<meta property=\"og:title\" content=\"Fuster &amp; Associates ouvre son premier bureau dans la ville de Valence et son quatri\u00e8me dans la r\u00e9gion - Fuster &amp; Associates\" \/>\n<meta property=\"og:description\" content=\"Fuster &amp; Associates ouvre son premier bureau dans la ville de Valence et son quatri\u00e8me dans la r\u00e9gion Le secteur immobilier de la capitale du Turia conna\u00eet actuellement une transformation sans pr\u00e9c\u00e9dent. L&rsquo;affirmation de Valence en tant que p\u00f4le d&rsquo;investissement am\u00e9ricain et la sophistication croissante du march\u00e9 international exigent une r\u00e9ponse juridique alliant agilit\u00e9 op\u00e9rationnelle [&hellip;]\" \/>\n<meta property=\"og:url\" content=\"https:\/\/fuster-associates.com\/fr\/blog\/fuster-associates-ouvre-son-premier-bureau-dans-la-ville-de-valence-et-son-quatrieme-dans-la-region\/\" \/>\n<meta property=\"og:site_name\" content=\"Fuster &amp; Associates\" \/>\n<meta property=\"article:publisher\" content=\"https:\/\/www.facebook.com\/fusterspain\/\" \/>\n<meta property=\"article:published_time\" content=\"2026-04-27T08:21:38+00:00\" \/>\n<meta property=\"og:image\" content=\"https:\/\/fuster-associates.com\/wp-content\/uploads\/Oficina-Valencia.jpg\" \/>\n\t<meta property=\"og:image:width\" content=\"1200\" \/>\n\t<meta property=\"og:image:height\" content=\"800\" \/>\n\t<meta property=\"og:image:type\" content=\"image\/jpeg\" \/>\n<meta name=\"author\" content=\"Miguel\" \/>\n<meta name=\"twitter:card\" content=\"summary_large_image\" \/>\n<meta name=\"twitter:creator\" content=\"@FusterSpain\" \/>\n<meta name=\"twitter:site\" content=\"@FusterSpain\" \/>\n<meta name=\"twitter:label1\" content=\"\u00c9crit par\" \/>\n\t<meta name=\"twitter:data1\" content=\"Miguel\" \/>\n\t<meta name=\"twitter:label2\" content=\"Dur\u00e9e de lecture estim\u00e9e\" \/>\n\t<meta name=\"twitter:data2\" content=\"7 minutes\" \/>\n<script type=\"application\/ld+json\" class=\"yoast-schema-graph\">{\"@context\":\"https:\\\/\\\/schema.org\",\"@graph\":[{\"@type\":\"Article\",\"@id\":\"https:\\\/\\\/fuster-associates.com\\\/fr\\\/blog\\\/fuster-associates-ouvre-son-premier-bureau-dans-la-ville-de-valence-et-son-quatrieme-dans-la-region\\\/#article\",\"isPartOf\":{\"@id\":\"https:\\\/\\\/fuster-associates.com\\\/fr\\\/blog\\\/fuster-associates-ouvre-son-premier-bureau-dans-la-ville-de-valence-et-son-quatrieme-dans-la-region\\\/\"},\"author\":{\"name\":\"Miguel\",\"@id\":\"https:\\\/\\\/fuster-associates.com\\\/fr\\\/#\\\/schema\\\/person\\\/272425e5a87006c908425c14ca37566b\"},\"headline\":\"Fuster &#038; Associates ouvre son premier bureau dans la ville de Valence et son quatri\u00e8me dans la r\u00e9gion\",\"datePublished\":\"2026-04-27T08:21:38+00:00\",\"mainEntityOfPage\":{\"@id\":\"https:\\\/\\\/fuster-associates.com\\\/fr\\\/blog\\\/fuster-associates-ouvre-son-premier-bureau-dans-la-ville-de-valence-et-son-quatrieme-dans-la-region\\\/\"},\"wordCount\":1539,\"publisher\":{\"@id\":\"https:\\\/\\\/fuster-associates.com\\\/fr\\\/#organization\"},\"image\":{\"@id\":\"https:\\\/\\\/fuster-associates.com\\\/fr\\\/blog\\\/fuster-associates-ouvre-son-premier-bureau-dans-la-ville-de-valence-et-son-quatrieme-dans-la-region\\\/#primaryimage\"},\"thumbnailUrl\":\"https:\\\/\\\/fuster-associates.com\\\/wp-content\\\/uploads\\\/Oficina-Valencia.jpg\",\"articleSection\":[\"Fuster &amp; Associates\"],\"inLanguage\":\"fr-FR\"},{\"@type\":\"WebPage\",\"@id\":\"https:\\\/\\\/fuster-associates.com\\\/fr\\\/blog\\\/fuster-associates-ouvre-son-premier-bureau-dans-la-ville-de-valence-et-son-quatrieme-dans-la-region\\\/\",\"url\":\"https:\\\/\\\/fuster-associates.com\\\/fr\\\/blog\\\/fuster-associates-ouvre-son-premier-bureau-dans-la-ville-de-valence-et-son-quatrieme-dans-la-region\\\/\",\"name\":\"Fuster & Associates ouvre son premier bureau dans la ville de Valence et son quatri\u00e8me dans la r\u00e9gion - Fuster &amp; Associates\",\"isPartOf\":{\"@id\":\"https:\\\/\\\/fuster-associates.com\\\/fr\\\/#website\"},\"primaryImageOfPage\":{\"@id\":\"https:\\\/\\\/fuster-associates.com\\\/fr\\\/blog\\\/fuster-associates-ouvre-son-premier-bureau-dans-la-ville-de-valence-et-son-quatrieme-dans-la-region\\\/#primaryimage\"},\"image\":{\"@id\":\"https:\\\/\\\/fuster-associates.com\\\/fr\\\/blog\\\/fuster-associates-ouvre-son-premier-bureau-dans-la-ville-de-valence-et-son-quatrieme-dans-la-region\\\/#primaryimage\"},\"thumbnailUrl\":\"https:\\\/\\\/fuster-associates.com\\\/wp-content\\\/uploads\\\/Oficina-Valencia.jpg\",\"datePublished\":\"2026-04-27T08:21:38+00:00\",\"breadcrumb\":{\"@id\":\"https:\\\/\\\/fuster-associates.com\\\/fr\\\/blog\\\/fuster-associates-ouvre-son-premier-bureau-dans-la-ville-de-valence-et-son-quatrieme-dans-la-region\\\/#breadcrumb\"},\"inLanguage\":\"fr-FR\",\"potentialAction\":[{\"@type\":\"ReadAction\",\"target\":[\"https:\\\/\\\/fuster-associates.com\\\/fr\\\/blog\\\/fuster-associates-ouvre-son-premier-bureau-dans-la-ville-de-valence-et-son-quatrieme-dans-la-region\\\/\"]}]},{\"@type\":\"ImageObject\",\"inLanguage\":\"fr-FR\",\"@id\":\"https:\\\/\\\/fuster-associates.com\\\/fr\\\/blog\\\/fuster-associates-ouvre-son-premier-bureau-dans-la-ville-de-valence-et-son-quatrieme-dans-la-region\\\/#primaryimage\",\"url\":\"https:\\\/\\\/fuster-associates.com\\\/wp-content\\\/uploads\\\/Oficina-Valencia.jpg\",\"contentUrl\":\"https:\\\/\\\/fuster-associates.com\\\/wp-content\\\/uploads\\\/Oficina-Valencia.jpg\",\"width\":1200,\"height\":800,\"caption\":\"Fachada en la calle Cirilo Amor\u00f3s de Val\u00e8ncia.\"},{\"@type\":\"BreadcrumbList\",\"@id\":\"https:\\\/\\\/fuster-associates.com\\\/fr\\\/blog\\\/fuster-associates-ouvre-son-premier-bureau-dans-la-ville-de-valence-et-son-quatrieme-dans-la-region\\\/#breadcrumb\",\"itemListElement\":[{\"@type\":\"ListItem\",\"position\":1,\"name\":\"Accueil\",\"item\":\"https:\\\/\\\/fuster-associates.com\\\/fr\\\/\"},{\"@type\":\"ListItem\",\"position\":2,\"name\":\"Fuster &#038; Associates ouvre son premier bureau dans la ville de Valence et son quatri\u00e8me dans la r\u00e9gion\"}]},{\"@type\":\"WebSite\",\"@id\":\"https:\\\/\\\/fuster-associates.com\\\/fr\\\/#website\",\"url\":\"https:\\\/\\\/fuster-associates.com\\\/fr\\\/\",\"name\":\"Fuster & Associates\",\"description\":\"Property Solicitors\",\"publisher\":{\"@id\":\"https:\\\/\\\/fuster-associates.com\\\/fr\\\/#organization\"},\"potentialAction\":[{\"@type\":\"SearchAction\",\"target\":{\"@type\":\"EntryPoint\",\"urlTemplate\":\"https:\\\/\\\/fuster-associates.com\\\/fr\\\/?s={search_term_string}\"},\"query-input\":{\"@type\":\"PropertyValueSpecification\",\"valueRequired\":true,\"valueName\":\"search_term_string\"}}],\"inLanguage\":\"fr-FR\"},{\"@type\":\"Organization\",\"@id\":\"https:\\\/\\\/fuster-associates.com\\\/fr\\\/#organization\",\"name\":\"FUSTER & ASSOCIATES\",\"url\":\"https:\\\/\\\/fuster-associates.com\\\/fr\\\/\",\"logo\":{\"@type\":\"ImageObject\",\"inLanguage\":\"fr-FR\",\"@id\":\"https:\\\/\\\/fuster-associates.com\\\/fr\\\/#\\\/schema\\\/logo\\\/image\\\/\",\"url\":\"https:\\\/\\\/fuster-associates.com\\\/wp-content\\\/uploads\\\/2018\\\/08\\\/logo-fuster-1.jpeg\",\"contentUrl\":\"https:\\\/\\\/fuster-associates.com\\\/wp-content\\\/uploads\\\/2018\\\/08\\\/logo-fuster-1.jpeg\",\"width\":180,\"height\":113,\"caption\":\"FUSTER & ASSOCIATES\"},\"image\":{\"@id\":\"https:\\\/\\\/fuster-associates.com\\\/fr\\\/#\\\/schema\\\/logo\\\/image\\\/\"},\"sameAs\":[\"https:\\\/\\\/www.facebook.com\\\/fusterspain\\\/\",\"https:\\\/\\\/x.com\\\/FusterSpain\",\"https:\\\/\\\/www.youtube.com\\\/channel\\\/UC2-kNuL1SoqlFizI47hmIOQ\",\"https:\\\/\\\/www.linkedin.com\\\/company\\\/fuster-&-associates\\\/\"]},{\"@type\":\"Person\",\"@id\":\"https:\\\/\\\/fuster-associates.com\\\/fr\\\/#\\\/schema\\\/person\\\/272425e5a87006c908425c14ca37566b\",\"name\":\"Miguel\",\"image\":{\"@type\":\"ImageObject\",\"inLanguage\":\"fr-FR\",\"@id\":\"https:\\\/\\\/secure.gravatar.com\\\/avatar\\\/a11dac23828920784fa4764ecd64431ce7385ae8a33ed03528bcafd35c83ebbd?s=96&d=mm&r=g\",\"url\":\"https:\\\/\\\/secure.gravatar.com\\\/avatar\\\/a11dac23828920784fa4764ecd64431ce7385ae8a33ed03528bcafd35c83ebbd?s=96&d=mm&r=g\",\"contentUrl\":\"https:\\\/\\\/secure.gravatar.com\\\/avatar\\\/a11dac23828920784fa4764ecd64431ce7385ae8a33ed03528bcafd35c83ebbd?s=96&d=mm&r=g\",\"caption\":\"Miguel\"}}]}<\/script>\n<!-- \/ Yoast SEO plugin. -->","yoast_head_json":{"title":"Fuster & Associates ouvre son premier bureau dans la ville de Valence et son quatri\u00e8me dans la r\u00e9gion - Fuster &amp; Associates","robots":{"index":"index","follow":"follow","max-snippet":"max-snippet:-1","max-image-preview":"max-image-preview:large","max-video-preview":"max-video-preview:-1"},"canonical":"https:\/\/fuster-associates.com\/fr\/blog\/fuster-associates-ouvre-son-premier-bureau-dans-la-ville-de-valence-et-son-quatrieme-dans-la-region\/","og_locale":"fr_FR","og_type":"article","og_title":"Fuster & Associates ouvre son premier bureau dans la ville de Valence et son quatri\u00e8me dans la r\u00e9gion - Fuster &amp; Associates","og_description":"Fuster &amp; Associates ouvre son premier bureau dans la ville de Valence et son quatri\u00e8me dans la r\u00e9gion Le secteur immobilier de la capitale du Turia conna\u00eet actuellement une transformation sans pr\u00e9c\u00e9dent. L&rsquo;affirmation de Valence en tant que p\u00f4le d&rsquo;investissement am\u00e9ricain et la sophistication croissante du march\u00e9 international exigent une r\u00e9ponse juridique alliant agilit\u00e9 op\u00e9rationnelle [&hellip;]","og_url":"https:\/\/fuster-associates.com\/fr\/blog\/fuster-associates-ouvre-son-premier-bureau-dans-la-ville-de-valence-et-son-quatrieme-dans-la-region\/","og_site_name":"Fuster &amp; Associates","article_publisher":"https:\/\/www.facebook.com\/fusterspain\/","article_published_time":"2026-04-27T08:21:38+00:00","og_image":[{"width":1200,"height":800,"url":"https:\/\/fuster-associates.com\/wp-content\/uploads\/Oficina-Valencia.jpg","type":"image\/jpeg"}],"author":"Miguel","twitter_card":"summary_large_image","twitter_creator":"@FusterSpain","twitter_site":"@FusterSpain","twitter_misc":{"\u00c9crit par":"Miguel","Dur\u00e9e de lecture estim\u00e9e":"7 minutes"},"schema":{"@context":"https:\/\/schema.org","@graph":[{"@type":"Article","@id":"https:\/\/fuster-associates.com\/fr\/blog\/fuster-associates-ouvre-son-premier-bureau-dans-la-ville-de-valence-et-son-quatrieme-dans-la-region\/#article","isPartOf":{"@id":"https:\/\/fuster-associates.com\/fr\/blog\/fuster-associates-ouvre-son-premier-bureau-dans-la-ville-de-valence-et-son-quatrieme-dans-la-region\/"},"author":{"name":"Miguel","@id":"https:\/\/fuster-associates.com\/fr\/#\/schema\/person\/272425e5a87006c908425c14ca37566b"},"headline":"Fuster &#038; Associates ouvre son premier bureau dans la ville de Valence et son quatri\u00e8me dans la r\u00e9gion","datePublished":"2026-04-27T08:21:38+00:00","mainEntityOfPage":{"@id":"https:\/\/fuster-associates.com\/fr\/blog\/fuster-associates-ouvre-son-premier-bureau-dans-la-ville-de-valence-et-son-quatrieme-dans-la-region\/"},"wordCount":1539,"publisher":{"@id":"https:\/\/fuster-associates.com\/fr\/#organization"},"image":{"@id":"https:\/\/fuster-associates.com\/fr\/blog\/fuster-associates-ouvre-son-premier-bureau-dans-la-ville-de-valence-et-son-quatrieme-dans-la-region\/#primaryimage"},"thumbnailUrl":"https:\/\/fuster-associates.com\/wp-content\/uploads\/Oficina-Valencia.jpg","articleSection":["Fuster &amp; Associates"],"inLanguage":"fr-FR"},{"@type":"WebPage","@id":"https:\/\/fuster-associates.com\/fr\/blog\/fuster-associates-ouvre-son-premier-bureau-dans-la-ville-de-valence-et-son-quatrieme-dans-la-region\/","url":"https:\/\/fuster-associates.com\/fr\/blog\/fuster-associates-ouvre-son-premier-bureau-dans-la-ville-de-valence-et-son-quatrieme-dans-la-region\/","name":"Fuster & Associates ouvre son premier bureau dans la ville de Valence et son quatri\u00e8me dans la r\u00e9gion - Fuster &amp; Associates","isPartOf":{"@id":"https:\/\/fuster-associates.com\/fr\/#website"},"primaryImageOfPage":{"@id":"https:\/\/fuster-associates.com\/fr\/blog\/fuster-associates-ouvre-son-premier-bureau-dans-la-ville-de-valence-et-son-quatrieme-dans-la-region\/#primaryimage"},"image":{"@id":"https:\/\/fuster-associates.com\/fr\/blog\/fuster-associates-ouvre-son-premier-bureau-dans-la-ville-de-valence-et-son-quatrieme-dans-la-region\/#primaryimage"},"thumbnailUrl":"https:\/\/fuster-associates.com\/wp-content\/uploads\/Oficina-Valencia.jpg","datePublished":"2026-04-27T08:21:38+00:00","breadcrumb":{"@id":"https:\/\/fuster-associates.com\/fr\/blog\/fuster-associates-ouvre-son-premier-bureau-dans-la-ville-de-valence-et-son-quatrieme-dans-la-region\/#breadcrumb"},"inLanguage":"fr-FR","potentialAction":[{"@type":"ReadAction","target":["https:\/\/fuster-associates.com\/fr\/blog\/fuster-associates-ouvre-son-premier-bureau-dans-la-ville-de-valence-et-son-quatrieme-dans-la-region\/"]}]},{"@type":"ImageObject","inLanguage":"fr-FR","@id":"https:\/\/fuster-associates.com\/fr\/blog\/fuster-associates-ouvre-son-premier-bureau-dans-la-ville-de-valence-et-son-quatrieme-dans-la-region\/#primaryimage","url":"https:\/\/fuster-associates.com\/wp-content\/uploads\/Oficina-Valencia.jpg","contentUrl":"https:\/\/fuster-associates.com\/wp-content\/uploads\/Oficina-Valencia.jpg","width":1200,"height":800,"caption":"Fachada en la calle Cirilo Amor\u00f3s de Val\u00e8ncia."},{"@type":"BreadcrumbList","@id":"https:\/\/fuster-associates.com\/fr\/blog\/fuster-associates-ouvre-son-premier-bureau-dans-la-ville-de-valence-et-son-quatrieme-dans-la-region\/#breadcrumb","itemListElement":[{"@type":"ListItem","position":1,"name":"Accueil","item":"https:\/\/fuster-associates.com\/fr\/"},{"@type":"ListItem","position":2,"name":"Fuster &#038; Associates ouvre son premier bureau dans la ville de Valence et son quatri\u00e8me dans la r\u00e9gion"}]},{"@type":"WebSite","@id":"https:\/\/fuster-associates.com\/fr\/#website","url":"https:\/\/fuster-associates.com\/fr\/","name":"Fuster & Associates","description":"Property Solicitors","publisher":{"@id":"https:\/\/fuster-associates.com\/fr\/#organization"},"potentialAction":[{"@type":"SearchAction","target":{"@type":"EntryPoint","urlTemplate":"https:\/\/fuster-associates.com\/fr\/?s={search_term_string}"},"query-input":{"@type":"PropertyValueSpecification","valueRequired":true,"valueName":"search_term_string"}}],"inLanguage":"fr-FR"},{"@type":"Organization","@id":"https:\/\/fuster-associates.com\/fr\/#organization","name":"FUSTER & ASSOCIATES","url":"https:\/\/fuster-associates.com\/fr\/","logo":{"@type":"ImageObject","inLanguage":"fr-FR","@id":"https:\/\/fuster-associates.com\/fr\/#\/schema\/logo\/image\/","url":"https:\/\/fuster-associates.com\/wp-content\/uploads\/2018\/08\/logo-fuster-1.jpeg","contentUrl":"https:\/\/fuster-associates.com\/wp-content\/uploads\/2018\/08\/logo-fuster-1.jpeg","width":180,"height":113,"caption":"FUSTER & ASSOCIATES"},"image":{"@id":"https:\/\/fuster-associates.com\/fr\/#\/schema\/logo\/image\/"},"sameAs":["https:\/\/www.facebook.com\/fusterspain\/","https:\/\/x.com\/FusterSpain","https:\/\/www.youtube.com\/channel\/UC2-kNuL1SoqlFizI47hmIOQ","https:\/\/www.linkedin.com\/company\/fuster-&-associates\/"]},{"@type":"Person","@id":"https:\/\/fuster-associates.com\/fr\/#\/schema\/person\/272425e5a87006c908425c14ca37566b","name":"Miguel","image":{"@type":"ImageObject","inLanguage":"fr-FR","@id":"https:\/\/secure.gravatar.com\/avatar\/a11dac23828920784fa4764ecd64431ce7385ae8a33ed03528bcafd35c83ebbd?s=96&d=mm&r=g","url":"https:\/\/secure.gravatar.com\/avatar\/a11dac23828920784fa4764ecd64431ce7385ae8a33ed03528bcafd35c83ebbd?s=96&d=mm&r=g","contentUrl":"https:\/\/secure.gravatar.com\/avatar\/a11dac23828920784fa4764ecd64431ce7385ae8a33ed03528bcafd35c83ebbd?s=96&d=mm&r=g","caption":"Miguel"}}]}},"_links":{"self":[{"href":"https:\/\/fuster-associates.com\/fr\/wp-json\/wp\/v2\/posts\/38071","targetHints":{"allow":["GET"]}}],"collection":[{"href":"https:\/\/fuster-associates.com\/fr\/wp-json\/wp\/v2\/posts"}],"about":[{"href":"https:\/\/fuster-associates.com\/fr\/wp-json\/wp\/v2\/types\/post"}],"author":[{"embeddable":true,"href":"https:\/\/fuster-associates.com\/fr\/wp-json\/wp\/v2\/users\/7"}],"replies":[{"embeddable":true,"href":"https:\/\/fuster-associates.com\/fr\/wp-json\/wp\/v2\/comments?post=38071"}],"version-history":[{"count":1,"href":"https:\/\/fuster-associates.com\/fr\/wp-json\/wp\/v2\/posts\/38071\/revisions"}],"predecessor-version":[{"id":38072,"href":"https:\/\/fuster-associates.com\/fr\/wp-json\/wp\/v2\/posts\/38071\/revisions\/38072"}],"wp:featuredmedia":[{"embeddable":true,"href":"https:\/\/fuster-associates.com\/fr\/wp-json\/wp\/v2\/media\/38070"}],"wp:attachment":[{"href":"https:\/\/fuster-associates.com\/fr\/wp-json\/wp\/v2\/media?parent=38071"}],"wp:term":[{"taxonomy":"category","embeddable":true,"href":"https:\/\/fuster-associates.com\/fr\/wp-json\/wp\/v2\/categories?post=38071"},{"taxonomy":"post_tag","embeddable":true,"href":"https:\/\/fuster-associates.com\/fr\/wp-json\/wp\/v2\/tags?post=38071"}],"curies":[{"name":"wp","href":"https:\/\/api.w.org\/{rel}","templated":true}]}}