{"id":37929,"date":"2026-04-22T09:03:04","date_gmt":"2026-04-22T07:03:04","guid":{"rendered":"https:\/\/fuster-associates.com\/?p=37929"},"modified":"2026-04-27T09:06:50","modified_gmt":"2026-04-27T07:06:50","slug":"engagement-en-faveur-de-la-syrie-fuster-associates-et-la-voie-vers-la-reconstruction-des-foyers","status":"publish","type":"post","link":"https:\/\/fuster-associates.com\/fr\/blog\/engagement-en-faveur-de-la-syrie-fuster-associates-et-la-voie-vers-la-reconstruction-des-foyers\/","title":{"rendered":"Engagement en faveur de la Syrie: Fuster &#038; Associates et la voie vers la reconstruction des foyers."},"content":{"rendered":"<p>Chez <b>Fuster &amp; Associates<\/b>, nous sommes conscients que notre responsabilit\u00e9 en tant que cabinet d&rsquo;avocats d\u00e9passe le cadre de notre pratique professionnelle quotidienne. Nous croyons en une <b>justice mondiale<\/b> qui prot\u00e8ge la dignit\u00e9 des plus vuln\u00e9rables. C&rsquo;est pourquoi nous entretenons un partenariat strat\u00e9gique avec <b>le HCR<\/b>, en collaborant \u00e0 des projets qui redonnent espoir \u00e0 ceux qui ont tout perdu.<\/p>\n<p>Dans cet article, nous d\u00e9taillons l&rsquo;impact de notre collaboration en Syrie au cours de l&rsquo;ann\u00e9e \u00e9coul\u00e9e et les nouveaux d\u00e9fis humanitaires auxquels nous sommes confront\u00e9s en 2026.<\/p>\n<h3><b>2025 : L&rsquo;ann\u00e9e de l&rsquo;espoir et du retour volontaire<\/b><\/h3>\n<p>Apr\u00e8s quatorze ann\u00e9es d\u2019un conflit qui a provoqu\u00e9 la plus grande crise de d\u00e9placement au monde, la chute du r\u00e9gime d\u2019Assad fin 2024 a ouvert une extraordinaire fen\u00eatre d\u2019opportunit\u00e9 pour la paix. <b>2025 s\u2019est impos\u00e9e comme l\u2019ann\u00e9e du retour<\/b>, au cours de laquelle des millions de Syriens ont enfin pu r\u00e9aliser leur r\u00eave de rentrer chez eux.<\/p>\n<p>&nbsp;<\/p>\n<figure id=\"attachment_37884\" aria-describedby=\"caption-attachment-37884\" style=\"width: 800px\" class=\"wp-caption alignnone\"><img fetchpriority=\"high\" decoding=\"async\" class=\"wp-image-37884 size-large\" src=\"https:\/\/fuster-associates.com\/wp-content\/uploads\/Mapa-de-siria-ACNUR-e1776419757853-1024x847.png\" alt=\"Carte de la Syrie indiquant le nombre de rapatri\u00e9s par province\" width=\"800\" height=\"662\" srcset=\"https:\/\/fuster-associates.com\/wp-content\/uploads\/Mapa-de-siria-ACNUR-e1776419757853-1024x847.png 1024w, https:\/\/fuster-associates.com\/wp-content\/uploads\/Mapa-de-siria-ACNUR-e1776419757853-300x248.png 300w, https:\/\/fuster-associates.com\/wp-content\/uploads\/Mapa-de-siria-ACNUR-e1776419757853-768x635.png 768w, https:\/\/fuster-associates.com\/wp-content\/uploads\/Mapa-de-siria-ACNUR-e1776419757853-610x504.png 610w, https:\/\/fuster-associates.com\/wp-content\/uploads\/Mapa-de-siria-ACNUR-e1776419757853-600x496.png 600w, https:\/\/fuster-associates.com\/wp-content\/uploads\/Mapa-de-siria-ACNUR-e1776419757853.png 1306w\" sizes=\"(max-width: 800px) 100vw, 800px\" \/><figcaption id=\"caption-attachment-37884\" class=\"wp-caption-text\"><em>Carte de la Syrie indiquant le nombre de rapatri\u00e9s par province<\/em><\/figcaption><\/figure>\n<p>&nbsp;<\/p>\n<p>Les chiffres pour cette p\u00e9riode sont frappants :<\/p>\n<ul>\n<li>Plus de <b>1,3 million de personnes sont revenues de pays d&rsquo;asile<\/b>, principalement de Turquie (577 313) et du Liban (491 716).<\/li>\n<li>Environ <b>2 millions de personnes d\u00e9plac\u00e9es \u00e0 l&rsquo;int\u00e9rieur du pays<\/b> sont retourn\u00e9es dans leur lieu d&rsquo;origine en Syrie.<\/li>\n<li>Le profil des personnes qui rentrent est vari\u00e9 : <b>52 % sont des femmes<\/b> et <b>48 % sont des hommes<\/b>, dont 10 % d&rsquo;enfants de moins de 4 ans qui d\u00e9couvrent leur pays d&rsquo;origine pour la premi\u00e8re fois.<\/li>\n<\/ul>\n<div class=\"visualizer-front-container\" id=\"chart_wrapper_visualizer-37885-653351013\"><style type=\"text\/css\" name=\"visualizer-custom-css\" id=\"customcss-visualizer-37885\">.locker,.locker-loader{position:absolute;top:0;left:0;width:100%;height:100%}.locker{z-index:1000;opacity:.8;background-color:#fff;-ms-filter:\"progid:DXImageTransform.Microsoft.Alpha(Opacity=80)\";filter:alpha(opacity=80)}.locker-loader{z-index:1001;background:url(https:\/\/fuster-associates.com\/wp-content\/plugins\/visualizer\/images\/ajax-loader.gif) no-repeat center center}.dt-button{display:none!important}.visualizer-front-container.visualizer-lazy-render{content-visibility: auto;}.google-visualization-controls-categoryfilter label.google-visualization-controls-label {vertical-align: middle;}.google-visualization-controls-categoryfilter li.goog-inline-block {margin: 0 0.2em;}.google-visualization-controls-categoryfilter li {padding: 0 0.2em;}.visualizer-front-container .dataTables_scrollHeadInner{margin: 0 auto;}<\/style><div id=\"visualizer-37885-653351013\" class=\"visualizer-front  visualizer-front-37885\"><\/div><!-- Not showing structured data for chart 37885 because title is empty --><\/div>\n<figure id=\"attachment_37888\" aria-describedby=\"caption-attachment-37888\" style=\"width: 630px\" class=\"wp-caption alignnone\"><img decoding=\"async\" class=\"size-full wp-image-37888\" src=\"https:\/\/fuster-associates.com\/wp-content\/uploads\/Age-and-Gender-breakdown.-Source-ACNUR.jpeg\" alt=\"R\u00e9partition par \u00e2ge et par sexe. Source : HCR\" width=\"630\" height=\"213\" srcset=\"https:\/\/fuster-associates.com\/wp-content\/uploads\/Age-and-Gender-breakdown.-Source-ACNUR.jpeg 630w, https:\/\/fuster-associates.com\/wp-content\/uploads\/Age-and-Gender-breakdown.-Source-ACNUR-300x101.jpeg 300w, https:\/\/fuster-associates.com\/wp-content\/uploads\/Age-and-Gender-breakdown.-Source-ACNUR-610x206.jpeg 610w, https:\/\/fuster-associates.com\/wp-content\/uploads\/Age-and-Gender-breakdown.-Source-ACNUR-600x203.jpeg 600w\" sizes=\"(max-width: 630px) 100vw, 630px\" \/><figcaption id=\"caption-attachment-37888\" class=\"wp-caption-text\"><em>R\u00e9partition par \u00e2ge et par sexe. Source : \u00a9<a href=\"https:\/\/www.acnur.org\/es-es\/\">HCR<\/a><\/em><\/figcaption><\/figure>\n<p>&nbsp;<\/p>\n<h3><b>D\u00e9fis juridiques et humanitaires li\u00e9s \u00e0 la r\u00e9int\u00e9gration<\/b><\/h3>\n<p>Vouloir rentrer ne signifie pas toujours pouvoir le faire imm\u00e9diatement. Les familles sont confront\u00e9es \u00e0 des obstacles structurels : des logements d\u00e9truits, un manque d\u2019emploi et une s\u00e9curit\u00e9 qui reste fragile. \u00c0 ce stade, le travail du HCR est essentiel pour garantir que le retour soit <b>volontaire, s\u00fbr et digne<\/b>.<\/p>\n<p>Chez <b>Fuster &amp; Associates<\/b>, nous accordons une importance particuli\u00e8re au soutien apport\u00e9 aux rapatri\u00e9s en mati\u00e8re de <b>documents d&rsquo;\u00e9tat civil et d&rsquo;assistance juridique<\/b>, un outil juridique essentiel pour r\u00e9cup\u00e9rer leurs droits et leurs biens.<\/p>\n<figure id=\"attachment_37925\" aria-describedby=\"caption-attachment-37925\" style=\"width: 800px\" class=\"wp-caption alignnone\"><img decoding=\"async\" class=\"size-large wp-image-37925\" src=\"https:\/\/fuster-associates.com\/wp-content\/uploads\/Kits-de-ayuda-1024x682.jpg\" alt=\"Distribution of winter kits to returning families in the governorates of Hama and Homs. \u00a9 UNHCR\/A. AlKady\" width=\"800\" height=\"533\" \/><figcaption id=\"caption-attachment-37925\" class=\"wp-caption-text\">Distribution de kits d&rsquo;hiver aux familles de retour dans les gouvernorats de Hama et de Homs. \u00a9 HCR\/A. AlKady<\/figcaption><\/figure>\n<h3><b>R\u00e9ponse globale du HCR sur le terrain<\/b><\/h3>\n<p>Afin d\u2019assurer une r\u00e9int\u00e9gration durable, l\u2019intervention s\u2019articule autour de six domaines cl\u00e9s dans lesquels le HCR a travaill\u00e9 intensivement tout au long de l\u2019ann\u00e9e 2025 :<\/p>\n<ol>\n<li><b>Protection :<\/b> Un r\u00e9seau de 71 centres communautaires et de plus de 1 500 b\u00e9n\u00e9voles assure un soutien psychosocial et la pr\u00e9vention de la violence sexiste.<\/li>\n<li><b>Transport s\u00e9curis\u00e9 :<\/b> Le transfert de 31 000 personnes depuis les points frontaliers vers leur destination finale a \u00e9t\u00e9 facilit\u00e9.<\/li>\n<li><b>Articles d&rsquo;urgence :<\/b> Distribution de kits de premi\u00e8re n\u00e9cessit\u00e9 (couvertures, matelas, lampes solaires) \u00e0 plus de 1,2 million de personnes.<\/li>\n<li><b>H\u00e9bergement :<\/b> R\u00e9paration de plus de 4 600 habitations endommag\u00e9es, restauration des syst\u00e8mes \u00e9lectriques, des murs et des toitures.<\/li>\n<li><b>Moyens de subsistance :<\/b> Soutien \u00e0 plus de 2 200 petites entreprises pour aider les familles \u00e0 devenir autonomes.<\/li>\n<li><b>Aide financi\u00e8re :<\/b> Aide directe pour aider plus de 36 000 familles \u00e0 subvenir \u00e0 leurs besoins les plus urgents d\u00e8s leur arriv\u00e9e.<\/li>\n<\/ol>\n<p>&nbsp;<\/p>\n<figure id=\"attachment_37889\" aria-describedby=\"caption-attachment-37889\" style=\"width: 800px\" class=\"wp-caption alignnone\"><img loading=\"lazy\" decoding=\"async\" class=\"wp-image-37889 size-large\" src=\"https:\/\/fuster-associates.com\/wp-content\/uploads\/Syria-is-Home-1024x576.png\" alt=\" Cette plateforme a re\u00e7u 92 000 visites de r\u00e9fugi\u00e9s \u00e0 la recherche d'informations fiables sur leurs droits au retour.\" width=\"800\" height=\"450\" srcset=\"https:\/\/fuster-associates.com\/wp-content\/uploads\/Syria-is-Home-1024x576.png 1024w, https:\/\/fuster-associates.com\/wp-content\/uploads\/Syria-is-Home-300x169.png 300w, https:\/\/fuster-associates.com\/wp-content\/uploads\/Syria-is-Home-768x432.png 768w, https:\/\/fuster-associates.com\/wp-content\/uploads\/Syria-is-Home-1536x864.png 1536w, https:\/\/fuster-associates.com\/wp-content\/uploads\/Syria-is-Home-610x343.png 610w, https:\/\/fuster-associates.com\/wp-content\/uploads\/Syria-is-Home-600x338.png 600w, https:\/\/fuster-associates.com\/wp-content\/uploads\/Syria-is-Home.png 1920w\" sizes=\"(max-width: 800px) 100vw, 800px\" \/><figcaption id=\"caption-attachment-37889\" class=\"wp-caption-text\"><em>Cette plateforme a re\u00e7u 92 000 visites de r\u00e9fugi\u00e9s \u00e0 la recherche d&rsquo;informations fiables sur leurs droits au retour.<\/em><\/figcaption><\/figure>\n<p>&nbsp;<\/p>\n<h3><b>L&rsquo;impact r\u00e9el de la contribution de Fuster &amp; Associates<\/b><\/h3>\n<p>Chez <b>Fuster &amp; Associates<\/b>, nous sommes fiers que notre contribution de <b>25 000 \u20ac<\/b> ait eu un impact direct et tangible.<\/p>\n<p>Gr\u00e2ce \u00e0 ce don, la vie de <b>225 personnes<\/b> a \u00e9t\u00e9 transform\u00e9e :<\/p>\n<ul>\n<li><b>Fourniture de kits d&rsquo;aide de base \u00e0 37 familles<\/b> (185 personnes), leur permettant d&rsquo;affronter leurs premiers jours apr\u00e8s leur retour dans la dignit\u00e9 (9 233 \u20ac).<\/li>\n<li><b>R\u00e9paration de 8 abris s\u00fbrs<\/b> pour les m\u00e9nages d\u00e9plac\u00e9s et de retour, garantissant un toit s\u00fbr \u00e0 40 personnes (14 143 \u20ac).<\/li>\n<\/ul>\n<p>&nbsp;<\/p>\n<h3><b>2026 : une nouvelle urgence qui requiert notre attention<\/b><\/h3>\n<p>Malgr\u00e9 les progr\u00e8s r\u00e9alis\u00e9s, l&rsquo;ann\u00e9e 2026 a apport\u00e9 son lot de nouveaux d\u00e9fis. L&rsquo;escalade du conflit au Liban a contraint plus de <b>200 000 personnes \u00e0 traverser la fronti\u00e8re vers la Syrie<\/b> rien qu&rsquo;au mois de mars. Ces personnes arrivent \u00e9puis\u00e9es, traumatis\u00e9es et sans rien, dans un pays o\u00f9 90 % de la population vit d\u00e9j\u00e0 dans la pauvret\u00e9.<\/p>\n<p>Actuellement, l&rsquo;op\u00e9ration humanitaire en Syrie dispose de <b>moins de 30 % des fonds n\u00e9cessaires<\/b>. C&rsquo;est pourquoi le soutien continu d&rsquo;entreprises comme la n\u00f4tre est plus crucial que jamais pour \u00e9viter des coupes dans les services de protection essentiels.<\/p>\n<figure id=\"attachment_37927\" aria-describedby=\"caption-attachment-37927\" style=\"width: 712px\" class=\"wp-caption alignnone\"><img loading=\"lazy\" decoding=\"async\" class=\"size-full wp-image-37927\" src=\"https:\/\/fuster-associates.com\/wp-content\/uploads\/Siria-Autobuses.jpg\" alt=\"The UNHCR team is supporting a convoy of 13 buses carrying Syrian refugees returning from Lebanon via the Arida border crossing, ensuring coordination and assistance throughout the journey. The returnees headed for the governorates of Idlib and Homs. \u00a9 UNHCR\/E. Kabba\" width=\"712\" height=\"474\" \/><figcaption id=\"caption-attachment-37927\" class=\"wp-caption-text\">L&rsquo;\u00e9quipe du HCR accompagne un convoi de 13 bus transportant des r\u00e9fugi\u00e9s syriens qui rentrent du Liban par le poste-fronti\u00e8re d&rsquo;Arida, assurant la coordination et l&rsquo;assistance tout au long du trajet. Les rapatri\u00e9s se dirigent vers les gouvernorats d&rsquo;Idlib et de Homs. \u00a9 HCR\/E. Kabba<\/figcaption><\/figure>\n<h3><b>Notre engagement se poursuit<\/b><\/h3>\n<p>Chez <b>Fuster &amp; Associates<\/b>, nous continuerons \u00e0 nous tenir aux c\u00f4t\u00e9s du HCR afin que chaque famille rentrant en Syrie y trouve non seulement les murs d\u2019une maison, mais un foyer s\u00fbr o\u00f9 elle pourra reconstruire son avenir.<\/p>\n<p><b>Souhaitez-vous en savoir plus sur nos projets de responsabilit\u00e9 sociale ou sur la mani\u00e8re dont vous pouvez vous impliquer ?<\/b><\/p>\n<p>&nbsp;<\/p>\n<div style=\"text-align: left;\"><a style=\"display: inline-block; background-color: #2f5e94; color: white; font-family: \u201cRed Hat Display\u201d,sans-serif; font-weight: bold; font-size: 15px; text-decoration: none; padding: 12px 24px; border-radius: 6px; transition: background-color 0.3s ease;\" role=\"link\" href=\"https:\/\/fuster-associates.com\/fr\/contact\/\">Contactez-nous d\u00e8s aujourd&rsquo;hui<\/a><\/div>\n<p>&nbsp;<\/p>\n","protected":false},"excerpt":{"rendered":"<p>Chez Fuster &amp; Associates, nous sommes conscients que notre responsabilit\u00e9 en tant que cabinet d&rsquo;avocats d\u00e9passe le cadre de notre pratique professionnelle quotidienne. Nous croyons en une justice mondiale qui prot\u00e8ge la dignit\u00e9 des plus vuln\u00e9rables. C&rsquo;est pourquoi nous entretenons un partenariat strat\u00e9gique avec le HCR, en collaborant \u00e0 des projets qui redonnent espoir \u00e0 [&hellip;]<\/p>\n","protected":false},"author":7,"featured_media":37928,"comment_status":"closed","ping_status":"closed","sticky":false,"template":"","format":"standard","meta":{"content-type":"","_sitemap_exclude":false,"_sitemap_priority":"","_sitemap_frequency":"","footnotes":""},"categories":[17],"tags":[],"class_list":["post-37929","post","type-post","status-publish","format-standard","has-post-thumbnail","hentry","category-non-classifiee"],"yoast_head":"<!-- This site is optimized with the Yoast SEO plugin v27.4 - https:\/\/yoast.com\/product\/yoast-seo-wordpress\/ -->\n<title>Engagement en faveur de la Syrie: Fuster &amp; Associates et la voie vers la reconstruction des foyers. - Fuster &amp; Associates<\/title>\n<meta name=\"robots\" content=\"index, follow, max-snippet:-1, max-image-preview:large, max-video-preview:-1\" \/>\n<link rel=\"canonical\" href=\"https:\/\/fuster-associates.com\/fr\/blog\/engagement-en-faveur-de-la-syrie-fuster-associates-et-la-voie-vers-la-reconstruction-des-foyers\/\" \/>\n<meta property=\"og:locale\" content=\"fr_FR\" \/>\n<meta property=\"og:type\" content=\"article\" \/>\n<meta property=\"og:title\" content=\"Engagement en faveur de la Syrie: Fuster &amp; Associates et la voie vers la reconstruction des foyers. - Fuster &amp; Associates\" \/>\n<meta property=\"og:description\" content=\"Chez Fuster &amp; Associates, nous sommes conscients que notre responsabilit\u00e9 en tant que cabinet d&rsquo;avocats d\u00e9passe le cadre de notre pratique professionnelle quotidienne. Nous croyons en une justice mondiale qui prot\u00e8ge la dignit\u00e9 des plus vuln\u00e9rables. C&rsquo;est pourquoi nous entretenons un partenariat strat\u00e9gique avec le HCR, en collaborant \u00e0 des projets qui redonnent espoir \u00e0 [&hellip;]\" \/>\n<meta property=\"og:url\" content=\"https:\/\/fuster-associates.com\/fr\/blog\/engagement-en-faveur-de-la-syrie-fuster-associates-et-la-voie-vers-la-reconstruction-des-foyers\/\" \/>\n<meta property=\"og:site_name\" content=\"Fuster &amp; Associates\" \/>\n<meta property=\"article:publisher\" content=\"https:\/\/www.facebook.com\/fusterspain\/\" \/>\n<meta property=\"article:published_time\" content=\"2026-04-22T07:03:04+00:00\" \/>\n<meta property=\"article:modified_time\" content=\"2026-04-27T07:06:50+00:00\" \/>\n<meta property=\"og:image\" content=\"https:\/\/fuster-associates.com\/wp-content\/uploads\/525145744_1162074602630066_4454378808896704350_n.jpg\" \/>\n\t<meta property=\"og:image:width\" content=\"1600\" \/>\n\t<meta property=\"og:image:height\" content=\"1200\" \/>\n\t<meta property=\"og:image:type\" content=\"image\/jpeg\" \/>\n<meta name=\"author\" content=\"Miguel\" \/>\n<meta name=\"twitter:card\" content=\"summary_large_image\" \/>\n<meta name=\"twitter:creator\" content=\"@FusterSpain\" \/>\n<meta name=\"twitter:site\" content=\"@FusterSpain\" \/>\n<meta name=\"twitter:label1\" content=\"\u00c9crit par\" \/>\n\t<meta name=\"twitter:data1\" content=\"Miguel\" \/>\n\t<meta name=\"twitter:label2\" content=\"Dur\u00e9e de lecture estim\u00e9e\" \/>\n\t<meta name=\"twitter:data2\" content=\"5 minutes\" \/>\n<script type=\"application\/ld+json\" class=\"yoast-schema-graph\">{\"@context\":\"https:\\\/\\\/schema.org\",\"@graph\":[{\"@type\":\"Article\",\"@id\":\"https:\\\/\\\/fuster-associates.com\\\/fr\\\/blog\\\/engagement-en-faveur-de-la-syrie-fuster-associates-et-la-voie-vers-la-reconstruction-des-foyers\\\/#article\",\"isPartOf\":{\"@id\":\"https:\\\/\\\/fuster-associates.com\\\/fr\\\/blog\\\/engagement-en-faveur-de-la-syrie-fuster-associates-et-la-voie-vers-la-reconstruction-des-foyers\\\/\"},\"author\":{\"name\":\"Miguel\",\"@id\":\"https:\\\/\\\/fuster-associates.com\\\/fr\\\/#\\\/schema\\\/person\\\/272425e5a87006c908425c14ca37566b\"},\"headline\":\"Engagement en faveur de la Syrie: Fuster &#038; Associates et la voie vers la reconstruction des foyers.\",\"datePublished\":\"2026-04-22T07:03:04+00:00\",\"dateModified\":\"2026-04-27T07:06:50+00:00\",\"mainEntityOfPage\":{\"@id\":\"https:\\\/\\\/fuster-associates.com\\\/fr\\\/blog\\\/engagement-en-faveur-de-la-syrie-fuster-associates-et-la-voie-vers-la-reconstruction-des-foyers\\\/\"},\"wordCount\":965,\"publisher\":{\"@id\":\"https:\\\/\\\/fuster-associates.com\\\/fr\\\/#organization\"},\"image\":{\"@id\":\"https:\\\/\\\/fuster-associates.com\\\/fr\\\/blog\\\/engagement-en-faveur-de-la-syrie-fuster-associates-et-la-voie-vers-la-reconstruction-des-foyers\\\/#primaryimage\"},\"thumbnailUrl\":\"https:\\\/\\\/fuster-associates.com\\\/wp-content\\\/uploads\\\/525145744_1162074602630066_4454378808896704350_n.jpg\",\"articleSection\":[\"Fuster &amp; Associates\"],\"inLanguage\":\"fr-FR\"},{\"@type\":\"WebPage\",\"@id\":\"https:\\\/\\\/fuster-associates.com\\\/fr\\\/blog\\\/engagement-en-faveur-de-la-syrie-fuster-associates-et-la-voie-vers-la-reconstruction-des-foyers\\\/\",\"url\":\"https:\\\/\\\/fuster-associates.com\\\/fr\\\/blog\\\/engagement-en-faveur-de-la-syrie-fuster-associates-et-la-voie-vers-la-reconstruction-des-foyers\\\/\",\"name\":\"Engagement en faveur de la Syrie: Fuster & Associates et la voie vers la reconstruction des foyers. - Fuster &amp; Associates\",\"isPartOf\":{\"@id\":\"https:\\\/\\\/fuster-associates.com\\\/fr\\\/#website\"},\"primaryImageOfPage\":{\"@id\":\"https:\\\/\\\/fuster-associates.com\\\/fr\\\/blog\\\/engagement-en-faveur-de-la-syrie-fuster-associates-et-la-voie-vers-la-reconstruction-des-foyers\\\/#primaryimage\"},\"image\":{\"@id\":\"https:\\\/\\\/fuster-associates.com\\\/fr\\\/blog\\\/engagement-en-faveur-de-la-syrie-fuster-associates-et-la-voie-vers-la-reconstruction-des-foyers\\\/#primaryimage\"},\"thumbnailUrl\":\"https:\\\/\\\/fuster-associates.com\\\/wp-content\\\/uploads\\\/525145744_1162074602630066_4454378808896704350_n.jpg\",\"datePublished\":\"2026-04-22T07:03:04+00:00\",\"dateModified\":\"2026-04-27T07:06:50+00:00\",\"breadcrumb\":{\"@id\":\"https:\\\/\\\/fuster-associates.com\\\/fr\\\/blog\\\/engagement-en-faveur-de-la-syrie-fuster-associates-et-la-voie-vers-la-reconstruction-des-foyers\\\/#breadcrumb\"},\"inLanguage\":\"fr-FR\",\"potentialAction\":[{\"@type\":\"ReadAction\",\"target\":[\"https:\\\/\\\/fuster-associates.com\\\/fr\\\/blog\\\/engagement-en-faveur-de-la-syrie-fuster-associates-et-la-voie-vers-la-reconstruction-des-foyers\\\/\"]}]},{\"@type\":\"ImageObject\",\"inLanguage\":\"fr-FR\",\"@id\":\"https:\\\/\\\/fuster-associates.com\\\/fr\\\/blog\\\/engagement-en-faveur-de-la-syrie-fuster-associates-et-la-voie-vers-la-reconstruction-des-foyers\\\/#primaryimage\",\"url\":\"https:\\\/\\\/fuster-associates.com\\\/wp-content\\\/uploads\\\/525145744_1162074602630066_4454378808896704350_n.jpg\",\"contentUrl\":\"https:\\\/\\\/fuster-associates.com\\\/wp-content\\\/uploads\\\/525145744_1162074602630066_4454378808896704350_n.jpg\",\"width\":1600,\"height\":1200,\"caption\":\"A Syrian family returning home to Syria after years in exile. \u00a9UNHCR\\\/Shawkat Al Harfous\"},{\"@type\":\"BreadcrumbList\",\"@id\":\"https:\\\/\\\/fuster-associates.com\\\/fr\\\/blog\\\/engagement-en-faveur-de-la-syrie-fuster-associates-et-la-voie-vers-la-reconstruction-des-foyers\\\/#breadcrumb\",\"itemListElement\":[{\"@type\":\"ListItem\",\"position\":1,\"name\":\"Accueil\",\"item\":\"https:\\\/\\\/fuster-associates.com\\\/fr\\\/\"},{\"@type\":\"ListItem\",\"position\":2,\"name\":\"Engagement en faveur de la Syrie: Fuster &#038; Associates et la voie vers la reconstruction des foyers.\"}]},{\"@type\":\"WebSite\",\"@id\":\"https:\\\/\\\/fuster-associates.com\\\/fr\\\/#website\",\"url\":\"https:\\\/\\\/fuster-associates.com\\\/fr\\\/\",\"name\":\"Fuster & Associates\",\"description\":\"Property Solicitors\",\"publisher\":{\"@id\":\"https:\\\/\\\/fuster-associates.com\\\/fr\\\/#organization\"},\"potentialAction\":[{\"@type\":\"SearchAction\",\"target\":{\"@type\":\"EntryPoint\",\"urlTemplate\":\"https:\\\/\\\/fuster-associates.com\\\/fr\\\/?s={search_term_string}\"},\"query-input\":{\"@type\":\"PropertyValueSpecification\",\"valueRequired\":true,\"valueName\":\"search_term_string\"}}],\"inLanguage\":\"fr-FR\"},{\"@type\":\"Organization\",\"@id\":\"https:\\\/\\\/fuster-associates.com\\\/fr\\\/#organization\",\"name\":\"FUSTER & ASSOCIATES\",\"url\":\"https:\\\/\\\/fuster-associates.com\\\/fr\\\/\",\"logo\":{\"@type\":\"ImageObject\",\"inLanguage\":\"fr-FR\",\"@id\":\"https:\\\/\\\/fuster-associates.com\\\/fr\\\/#\\\/schema\\\/logo\\\/image\\\/\",\"url\":\"https:\\\/\\\/fuster-associates.com\\\/wp-content\\\/uploads\\\/2018\\\/08\\\/logo-fuster-1.jpeg\",\"contentUrl\":\"https:\\\/\\\/fuster-associates.com\\\/wp-content\\\/uploads\\\/2018\\\/08\\\/logo-fuster-1.jpeg\",\"width\":180,\"height\":113,\"caption\":\"FUSTER & ASSOCIATES\"},\"image\":{\"@id\":\"https:\\\/\\\/fuster-associates.com\\\/fr\\\/#\\\/schema\\\/logo\\\/image\\\/\"},\"sameAs\":[\"https:\\\/\\\/www.facebook.com\\\/fusterspain\\\/\",\"https:\\\/\\\/x.com\\\/FusterSpain\",\"https:\\\/\\\/www.youtube.com\\\/channel\\\/UC2-kNuL1SoqlFizI47hmIOQ\",\"https:\\\/\\\/www.linkedin.com\\\/company\\\/fuster-&-associates\\\/\"]},{\"@type\":\"Person\",\"@id\":\"https:\\\/\\\/fuster-associates.com\\\/fr\\\/#\\\/schema\\\/person\\\/272425e5a87006c908425c14ca37566b\",\"name\":\"Miguel\",\"image\":{\"@type\":\"ImageObject\",\"inLanguage\":\"fr-FR\",\"@id\":\"https:\\\/\\\/secure.gravatar.com\\\/avatar\\\/a11dac23828920784fa4764ecd64431ce7385ae8a33ed03528bcafd35c83ebbd?s=96&d=mm&r=g\",\"url\":\"https:\\\/\\\/secure.gravatar.com\\\/avatar\\\/a11dac23828920784fa4764ecd64431ce7385ae8a33ed03528bcafd35c83ebbd?s=96&d=mm&r=g\",\"contentUrl\":\"https:\\\/\\\/secure.gravatar.com\\\/avatar\\\/a11dac23828920784fa4764ecd64431ce7385ae8a33ed03528bcafd35c83ebbd?s=96&d=mm&r=g\",\"caption\":\"Miguel\"}}]}<\/script>\n<!-- \/ Yoast SEO plugin. -->","yoast_head_json":{"title":"Engagement en faveur de la Syrie: Fuster & Associates et la voie vers la reconstruction des foyers. - Fuster &amp; Associates","robots":{"index":"index","follow":"follow","max-snippet":"max-snippet:-1","max-image-preview":"max-image-preview:large","max-video-preview":"max-video-preview:-1"},"canonical":"https:\/\/fuster-associates.com\/fr\/blog\/engagement-en-faveur-de-la-syrie-fuster-associates-et-la-voie-vers-la-reconstruction-des-foyers\/","og_locale":"fr_FR","og_type":"article","og_title":"Engagement en faveur de la Syrie: Fuster & Associates et la voie vers la reconstruction des foyers. - Fuster &amp; Associates","og_description":"Chez Fuster &amp; Associates, nous sommes conscients que notre responsabilit\u00e9 en tant que cabinet d&rsquo;avocats d\u00e9passe le cadre de notre pratique professionnelle quotidienne. Nous croyons en une justice mondiale qui prot\u00e8ge la dignit\u00e9 des plus vuln\u00e9rables. C&rsquo;est pourquoi nous entretenons un partenariat strat\u00e9gique avec le HCR, en collaborant \u00e0 des projets qui redonnent espoir \u00e0 [&hellip;]","og_url":"https:\/\/fuster-associates.com\/fr\/blog\/engagement-en-faveur-de-la-syrie-fuster-associates-et-la-voie-vers-la-reconstruction-des-foyers\/","og_site_name":"Fuster &amp; Associates","article_publisher":"https:\/\/www.facebook.com\/fusterspain\/","article_published_time":"2026-04-22T07:03:04+00:00","article_modified_time":"2026-04-27T07:06:50+00:00","og_image":[{"width":1600,"height":1200,"url":"https:\/\/fuster-associates.com\/wp-content\/uploads\/525145744_1162074602630066_4454378808896704350_n.jpg","type":"image\/jpeg"}],"author":"Miguel","twitter_card":"summary_large_image","twitter_creator":"@FusterSpain","twitter_site":"@FusterSpain","twitter_misc":{"\u00c9crit par":"Miguel","Dur\u00e9e de lecture estim\u00e9e":"5 minutes"},"schema":{"@context":"https:\/\/schema.org","@graph":[{"@type":"Article","@id":"https:\/\/fuster-associates.com\/fr\/blog\/engagement-en-faveur-de-la-syrie-fuster-associates-et-la-voie-vers-la-reconstruction-des-foyers\/#article","isPartOf":{"@id":"https:\/\/fuster-associates.com\/fr\/blog\/engagement-en-faveur-de-la-syrie-fuster-associates-et-la-voie-vers-la-reconstruction-des-foyers\/"},"author":{"name":"Miguel","@id":"https:\/\/fuster-associates.com\/fr\/#\/schema\/person\/272425e5a87006c908425c14ca37566b"},"headline":"Engagement en faveur de la Syrie: Fuster &#038; Associates et la voie vers la reconstruction des foyers.","datePublished":"2026-04-22T07:03:04+00:00","dateModified":"2026-04-27T07:06:50+00:00","mainEntityOfPage":{"@id":"https:\/\/fuster-associates.com\/fr\/blog\/engagement-en-faveur-de-la-syrie-fuster-associates-et-la-voie-vers-la-reconstruction-des-foyers\/"},"wordCount":965,"publisher":{"@id":"https:\/\/fuster-associates.com\/fr\/#organization"},"image":{"@id":"https:\/\/fuster-associates.com\/fr\/blog\/engagement-en-faveur-de-la-syrie-fuster-associates-et-la-voie-vers-la-reconstruction-des-foyers\/#primaryimage"},"thumbnailUrl":"https:\/\/fuster-associates.com\/wp-content\/uploads\/525145744_1162074602630066_4454378808896704350_n.jpg","articleSection":["Fuster &amp; Associates"],"inLanguage":"fr-FR"},{"@type":"WebPage","@id":"https:\/\/fuster-associates.com\/fr\/blog\/engagement-en-faveur-de-la-syrie-fuster-associates-et-la-voie-vers-la-reconstruction-des-foyers\/","url":"https:\/\/fuster-associates.com\/fr\/blog\/engagement-en-faveur-de-la-syrie-fuster-associates-et-la-voie-vers-la-reconstruction-des-foyers\/","name":"Engagement en faveur de la Syrie: Fuster & Associates et la voie vers la reconstruction des foyers. - Fuster &amp; Associates","isPartOf":{"@id":"https:\/\/fuster-associates.com\/fr\/#website"},"primaryImageOfPage":{"@id":"https:\/\/fuster-associates.com\/fr\/blog\/engagement-en-faveur-de-la-syrie-fuster-associates-et-la-voie-vers-la-reconstruction-des-foyers\/#primaryimage"},"image":{"@id":"https:\/\/fuster-associates.com\/fr\/blog\/engagement-en-faveur-de-la-syrie-fuster-associates-et-la-voie-vers-la-reconstruction-des-foyers\/#primaryimage"},"thumbnailUrl":"https:\/\/fuster-associates.com\/wp-content\/uploads\/525145744_1162074602630066_4454378808896704350_n.jpg","datePublished":"2026-04-22T07:03:04+00:00","dateModified":"2026-04-27T07:06:50+00:00","breadcrumb":{"@id":"https:\/\/fuster-associates.com\/fr\/blog\/engagement-en-faveur-de-la-syrie-fuster-associates-et-la-voie-vers-la-reconstruction-des-foyers\/#breadcrumb"},"inLanguage":"fr-FR","potentialAction":[{"@type":"ReadAction","target":["https:\/\/fuster-associates.com\/fr\/blog\/engagement-en-faveur-de-la-syrie-fuster-associates-et-la-voie-vers-la-reconstruction-des-foyers\/"]}]},{"@type":"ImageObject","inLanguage":"fr-FR","@id":"https:\/\/fuster-associates.com\/fr\/blog\/engagement-en-faveur-de-la-syrie-fuster-associates-et-la-voie-vers-la-reconstruction-des-foyers\/#primaryimage","url":"https:\/\/fuster-associates.com\/wp-content\/uploads\/525145744_1162074602630066_4454378808896704350_n.jpg","contentUrl":"https:\/\/fuster-associates.com\/wp-content\/uploads\/525145744_1162074602630066_4454378808896704350_n.jpg","width":1600,"height":1200,"caption":"A Syrian family returning home to Syria after years in exile. \u00a9UNHCR\/Shawkat Al Harfous"},{"@type":"BreadcrumbList","@id":"https:\/\/fuster-associates.com\/fr\/blog\/engagement-en-faveur-de-la-syrie-fuster-associates-et-la-voie-vers-la-reconstruction-des-foyers\/#breadcrumb","itemListElement":[{"@type":"ListItem","position":1,"name":"Accueil","item":"https:\/\/fuster-associates.com\/fr\/"},{"@type":"ListItem","position":2,"name":"Engagement en faveur de la Syrie: Fuster &#038; Associates et la voie vers la reconstruction des foyers."}]},{"@type":"WebSite","@id":"https:\/\/fuster-associates.com\/fr\/#website","url":"https:\/\/fuster-associates.com\/fr\/","name":"Fuster & Associates","description":"Property Solicitors","publisher":{"@id":"https:\/\/fuster-associates.com\/fr\/#organization"},"potentialAction":[{"@type":"SearchAction","target":{"@type":"EntryPoint","urlTemplate":"https:\/\/fuster-associates.com\/fr\/?s={search_term_string}"},"query-input":{"@type":"PropertyValueSpecification","valueRequired":true,"valueName":"search_term_string"}}],"inLanguage":"fr-FR"},{"@type":"Organization","@id":"https:\/\/fuster-associates.com\/fr\/#organization","name":"FUSTER & ASSOCIATES","url":"https:\/\/fuster-associates.com\/fr\/","logo":{"@type":"ImageObject","inLanguage":"fr-FR","@id":"https:\/\/fuster-associates.com\/fr\/#\/schema\/logo\/image\/","url":"https:\/\/fuster-associates.com\/wp-content\/uploads\/2018\/08\/logo-fuster-1.jpeg","contentUrl":"https:\/\/fuster-associates.com\/wp-content\/uploads\/2018\/08\/logo-fuster-1.jpeg","width":180,"height":113,"caption":"FUSTER & ASSOCIATES"},"image":{"@id":"https:\/\/fuster-associates.com\/fr\/#\/schema\/logo\/image\/"},"sameAs":["https:\/\/www.facebook.com\/fusterspain\/","https:\/\/x.com\/FusterSpain","https:\/\/www.youtube.com\/channel\/UC2-kNuL1SoqlFizI47hmIOQ","https:\/\/www.linkedin.com\/company\/fuster-&-associates\/"]},{"@type":"Person","@id":"https:\/\/fuster-associates.com\/fr\/#\/schema\/person\/272425e5a87006c908425c14ca37566b","name":"Miguel","image":{"@type":"ImageObject","inLanguage":"fr-FR","@id":"https:\/\/secure.gravatar.com\/avatar\/a11dac23828920784fa4764ecd64431ce7385ae8a33ed03528bcafd35c83ebbd?s=96&d=mm&r=g","url":"https:\/\/secure.gravatar.com\/avatar\/a11dac23828920784fa4764ecd64431ce7385ae8a33ed03528bcafd35c83ebbd?s=96&d=mm&r=g","contentUrl":"https:\/\/secure.gravatar.com\/avatar\/a11dac23828920784fa4764ecd64431ce7385ae8a33ed03528bcafd35c83ebbd?s=96&d=mm&r=g","caption":"Miguel"}}]}},"_links":{"self":[{"href":"https:\/\/fuster-associates.com\/fr\/wp-json\/wp\/v2\/posts\/37929","targetHints":{"allow":["GET"]}}],"collection":[{"href":"https:\/\/fuster-associates.com\/fr\/wp-json\/wp\/v2\/posts"}],"about":[{"href":"https:\/\/fuster-associates.com\/fr\/wp-json\/wp\/v2\/types\/post"}],"author":[{"embeddable":true,"href":"https:\/\/fuster-associates.com\/fr\/wp-json\/wp\/v2\/users\/7"}],"replies":[{"embeddable":true,"href":"https:\/\/fuster-associates.com\/fr\/wp-json\/wp\/v2\/comments?post=37929"}],"version-history":[{"count":2,"href":"https:\/\/fuster-associates.com\/fr\/wp-json\/wp\/v2\/posts\/37929\/revisions"}],"predecessor-version":[{"id":38048,"href":"https:\/\/fuster-associates.com\/fr\/wp-json\/wp\/v2\/posts\/37929\/revisions\/38048"}],"wp:featuredmedia":[{"embeddable":true,"href":"https:\/\/fuster-associates.com\/fr\/wp-json\/wp\/v2\/media\/37928"}],"wp:attachment":[{"href":"https:\/\/fuster-associates.com\/fr\/wp-json\/wp\/v2\/media?parent=37929"}],"wp:term":[{"taxonomy":"category","embeddable":true,"href":"https:\/\/fuster-associates.com\/fr\/wp-json\/wp\/v2\/categories?post=37929"},{"taxonomy":"post_tag","embeddable":true,"href":"https:\/\/fuster-associates.com\/fr\/wp-json\/wp\/v2\/tags?post=37929"}],"curies":[{"name":"wp","href":"https:\/\/api.w.org\/{rel}","templated":true}]}}