{"id":41075,"date":"2026-09-03T09:04:33","date_gmt":"2026-09-03T07:04:33","guid":{"rendered":"https:\/\/fuster-associates.com\/?p=41075"},"modified":"2026-09-03T09:04:33","modified_gmt":"2026-09-03T07:04:33","slug":"ulkomaiset-ostajat-palaavat-mita-espanjan-vuoden-2026-toisen-neljanneksen-kiinteistotilastot-todella-kertovat","status":"publish","type":"post","link":"https:\/\/fuster-associates.com\/fi\/blog\/ulkomaiset-ostajat-palaavat-mita-espanjan-vuoden-2026-toisen-neljanneksen-kiinteistotilastot-todella-kertovat\/","title":{"rendered":"Ulkomaiset ostajat palaavat: mit\u00e4 Espanjan vuoden 2026 toisen nelj\u00e4nneksen kiinteist\u00f6tilastot todella kertovat"},"content":{"rendered":"<p>Vuoden 2026 toinen nelj\u00e4nnes tuo mukanaan mielenkiintoisen muutoksen Espanjan asuntomarkkinoilla.<\/p>\n<p>Vaikka kiinteist\u00f6kauppojen kokonaism\u00e4\u00e4r\u00e4 on laskenut, ulkomainen kysynt\u00e4 on kehittynyt p\u00e4invastaiseen suuntaan. Kansainv\u00e4listen ostajien osuus ja ostojen absoluuttinen m\u00e4\u00e4r\u00e4 kasvoivat, ja ne saavuttivat historiallisen aikasarjan korkeimman tason.<\/p>\n<p>Samaan aikaan kiinteist\u00f6jen hinnat jatkoivat nousuaan, ja asuinkiinteist\u00f6jen keskihinta saavutti uuden historiallisen enn\u00e4tyksen: <strong>2 487 euroa neli\u00f6metrilt\u00e4<\/strong>.<\/p>\n<p><strong>Colegio de Registradoresin<\/strong> tuoreimmat luvut viittaavatkin siis markkinoihin, jotka ovat kallistumassa, muuttumassa entist\u00e4 valikoivammiksi ja joihin kansainv\u00e4linen kysynt\u00e4 vaikuttaa yh\u00e4 enemm\u00e4n.<\/p>\n<div style=\"height: 20px;\"><\/div>\n<h3><strong>Markkinat hidastuvat, mutta kiinteist\u00f6hinnat enn\u00e4tyskorkealla<\/strong><\/h3>\n<p>Espanjassa kirjattiin <strong>167 934 asuinkiinteist\u00f6kauppaa vuoden 2026 toisella nelj\u00e4nneksell\u00e4<\/strong>, mik\u00e4 merkitsee 5,7 prosentin laskua edelliseen nelj\u00e4nnekseen verrattuna ja 2,3 prosentin laskua vuoden 2025 toiseen nelj\u00e4nnekseen verrattuna.<\/p>\n<p><strong>T\u00e4m\u00e4 on toinen per\u00e4kk\u00e4inen nelj\u00e4nnesvuosittainen lasku ja pienin kauptojen m\u00e4\u00e4r\u00e4 viimeisten seitsem\u00e4n nelj\u00e4nneksen aikana.<\/strong><\/p>\n<p><strong>Lasku oli selvemp\u00e4\u00e4 uusrakennuksissa, joissa kaupat v\u00e4heniv\u00e4t 11,5 %, kun taas k\u00e4ytettyjen kiinteist\u00f6jen kaupat laskivat 4 %.<\/strong><\/p>\n<p>Pitk\u00e4n aikav\u00e4lin n\u00e4kym\u00e4t ovat kuitenkin edelleen suhteellisen vahvat. Viimeisten kahdentoista kuukauden aikana Espanjassa kirjattiin <strong>698 684 asuntokauppaa<\/strong>, mik\u00e4 on 1 % enemm\u00e4n kuin edellisen\u00e4 kahdentoista kuukauden jaksona.<\/p>\n<div style=\"height: 10px;\"><\/div>\n<h4><strong>Kiinteist\u00f6jen hinnat jatkavat nousuaan<\/strong><\/h4>\n<p>Kauppam\u00e4\u00e4rien laskusta huolimatta hinnat jatkoivat nousutrendi\u00e4\u00e4n.<\/p>\n<p>Asuntojen keskim\u00e4\u00e4r\u00e4inen hinta nousi <strong>2 487 euroon\/m\u00b2<\/strong>, mik\u00e4 on uusi kaikkien aikojen enn\u00e4tys ja <strong>2,4 %:n nousu edelliseen vuosinelj\u00e4nnekseen verrattuna<\/strong>. Vuositasolla hinnat nousivat <strong>9,2 %<\/strong>.<\/p>\n<p>Ero kiinteist\u00f6tyyppien v\u00e4lill\u00e4 on erityisen huomattava:<\/p>\n<ul>\n<li><strong>K\u00e4ytetyt kiinteist\u00f6t:<\/strong> 2 448 \u20ac\/m\u00b2, nousua 3,5 % nelj\u00e4nnesvuosittain<\/li>\n<li><strong>Uudisrakennukset:<\/strong> 2 636 \u20ac\/m\u00b2, laskua 0,7 % edelliseen vuosinelj\u00e4nnekseen verrattuna<\/li>\n<\/ul>\n<p>Kauppam\u00e4\u00e4rien lasku ja hintojen jatkuva nousu viittaavat siihen, ett\u00e4 markkinoiden aktiivisuus on hidastumassa, mutta hintapaine ei ole hellitt\u00e4m\u00e4ss\u00e4.<\/p>\n<p>&nbsp;<\/p>\n<div style=\"margin: 30px 0; font-family: \u2018Plus Jakarta Sans\u2019, \u2018Segoe UI\u2019, Arial, sans-serif;\">\n<div style=\"background: #1f4e79; color: #ffffff; padding: 18px 22px; border-radius: 10px 10px 0 0;\">\n<div style=\"font-size: 20px; font-weight: bold; line-height: 1.3;\">Asuntojen keskim\u00e4\u00e4r\u00e4inen hinta Espanjassa \u2014 Q2 2026<\/div>\n<div style=\"font-size: 13px; margin-top: 5px; opacity: 0.9;\">Keskim\u00e4\u00e4r\u00e4inen neli\u00f6hinta kiinteist\u00f6tyypeitt\u00e4in<\/div>\n<\/div>\n<div style=\"overflow-x: auto; border: 1px solid #d9e2ec; border-top: none; border-radius: 0 0 10px 10px;\">\n<table style=\"width: 100%; border-collapse: collapse; background: #ffffff; font-size: 15px;\">\n<thead>\n<tr style=\"background: #f2f6fa; color: #1f4e79;\">\n<th style=\"padding: 14px 18px; text-align: left; font-weight: bold; border-bottom: 1px solid #d9e2ec;\">Kiinteist\u00f6tyyppi<\/th>\n<th style=\"padding: 14px 18px; text-align: center; font-weight: bold; border-bottom: 1px solid #d9e2ec;\">Keskihinta<\/th>\n<th style=\"padding: 14px 18px; text-align: center; font-weight: bold; border-bottom: 1px solid #d9e2ec;\">Keskeiset seikat<\/th>\n<\/tr>\n<\/thead>\n<tbody>\n<tr>\n<td style=\"padding: 16px 18px; border-bottom: 1px solid #e8edf2; font-weight: 600; color: #333333;\">Keskim\u00e4\u00e4r\u00e4inen asuinkiinteist\u00f6<\/td>\n<td style=\"padding: 16px 18px; text-align: center; border-bottom: 1px solid #e8edf2; font-size: 21px; font-weight: bold; color: #4f79a3;\">2 487 \u20ac\/m\u00b2<\/td>\n<td style=\"padding: 16px 18px; text-align: center; border-bottom: 1px solid #e8edf2; color: #666666;\">Uusi kaikkien aikojen enn\u00e4tys<\/td>\n<\/tr>\n<tr>\n<td style=\"padding: 16px 18px; border-bottom: 1px solid #e8edf2; font-weight: 600; color: #333333;\">K\u00e4ytetyt kiinteist\u00f6t<\/td>\n<td style=\"padding: 16px 18px; text-align: center; border-bottom: 1px solid #e8edf2; font-size: 21px; font-weight: bold; color: #35658f;\">2 448 \u20ac\/m\u00b2<\/td>\n<td style=\"padding: 16px 18px; text-align: center; border-bottom: 1px solid #e8edf2; color: #666666;\">+3,5 % nelj\u00e4nnesvuosittain<\/td>\n<\/tr>\n<tr style=\"background: #f4f8fc;\">\n<td style=\"padding: 18px; font-weight: bold; color: #1f4e79;\">Uudisrakennus<\/td>\n<td style=\"padding: 18px; text-align: center; font-size: 26px; font-weight: 800; color: #1f4e79;\">2 636 \u20ac\/m\u00b2<\/td>\n<td style=\"padding: 18px; text-align: center;\"><span style=\"display: inline-block; padding: 7px 12px; border-radius: 20px; background: #1f4e79; color: #ffffff; font-size: 12px; font-weight: bold;\">KORKEIN HINTA<br \/>\n<\/span><\/td>\n<\/tr>\n<\/tbody>\n<\/table>\n<\/div>\n<div style=\"margin-top: 14px; padding: 14px 18px; background: #f7f9fb; border-left: 4px solid #2f5e94; color: #4a4a4a; font-size: 14px; line-height: 1.6;\"><strong style=\"color: #1f4e79;\">T\u00e4rkein johtop\u00e4\u00e4t\u00f6s:<\/strong><br \/>\nAsuinkiinteist\u00f6jen keskihinta Espanjassa nousi vuoden 2026 toisella nelj\u00e4nneksell\u00e4 2 487 euroon neli\u00f6metrilt\u00e4, mik\u00e4 on uusi kaikkien aikojen enn\u00e4tys. K\u00e4ytettyjen kiinteist\u00f6jen hinnat nousivat 3,5 % edelliseen vuosinelj\u00e4nnekseen verrattuna, kun taas uusien rakennusten hinnat olivat 2 636 \u20ac\/m\u00b2.<\/div>\n<div style=\"margin-top: 10px; font-size: 11px; color: #777777;\">L\u00e4hde: Colegio de Registradores \u2014 Asuntomarkkinatilastot, vuoden 2026 toinen vuosinelj\u00e4nnes.<\/div>\n<\/div>\n<div style=\"height: 20px;\"><\/div>\n<h3><strong>Ulkomaalaisten ostajien m\u00e4\u00e4r\u00e4 saavutti uuden enn\u00e4tyksen<\/strong><\/h3>\n<p>Kansainv\u00e4lisen kiinteist\u00f6markkinan merkitt\u00e4vin kehitys on ulkomaisen kysynn\u00e4n kasvu.<\/p>\n<p>Ulkomaalaisten ostajien osuus <strong>15,98 % kaikista Espanjan asuinkiinteist\u00f6kaupoista vuoden 2026 toisella nelj\u00e4nneksell\u00e4<\/strong> oli korkein prosenttiosuus, joka on koskaan kirjattu tilastohistoriassa.<\/p>\n<p>Absoluuttisesti mitattuna ulkomaalaiset ostajat tekiv\u00e4t <strong>yli 26 800 asuinkiinteist\u00f6kauppaa<\/strong> kyseisen vuosinelj\u00e4nneksen aikana.<\/p>\n<p>T\u00e4m\u00e4 on erityisen merkitt\u00e4v\u00e4\u00e4, koska ulkomaalaisen kysynn\u00e4n kasvu tapahtui samaan aikaan, kun asuinkiinteist\u00f6kauppojen kokonaism\u00e4\u00e4r\u00e4 laski.<\/p>\n<p>Kansainv\u00e4liset ostajat muodostavat siis yh\u00e4 suuremman osan pienentyneest\u00e4 kokonaismarkkinasta.<\/p>\n<div style=\"height: 20px;\"><\/div>\n<div style=\"margin: 30px 0; font-family: \u2018Plus Jakarta Sans\u2019, \u2018Segoe UI\u2019, Arial, sans-serif;\">\n<div style=\"background: #1f4e79; color: #ffffff; padding: 18px 22px; border-radius: 10px 10px 0 0;\">\n<div style=\"font-size: 20px; font-weight: bold; line-height: 1.3;\">Ulkomaalaisten ostajien osuus Espanjan asuntomarkkinoista<\/div>\n<div style=\"font-size: 13px; margin-top: 5px; opacity: 0.9;\">Kehitys vuoden 2025 toiselta nelj\u00e4nnekselt\u00e4 vuoden 2026 toiseen nelj\u00e4nnekseen<\/div>\n<\/div>\n<div style=\"overflow-x: auto; border: 1px solid #d9e2ec; border-top: none; border-radius: 0 0 10px 10px;\">\n<table style=\"width: 100%; border-collapse: collapse; background: #ffffff; font-size: 15px;\">\n<thead>\n<tr style=\"background: #f2f6fa; color: #1f4e79;\">\n<th style=\"padding: 14px 18px; text-align: left; font-weight: bold; border-bottom: 1px solid #d9e2ec;\">Ajanjakso<\/th>\n<th style=\"padding: 14px 18px; text-align: center; font-weight: bold; border-bottom: 1px solid #d9e2ec;\">Ulkomaisista ostajista<\/th>\n<th style=\"padding: 14px 18px; text-align: center; font-weight: bold; border-bottom: 1px solid #d9e2ec;\">Keskeinen seikka<\/th>\n<\/tr>\n<\/thead>\n<tbody>\n<tr>\n<td style=\"padding: 16px 18px; border-bottom: 1px solid #e8edf2; font-weight: 600; color: #333333;\">Q2 2025<\/td>\n<td style=\"padding: 16px 18px; text-align: center; border-bottom: 1px solid #e8edf2; font-size: 21px; font-weight: bold; color: #4f79a3;\">14,10 %<\/td>\n<td style=\"padding: 16px 18px; text-align: center; border-bottom: 1px solid #e8edf2; color: #666666;\">Edellinen vertailuarvo<\/td>\n<\/tr>\n<tr>\n<td style=\"padding: 16px 18px; border-bottom: 1px solid #e8edf2; font-weight: 600; color: #333333;\">Q1 2026<\/td>\n<td style=\"padding: 16px 18px; text-align: center; border-bottom: 1px solid #e8edf2; font-size: 21px; font-weight: bold; color: #35658f;\">13,92 %<\/td>\n<td style=\"padding: 16px 18px; text-align: center; border-bottom: 1px solid #e8edf2; color: #666666;\">Nelj\u00e4nneksen alin<\/td>\n<\/tr>\n<tr style=\"background: #f4f8fc;\">\n<td style=\"padding: 18px; font-weight: bold; color: #1f4e79;\">Q2 2026<\/td>\n<td style=\"padding: 18px; text-align: center; font-size: 26px; font-weight: 800; color: #1f4e79;\">15,98 %<\/td>\n<td style=\"padding: 18px; text-align: center;\"><span style=\"display: inline-block; padding: 7px 12px; border-radius: 20px; background: #1f4e79; color: #ffffff; font-size: 12px; font-weight: bold;\">AIKAISIN KORKEIN<br \/>\n<\/span><\/td>\n<\/tr>\n<\/tbody>\n<\/table>\n<\/div>\n<div style=\"margin-top: 14px; padding: 14px 18px; background: #f7f9fb; border-left: 4px solid #2f5e94; color: #4a4a4a; font-size: 14px; line-height: 1.6;\"><strong style=\"color: #1f4e79;\">T\u00e4rkein johtop\u00e4\u00e4t\u00f6s:<\/strong><br \/>\nUlkomaalaisten ostajien osuus Espanjan asuntokaupoista oli 15,98 % vuoden 2026 toisella nelj\u00e4nneksell\u00e4, mik\u00e4 on korkein osuus, joka on koskaan kirjattu tilastoissa. Osuus kasvoi vuoden 2026 ensimm\u00e4isen nelj\u00e4nneksen 13,92 prosentista.<\/div>\n<div style=\"margin-top: 10px; font-size: 11px; color: #777777;\">L\u00e4hde: Colegio de Registradores \u2014 Asuntomarkkinatilastot, vuoden 2026 toinen nelj\u00e4nnes.<\/div>\n<\/div>\n<div style=\"height: 20px;\"><\/div>\n<h3><strong>Kuka ostaa kiinteist\u00f6j\u00e4 Espanjassa?<\/strong><\/h3>\n<p>Eurooppalaiset kansallisuudet hallitsevat edelleen ulkomaalaisten ostajien markkinoita, vaikka sijoitusj\u00e4rjestys onkin edelleen hyvin monipuolinen.<\/p>\n<p>Brittil\u00e4iset ostajat ovat edelleen suurin ryhm\u00e4, ja heit\u00e4 seuraavat tiiviisti hollantilaiset ostajat. Saksalaiset, marokkolaiset ja romanialaiset ostajat edustavat my\u00f6s merkitt\u00e4v\u00e4\u00e4 osaa ulkomaalaisista ostajista.<\/p>\n<p>Johtavat kansallisuudet vuoden 2026 toisella nelj\u00e4nneksell\u00e4 olivat:<\/p>\n<div style=\"height: 20px;\"><\/div>\n<div class=\"visualizer-front-container\" id=\"chart_wrapper_visualizer-41056-156928119\"><style type=\"text\/css\" name=\"visualizer-custom-css\" id=\"customcss-visualizer-41056\">.locker,.locker-loader{position:absolute;top:0;left:0;width:100%;height:100%}.locker{z-index:1000;opacity:.8;background-color:#fff;-ms-filter:\"progid:DXImageTransform.Microsoft.Alpha(Opacity=80)\";filter:alpha(opacity=80)}.locker-loader{z-index:1001;background:url(https:\/\/fuster-associates.com\/wp-content\/plugins\/visualizer\/images\/ajax-loader.gif) no-repeat center center}.dt-button{display:none!important}.visualizer-front-container.visualizer-lazy-render{content-visibility: auto;}.google-visualization-controls-categoryfilter label.google-visualization-controls-label {vertical-align: middle;}.google-visualization-controls-categoryfilter li.goog-inline-block {margin: 0 0.2em;}.google-visualization-controls-categoryfilter li {padding: 0 0.2em;}.visualizer-front-container .dataTables_scrollHeadInner{margin: 0 auto;}<\/style><div id=\"visualizer-41056-156928119\" class=\"visualizer-front  visualizer-front-41056\"><\/div><!-- Not showing structured data for chart 41056 because title is empty --><\/div>\n<div style=\"height: 20px;\"><\/div>\n<p class=\"isSelectedEnd\">Brittil\u00e4iset ostajat ovat edelleen k\u00e4rjess\u00e4, mutta ero hollantilaisiin ostajiin on nyt eritt\u00e4in pieni.<\/p>\n<p>Sijoitusten monimuotoisuus korostaa my\u00f6s Espanjan kansainv\u00e4lisen kiinteist\u00f6markkinan t\u00e4rke\u00e4\u00e4 piirrett\u00e4: <strong>kysynt\u00e4 ei riipu yhdest\u00e4 ainoasta kansallisuudesta, vaan se tulee laajalta joukolta eurooppalaisia ja kansainv\u00e4lisi\u00e4 ostajia.<\/strong><\/p>\n<div style=\"height: 20px;\"><\/div>\n<h3><strong>Mist\u00e4 ulkomaiset ostajat tulevat?<\/strong><\/h3>\n<p>Euroopan unioni on edelleen ylivoimaisesti suurin kansainv\u00e4lisen kiinteist\u00f6kysynn\u00e4n l\u00e4hde.<\/p>\n<p>EU-maista tulevien ostajien osuus ulkomaalaisista ostajista oli <strong>57,39 %<\/strong>, kun taas muiden Euroopan maiden osuus oli <strong>16,75 %<\/strong>.<\/p>\n<p>Loput kysynn\u00e4st\u00e4 jakautuivat Afrikan, Aasian ja Amerikan mantereiden kesken.<\/p>\n<div style=\"height: 20px;\"><\/div>\n<div class=\"visualizer-front-container\" id=\"chart_wrapper_visualizer-41058-1138379105\"><style type=\"text\/css\" name=\"visualizer-custom-css\" id=\"customcss-visualizer-41058\">.locker,.locker-loader{position:absolute;top:0;left:0;width:100%;height:100%}.locker{z-index:1000;opacity:.8;background-color:#fff;-ms-filter:\"progid:DXImageTransform.Microsoft.Alpha(Opacity=80)\";filter:alpha(opacity=80)}.locker-loader{z-index:1001;background:url(https:\/\/fuster-associates.com\/wp-content\/plugins\/visualizer\/images\/ajax-loader.gif) no-repeat center center}.dt-button{display:none!important}.visualizer-front-container.visualizer-lazy-render{content-visibility: auto;}.google-visualization-controls-categoryfilter label.google-visualization-controls-label {vertical-align: middle;}.google-visualization-controls-categoryfilter li.goog-inline-block {margin: 0 0.2em;}.google-visualization-controls-categoryfilter li {padding: 0 0.2em;}.visualizer-front-container .dataTables_scrollHeadInner{margin: 0 auto;}<\/style><div id=\"visualizer-41058-1138379105\" class=\"visualizer-front  visualizer-front-41058\"><\/div><!-- Not showing structured data for chart 41058 because title is empty --><\/div>\n<div style=\"height: 20px;\"><\/div>\n<p class=\"isSelectedEnd\">Luvut osoittavat, ett\u00e4 Eurooppa on edelleen Espanjan ulkomaisten kiinteist\u00f6ostojen ydinmarkkina. Pohjois- ja Etel\u00e4-Amerikasta, Aasiasta ja muilta alueilta tulevien ostajien l\u00e4sn\u00e4olo vahvistaa kuitenkin Espanjan asuntomarkkinoiden yh\u00e4 globaalimpaa luonnetta.<\/p>\n<p>My\u00f6s n\u00e4iden ryhmien ostovoima vaihtelee merkitt\u00e4v\u00e4sti. <strong>Pohjois-Amerikasta<\/strong> tulevien ostajien keskim\u00e4\u00e4r\u00e4inen ostohinta oli korkein, <strong>4 311 euroa\/m\u00b2<\/strong>, ja seuraavina tulivat <strong>Oseania 3 240 euroa\/m\u00b2<\/strong> ja <strong>EU-ostajat 3 149 euroa\/m\u00b2<\/strong>.<\/p>\n<div style=\"height: 20px;\"><\/div>\n<div class=\"visualizer-front-container\" id=\"chart_wrapper_visualizer-41063-1901219191\"><style type=\"text\/css\" name=\"visualizer-custom-css\" id=\"customcss-visualizer-41063\">.locker,.locker-loader{position:absolute;top:0;left:0;width:100%;height:100%}.locker{z-index:1000;opacity:.8;background-color:#fff;-ms-filter:\"progid:DXImageTransform.Microsoft.Alpha(Opacity=80)\";filter:alpha(opacity=80)}.locker-loader{z-index:1001;background:url(https:\/\/fuster-associates.com\/wp-content\/plugins\/visualizer\/images\/ajax-loader.gif) no-repeat center center}.dt-button{display:none!important}.visualizer-front-container.visualizer-lazy-render{content-visibility: auto;}.google-visualization-controls-categoryfilter label.google-visualization-controls-label {vertical-align: middle;}.google-visualization-controls-categoryfilter li.goog-inline-block {margin: 0 0.2em;}.google-visualization-controls-categoryfilter li {padding: 0 0.2em;}.visualizer-front-container .dataTables_scrollHeadInner{margin: 0 auto;}<\/style><div id=\"visualizer-41063-1901219191\" class=\"visualizer-front  visualizer-front-41063\"><\/div><!-- Not showing structured data for chart 41063 because title is empty --><\/div>\n<div style=\"height: 20px;\"><\/div>\n<p>T\u00e4m\u00e4 ero on merkitt\u00e4v\u00e4, sill\u00e4 se osoittaa, ett\u00e4 ulkomainen kysynt\u00e4 ei suinkaan ole yhten\u00e4ist\u00e4. Eri kansainv\u00e4liset ostajaryhm\u00e4t suuntaavat huomionsa Espanjan kiinteist\u00f6markkinoiden hyvin erilaisiin segmentteihin.<\/p>\n<div style=\"height: 20px;\"><\/div>\n<h3><strong>V\u00e4limeren alue on edelleen kansainv\u00e4lisen kysynn\u00e4n keskus<\/strong><\/h3>\n<p>Ulkomainen kysynt\u00e4 keskittyy edelleen voimakkaasti Espanjan V\u00e4limeren rannikkoalueille ja saarille.<\/p>\n<p>Alueellisella tasolla suurimmat osuudet ulkomaalaisista ostoista kirjattiin seuraavilla alueilla:<\/p>\n<ul>\n<li><strong>Baleaarit: 32,27 %<\/strong><\/li>\n<li><strong>Valencian alue: 31,03 %<\/strong><\/li>\n<li><strong>Kanariansaaret: 29,33 %<\/strong><\/li>\n<li><strong>Murcian alue: 23,71 %<\/strong><\/li>\n<li><strong>Katalonia: 17,63 %<\/strong><\/li>\n<li><strong>Andalusia: 15,95 %<\/strong><\/li>\n<\/ul>\n<p>Maakuntatasolla keskittyminen on viel\u00e4kin silmiinpist\u00e4v\u00e4mp\u00e4\u00e4.<\/p>\n<p><strong>Alicante on maan k\u00e4rjess\u00e4: ulkomaalaisten ostajien osuus asuinkiinteist\u00f6jen ostoksista on 46,43 %<\/strong>, ja sen j\u00e4lkeen tulee M\u00e1laga 37,01 %:n osuudella.<\/p>\n<div style=\"height: 20px;\"><\/div>\n<div class=\"visualizer-front-container\" id=\"chart_wrapper_visualizer-41060-1986265167\"><style type=\"text\/css\" name=\"visualizer-custom-css\" id=\"customcss-visualizer-41060\">.locker,.locker-loader{position:absolute;top:0;left:0;width:100%;height:100%}.locker{z-index:1000;opacity:.8;background-color:#fff;-ms-filter:\"progid:DXImageTransform.Microsoft.Alpha(Opacity=80)\";filter:alpha(opacity=80)}.locker-loader{z-index:1001;background:url(https:\/\/fuster-associates.com\/wp-content\/plugins\/visualizer\/images\/ajax-loader.gif) no-repeat center center}.dt-button{display:none!important}.visualizer-front-container.visualizer-lazy-render{content-visibility: auto;}.google-visualization-controls-categoryfilter label.google-visualization-controls-label {vertical-align: middle;}.google-visualization-controls-categoryfilter li.goog-inline-block {margin: 0 0.2em;}.google-visualization-controls-categoryfilter li {padding: 0 0.2em;}.visualizer-front-container .dataTables_scrollHeadInner{margin: 0 auto;}<\/style><div id=\"visualizer-41060-1986265167\" class=\"visualizer-front  visualizer-front-41060\"><\/div><!-- Not showing structured data for chart 41060 because title is empty --><\/div>\n<div style=\"height: 20px;\"><\/div>\n<p class=\"isSelectedEnd\">Luvut vahvistavat, ett\u00e4 kansainv\u00e4linen kysynt\u00e4 on edelleen erityisen vahvaa Espanjan V\u00e4limeren rannikolla ja saarilla.<\/p>\n<p class=\"isSelectedEnd\">Alicantessa ulkomaalaisten ostajien osuus on l\u00e4hes <strong>puolet kaikista asuinkiinteist\u00f6jen ostoista<\/strong>, mik\u00e4 tekee kansainv\u00e4lisest\u00e4 kysynn\u00e4st\u00e4 paikallisen kiinteist\u00f6markkinan m\u00e4\u00e4ritt\u00e4v\u00e4n piirteen.<\/p>\n<p class=\"isSelectedEnd\">My\u00f6s Murcia erottuu edelleen joukosta, sill\u00e4 ulkomaalaisten ostajien osuus on <strong>23,71 % asuinkiinteist\u00f6jen ostoista<\/strong>.<\/p>\n<p>N\u00e4m\u00e4 luvut ovat erityisen merkityksellisi\u00e4 kansainv\u00e4lisille ostajille, jotka vertailevat Espanjan eri alueita, sill\u00e4 ne osoittavat, kuinka merkitt\u00e4v\u00e4sti markkinoiden rakenne voi vaihdella alueittain.<\/p>\n<div style=\"height: 20px;\"><\/div>\n<h3><strong>Mit\u00e4 toisen vuosinelj\u00e4nneksen tiedot merkitsev\u00e4t kansainv\u00e4lisille ostajille<\/strong><\/h3>\n<p>Toisen vuosinelj\u00e4nneksen luvut viittaavat siihen, ett\u00e4 Espanjan kiinteist\u00f6markkinat ovat muuttumassa sek\u00e4 <strong>kalliimmiksi ett\u00e4 kansainv\u00e4lisemmiksi<\/strong>.<\/p>\n<p>Ulkomaisten ostajien osuus asuinkiinteist\u00f6jen ostoksista on nyt l\u00e4hes 16 %, kun taas kiinteist\u00f6jen keskihinnat ovat nousseet uuteen enn\u00e4tykseen.<\/p>\n<p>Kansainv\u00e4lisille ostajille t\u00e4m\u00e4 korostaa huolellisen valmistautumisen t\u00e4rkeytt\u00e4 entisest\u00e4\u00e4n. Sijainti, verotus, juridinen due diligence ja kiinteist\u00f6n k\u00e4ytt\u00f6tarkoitus on kaikki otettava huomioon ennen ostop\u00e4\u00e4t\u00f6ksen tekemist\u00e4.<\/p>\n<p><strong>Espanjan kiinteist\u00f6markkinoita ei voida k\u00e4sitell\u00e4 yhten\u00e4 yhten\u00e4isen\u00e4 markkinana. Hinnat, ulkomainen kysynt\u00e4 ja s\u00e4\u00e4ntelyolosuhteet vaihtelevat huomattavasti alueittain ja jopa yksitt\u00e4isten paikkakuntien v\u00e4lill\u00e4.<\/strong><\/p>\n<div style=\"height: 20px;\"><\/div>\n<h3><strong>Yh\u00e4 kansainv\u00e4lisemm\u00e4t Espanjan kiinteist\u00f6markkinat<\/strong><\/h3>\n<p>Vuoden 2026 toinen vuosinelj\u00e4nnes vahvistaa, ett\u00e4 Espanja on edelleen vahvasti kansainv\u00e4listen kiinteist\u00f6ostajien kiinnostuksen kohteena.<\/p>\n<p>Ulkomainen kysynt\u00e4 on saavuttanut historiallisen huipputasonsa, ja V\u00e4limeren alueen sek\u00e4 saariston markkinat houkuttelevat edelleen erityisen paljon kansainv\u00e4lisi\u00e4 ostajia. Samalla enn\u00e4tykselliset kiinteist\u00f6hinnat tekev\u00e4t tietoon perustuvasta p\u00e4\u00e4t\u00f6ksenteosta t\u00e4rke\u00e4mp\u00e4\u00e4 kuin koskaan.<\/p>\n<p><strong>Fuster &amp; Associates<\/strong> auttaa kansainv\u00e4lisi\u00e4 asiakkaita Espanjan kiinteist\u00f6jen ostoon ja omistamiseen liittyviss\u00e4 oikeudellisissa, verotuksellisissa ja maahanmuuttokysymyksiss\u00e4 sek\u00e4 auttaa heit\u00e4 ymm\u00e4rt\u00e4m\u00e4\u00e4n sijoituksensa vaikutukset jo prosessin alkuvaiheessa.<\/p>\n<p><strong>Harkitsetko kiinteist\u00f6n ostamista Espanjasta?<\/strong><\/p>\n<p><a href=\"https:\/\/fuster-associates.com\/fi\/kontakti\/\">Ota yhteytt\u00e4 Fuster &amp; Associatesiin<\/a> saadaksesi henkil\u00f6kohtaista oikeudellista ja veroneuvontaa.<\/p>\n","protected":false},"excerpt":{"rendered":"<p>Vuoden 2026 toinen nelj\u00e4nnes tuo mukanaan mielenkiintoisen muutoksen Espanjan asuntomarkkinoilla. Vaikka kiinteist\u00f6kauppojen kokonaism\u00e4\u00e4r\u00e4 on laskenut, ulkomainen kysynt\u00e4 on kehittynyt p\u00e4invastaiseen suuntaan. Kansainv\u00e4listen ostajien osuus ja ostojen absoluuttinen m\u00e4\u00e4r\u00e4 kasvoivat, ja ne saavuttivat historiallisen aikasarjan korkeimman tason. Samaan aikaan kiinteist\u00f6jen hinnat jatkoivat nousuaan, ja asuinkiinteist\u00f6jen keskihinta saavutti uuden historiallisen enn\u00e4tyksen: 2 487 euroa neli\u00f6metrilt\u00e4. Colegio de [&hellip;]<\/p>\n","protected":false},"author":7,"featured_media":41074,"comment_status":"closed","ping_status":"closed","sticky":false,"template":"","format":"standard","meta":{"content-type":"","_sitemap_exclude":false,"_sitemap_priority":"","_sitemap_frequency":"","footnotes":""},"categories":[203],"tags":[],"class_list":["post-41075","post","type-post","status-publish","format-standard","has-post-thumbnail","hentry","category-fuster-and-associates-fi"],"yoast_head":"<!-- This site is optimized with the Yoast SEO plugin v28.4 - https:\/\/yoast.com\/product\/yoast-seo-wordpress\/ -->\n<title>Ulkomaiset ostajat palaavat: mit\u00e4 Espanjan vuoden 2026 toisen nelj\u00e4nneksen kiinteist\u00f6tilastot todella kertovat - Fuster &amp; Associates<\/title>\n<meta name=\"robots\" content=\"index, follow, max-snippet:-1, max-image-preview:large, max-video-preview:-1\" \/>\n<link rel=\"canonical\" href=\"https:\/\/fuster-associates.com\/fi\/blog\/ulkomaiset-ostajat-palaavat-mita-espanjan-vuoden-2026-toisen-neljanneksen-kiinteistotilastot-todella-kertovat\/\" \/>\n<meta property=\"og:locale\" content=\"fi_FI\" \/>\n<meta property=\"og:type\" content=\"article\" \/>\n<meta property=\"og:title\" content=\"Ulkomaiset ostajat palaavat: mit\u00e4 Espanjan vuoden 2026 toisen nelj\u00e4nneksen kiinteist\u00f6tilastot todella kertovat - Fuster &amp; Associates\" \/>\n<meta property=\"og:description\" content=\"Vuoden 2026 toinen nelj\u00e4nnes tuo mukanaan mielenkiintoisen muutoksen Espanjan asuntomarkkinoilla. Vaikka kiinteist\u00f6kauppojen kokonaism\u00e4\u00e4r\u00e4 on laskenut, ulkomainen kysynt\u00e4 on kehittynyt p\u00e4invastaiseen suuntaan. Kansainv\u00e4listen ostajien osuus ja ostojen absoluuttinen m\u00e4\u00e4r\u00e4 kasvoivat, ja ne saavuttivat historiallisen aikasarjan korkeimman tason. Samaan aikaan kiinteist\u00f6jen hinnat jatkoivat nousuaan, ja asuinkiinteist\u00f6jen keskihinta saavutti uuden historiallisen enn\u00e4tyksen: 2 487 euroa neli\u00f6metrilt\u00e4. Colegio de [&hellip;]\" \/>\n<meta property=\"og:url\" content=\"https:\/\/fuster-associates.com\/fi\/blog\/ulkomaiset-ostajat-palaavat-mita-espanjan-vuoden-2026-toisen-neljanneksen-kiinteistotilastot-todella-kertovat\/\" \/>\n<meta property=\"og:site_name\" content=\"Fuster &amp; Associates\" \/>\n<meta property=\"article:publisher\" content=\"https:\/\/www.facebook.com\/fusterspain\/\" \/>\n<meta property=\"article:published_time\" content=\"2026-09-03T07:04:33+00:00\" \/>\n<meta property=\"og:image\" content=\"https:\/\/fuster-associates.com\/wp-content\/uploads\/Foreign-Buyers-Return-Spains-Q2-2026-Fuster-Associates.jpg\" \/>\n\t<meta property=\"og:image:width\" content=\"1376\" \/>\n\t<meta property=\"og:image:height\" content=\"768\" \/>\n\t<meta property=\"og:image:type\" content=\"image\/jpeg\" \/>\n<meta name=\"author\" content=\"Miguel\" \/>\n<meta name=\"twitter:card\" content=\"summary_large_image\" \/>\n<meta name=\"twitter:creator\" content=\"@FusterSpain\" \/>\n<meta name=\"twitter:site\" content=\"@FusterSpain\" \/>\n<meta name=\"twitter:label1\" content=\"Kirjoittanut\" \/>\n\t<meta name=\"twitter:data1\" content=\"Miguel\" \/>\n\t<meta name=\"twitter:label2\" content=\"Arvioitu lukuaika\" \/>\n\t<meta name=\"twitter:data2\" content=\"5 minuuttia\" \/>\n<script type=\"application\/ld+json\" class=\"yoast-schema-graph\">{\"@context\":\"https:\\\/\\\/schema.org\",\"@graph\":[{\"@type\":\"Article\",\"@id\":\"https:\\\/\\\/fuster-associates.com\\\/fi\\\/blog\\\/ulkomaiset-ostajat-palaavat-mita-espanjan-vuoden-2026-toisen-neljanneksen-kiinteistotilastot-todella-kertovat\\\/#article\",\"isPartOf\":{\"@id\":\"https:\\\/\\\/fuster-associates.com\\\/fi\\\/blog\\\/ulkomaiset-ostajat-palaavat-mita-espanjan-vuoden-2026-toisen-neljanneksen-kiinteistotilastot-todella-kertovat\\\/\"},\"author\":{\"name\":\"Miguel\",\"@id\":\"https:\\\/\\\/fuster-associates.com\\\/fi\\\/#\\\/schema\\\/person\\\/fa2823851934b0af5f46855596a862a5\"},\"headline\":\"Ulkomaiset ostajat palaavat: mit\u00e4 Espanjan vuoden 2026 toisen nelj\u00e4nneksen kiinteist\u00f6tilastot todella kertovat\",\"datePublished\":\"2026-09-03T07:04:33+00:00\",\"mainEntityOfPage\":{\"@id\":\"https:\\\/\\\/fuster-associates.com\\\/fi\\\/blog\\\/ulkomaiset-ostajat-palaavat-mita-espanjan-vuoden-2026-toisen-neljanneksen-kiinteistotilastot-todella-kertovat\\\/\"},\"wordCount\":1122,\"publisher\":{\"@id\":\"https:\\\/\\\/fuster-associates.com\\\/fi\\\/#organization\"},\"image\":{\"@id\":\"https:\\\/\\\/fuster-associates.com\\\/fi\\\/blog\\\/ulkomaiset-ostajat-palaavat-mita-espanjan-vuoden-2026-toisen-neljanneksen-kiinteistotilastot-todella-kertovat\\\/#primaryimage\"},\"thumbnailUrl\":\"https:\\\/\\\/fuster-associates.com\\\/wp-content\\\/uploads\\\/Foreign-Buyers-Return-Spains-Q2-2026-Fuster-Associates.jpg\",\"articleSection\":[\"Fuster &amp; Associates\"],\"inLanguage\":\"fi\"},{\"@type\":\"WebPage\",\"@id\":\"https:\\\/\\\/fuster-associates.com\\\/fi\\\/blog\\\/ulkomaiset-ostajat-palaavat-mita-espanjan-vuoden-2026-toisen-neljanneksen-kiinteistotilastot-todella-kertovat\\\/\",\"url\":\"https:\\\/\\\/fuster-associates.com\\\/fi\\\/blog\\\/ulkomaiset-ostajat-palaavat-mita-espanjan-vuoden-2026-toisen-neljanneksen-kiinteistotilastot-todella-kertovat\\\/\",\"name\":\"Ulkomaiset ostajat palaavat: mit\u00e4 Espanjan vuoden 2026 toisen nelj\u00e4nneksen kiinteist\u00f6tilastot todella kertovat - Fuster &amp; Associates\",\"isPartOf\":{\"@id\":\"https:\\\/\\\/fuster-associates.com\\\/fi\\\/#website\"},\"primaryImageOfPage\":{\"@id\":\"https:\\\/\\\/fuster-associates.com\\\/fi\\\/blog\\\/ulkomaiset-ostajat-palaavat-mita-espanjan-vuoden-2026-toisen-neljanneksen-kiinteistotilastot-todella-kertovat\\\/#primaryimage\"},\"image\":{\"@id\":\"https:\\\/\\\/fuster-associates.com\\\/fi\\\/blog\\\/ulkomaiset-ostajat-palaavat-mita-espanjan-vuoden-2026-toisen-neljanneksen-kiinteistotilastot-todella-kertovat\\\/#primaryimage\"},\"thumbnailUrl\":\"https:\\\/\\\/fuster-associates.com\\\/wp-content\\\/uploads\\\/Foreign-Buyers-Return-Spains-Q2-2026-Fuster-Associates.jpg\",\"datePublished\":\"2026-09-03T07:04:33+00:00\",\"breadcrumb\":{\"@id\":\"https:\\\/\\\/fuster-associates.com\\\/fi\\\/blog\\\/ulkomaiset-ostajat-palaavat-mita-espanjan-vuoden-2026-toisen-neljanneksen-kiinteistotilastot-todella-kertovat\\\/#breadcrumb\"},\"inLanguage\":\"fi\",\"potentialAction\":[{\"@type\":\"ReadAction\",\"target\":[\"https:\\\/\\\/fuster-associates.com\\\/fi\\\/blog\\\/ulkomaiset-ostajat-palaavat-mita-espanjan-vuoden-2026-toisen-neljanneksen-kiinteistotilastot-todella-kertovat\\\/\"]}]},{\"@type\":\"ImageObject\",\"inLanguage\":\"fi\",\"@id\":\"https:\\\/\\\/fuster-associates.com\\\/fi\\\/blog\\\/ulkomaiset-ostajat-palaavat-mita-espanjan-vuoden-2026-toisen-neljanneksen-kiinteistotilastot-todella-kertovat\\\/#primaryimage\",\"url\":\"https:\\\/\\\/fuster-associates.com\\\/wp-content\\\/uploads\\\/Foreign-Buyers-Return-Spains-Q2-2026-Fuster-Associates.jpg\",\"contentUrl\":\"https:\\\/\\\/fuster-associates.com\\\/wp-content\\\/uploads\\\/Foreign-Buyers-Return-Spains-Q2-2026-Fuster-Associates.jpg\",\"width\":1376,\"height\":768,\"caption\":\"Foreign Buyers Return - Spain\u2019s Q2 2026 - Fuster & Associates\"},{\"@type\":\"BreadcrumbList\",\"@id\":\"https:\\\/\\\/fuster-associates.com\\\/fi\\\/blog\\\/ulkomaiset-ostajat-palaavat-mita-espanjan-vuoden-2026-toisen-neljanneksen-kiinteistotilastot-todella-kertovat\\\/#breadcrumb\",\"itemListElement\":[{\"@type\":\"ListItem\",\"position\":1,\"name\":\"Koti\",\"item\":\"https:\\\/\\\/fuster-associates.com\\\/fi\\\/\"},{\"@type\":\"ListItem\",\"position\":2,\"name\":\"Ulkomaiset ostajat palaavat: mit\u00e4 Espanjan vuoden 2026 toisen nelj\u00e4nneksen kiinteist\u00f6tilastot todella kertovat\"}]},{\"@type\":\"WebSite\",\"@id\":\"https:\\\/\\\/fuster-associates.com\\\/fi\\\/#website\",\"url\":\"https:\\\/\\\/fuster-associates.com\\\/fi\\\/\",\"name\":\"Fuster & Associates\",\"description\":\"Property Solicitors\",\"publisher\":{\"@id\":\"https:\\\/\\\/fuster-associates.com\\\/fi\\\/#organization\"},\"potentialAction\":[{\"@type\":\"SearchAction\",\"target\":{\"@type\":\"EntryPoint\",\"urlTemplate\":\"https:\\\/\\\/fuster-associates.com\\\/fi\\\/?s={search_term_string}\"},\"query-input\":{\"@type\":\"PropertyValueSpecification\",\"valueRequired\":true,\"valueName\":\"search_term_string\"}}],\"inLanguage\":\"fi\"},{\"@type\":\"Organization\",\"@id\":\"https:\\\/\\\/fuster-associates.com\\\/fi\\\/#organization\",\"name\":\"FUSTER & ASSOCIATES\",\"url\":\"https:\\\/\\\/fuster-associates.com\\\/fi\\\/\",\"logo\":{\"@type\":\"ImageObject\",\"inLanguage\":\"fi\",\"@id\":\"https:\\\/\\\/fuster-associates.com\\\/fi\\\/#\\\/schema\\\/logo\\\/image\\\/\",\"url\":\"https:\\\/\\\/fuster-associates.com\\\/wp-content\\\/uploads\\\/2018\\\/08\\\/logo-fuster-1.jpeg\",\"contentUrl\":\"https:\\\/\\\/fuster-associates.com\\\/wp-content\\\/uploads\\\/2018\\\/08\\\/logo-fuster-1.jpeg\",\"width\":180,\"height\":113,\"caption\":\"FUSTER & ASSOCIATES\"},\"image\":{\"@id\":\"https:\\\/\\\/fuster-associates.com\\\/fi\\\/#\\\/schema\\\/logo\\\/image\\\/\"},\"sameAs\":[\"https:\\\/\\\/www.facebook.com\\\/fusterspain\\\/\",\"https:\\\/\\\/x.com\\\/FusterSpain\",\"https:\\\/\\\/www.youtube.com\\\/channel\\\/UC2-kNuL1SoqlFizI47hmIOQ\",\"https:\\\/\\\/www.linkedin.com\\\/company\\\/fuster-&-associates\\\/\"]},{\"@type\":\"Person\",\"@id\":\"https:\\\/\\\/fuster-associates.com\\\/fi\\\/#\\\/schema\\\/person\\\/fa2823851934b0af5f46855596a862a5\",\"name\":\"Miguel\",\"image\":{\"@type\":\"ImageObject\",\"inLanguage\":\"fi\",\"@id\":\"https:\\\/\\\/secure.gravatar.com\\\/avatar\\\/a11dac23828920784fa4764ecd64431ce7385ae8a33ed03528bcafd35c83ebbd?s=96&d=mm&r=g\",\"url\":\"https:\\\/\\\/secure.gravatar.com\\\/avatar\\\/a11dac23828920784fa4764ecd64431ce7385ae8a33ed03528bcafd35c83ebbd?s=96&d=mm&r=g\",\"contentUrl\":\"https:\\\/\\\/secure.gravatar.com\\\/avatar\\\/a11dac23828920784fa4764ecd64431ce7385ae8a33ed03528bcafd35c83ebbd?s=96&d=mm&r=g\",\"caption\":\"Miguel\"}}]}<\/script>\n<!-- \/ Yoast SEO plugin. -->","yoast_head_json":{"title":"Ulkomaiset ostajat palaavat: mit\u00e4 Espanjan vuoden 2026 toisen nelj\u00e4nneksen kiinteist\u00f6tilastot todella kertovat - Fuster &amp; Associates","robots":{"index":"index","follow":"follow","max-snippet":"max-snippet:-1","max-image-preview":"max-image-preview:large","max-video-preview":"max-video-preview:-1"},"canonical":"https:\/\/fuster-associates.com\/fi\/blog\/ulkomaiset-ostajat-palaavat-mita-espanjan-vuoden-2026-toisen-neljanneksen-kiinteistotilastot-todella-kertovat\/","og_locale":"fi_FI","og_type":"article","og_title":"Ulkomaiset ostajat palaavat: mit\u00e4 Espanjan vuoden 2026 toisen nelj\u00e4nneksen kiinteist\u00f6tilastot todella kertovat - Fuster &amp; Associates","og_description":"Vuoden 2026 toinen nelj\u00e4nnes tuo mukanaan mielenkiintoisen muutoksen Espanjan asuntomarkkinoilla. Vaikka kiinteist\u00f6kauppojen kokonaism\u00e4\u00e4r\u00e4 on laskenut, ulkomainen kysynt\u00e4 on kehittynyt p\u00e4invastaiseen suuntaan. Kansainv\u00e4listen ostajien osuus ja ostojen absoluuttinen m\u00e4\u00e4r\u00e4 kasvoivat, ja ne saavuttivat historiallisen aikasarjan korkeimman tason. Samaan aikaan kiinteist\u00f6jen hinnat jatkoivat nousuaan, ja asuinkiinteist\u00f6jen keskihinta saavutti uuden historiallisen enn\u00e4tyksen: 2 487 euroa neli\u00f6metrilt\u00e4. Colegio de [&hellip;]","og_url":"https:\/\/fuster-associates.com\/fi\/blog\/ulkomaiset-ostajat-palaavat-mita-espanjan-vuoden-2026-toisen-neljanneksen-kiinteistotilastot-todella-kertovat\/","og_site_name":"Fuster &amp; Associates","article_publisher":"https:\/\/www.facebook.com\/fusterspain\/","article_published_time":"2026-09-03T07:04:33+00:00","og_image":[{"width":1376,"height":768,"url":"https:\/\/fuster-associates.com\/wp-content\/uploads\/Foreign-Buyers-Return-Spains-Q2-2026-Fuster-Associates.jpg","type":"image\/jpeg"}],"author":"Miguel","twitter_card":"summary_large_image","twitter_creator":"@FusterSpain","twitter_site":"@FusterSpain","twitter_misc":{"Kirjoittanut":"Miguel","Arvioitu lukuaika":"5 minuuttia"},"schema":{"@context":"https:\/\/schema.org","@graph":[{"@type":"Article","@id":"https:\/\/fuster-associates.com\/fi\/blog\/ulkomaiset-ostajat-palaavat-mita-espanjan-vuoden-2026-toisen-neljanneksen-kiinteistotilastot-todella-kertovat\/#article","isPartOf":{"@id":"https:\/\/fuster-associates.com\/fi\/blog\/ulkomaiset-ostajat-palaavat-mita-espanjan-vuoden-2026-toisen-neljanneksen-kiinteistotilastot-todella-kertovat\/"},"author":{"name":"Miguel","@id":"https:\/\/fuster-associates.com\/fi\/#\/schema\/person\/fa2823851934b0af5f46855596a862a5"},"headline":"Ulkomaiset ostajat palaavat: mit\u00e4 Espanjan vuoden 2026 toisen nelj\u00e4nneksen kiinteist\u00f6tilastot todella kertovat","datePublished":"2026-09-03T07:04:33+00:00","mainEntityOfPage":{"@id":"https:\/\/fuster-associates.com\/fi\/blog\/ulkomaiset-ostajat-palaavat-mita-espanjan-vuoden-2026-toisen-neljanneksen-kiinteistotilastot-todella-kertovat\/"},"wordCount":1122,"publisher":{"@id":"https:\/\/fuster-associates.com\/fi\/#organization"},"image":{"@id":"https:\/\/fuster-associates.com\/fi\/blog\/ulkomaiset-ostajat-palaavat-mita-espanjan-vuoden-2026-toisen-neljanneksen-kiinteistotilastot-todella-kertovat\/#primaryimage"},"thumbnailUrl":"https:\/\/fuster-associates.com\/wp-content\/uploads\/Foreign-Buyers-Return-Spains-Q2-2026-Fuster-Associates.jpg","articleSection":["Fuster &amp; Associates"],"inLanguage":"fi"},{"@type":"WebPage","@id":"https:\/\/fuster-associates.com\/fi\/blog\/ulkomaiset-ostajat-palaavat-mita-espanjan-vuoden-2026-toisen-neljanneksen-kiinteistotilastot-todella-kertovat\/","url":"https:\/\/fuster-associates.com\/fi\/blog\/ulkomaiset-ostajat-palaavat-mita-espanjan-vuoden-2026-toisen-neljanneksen-kiinteistotilastot-todella-kertovat\/","name":"Ulkomaiset ostajat palaavat: mit\u00e4 Espanjan vuoden 2026 toisen nelj\u00e4nneksen kiinteist\u00f6tilastot todella kertovat - Fuster &amp; Associates","isPartOf":{"@id":"https:\/\/fuster-associates.com\/fi\/#website"},"primaryImageOfPage":{"@id":"https:\/\/fuster-associates.com\/fi\/blog\/ulkomaiset-ostajat-palaavat-mita-espanjan-vuoden-2026-toisen-neljanneksen-kiinteistotilastot-todella-kertovat\/#primaryimage"},"image":{"@id":"https:\/\/fuster-associates.com\/fi\/blog\/ulkomaiset-ostajat-palaavat-mita-espanjan-vuoden-2026-toisen-neljanneksen-kiinteistotilastot-todella-kertovat\/#primaryimage"},"thumbnailUrl":"https:\/\/fuster-associates.com\/wp-content\/uploads\/Foreign-Buyers-Return-Spains-Q2-2026-Fuster-Associates.jpg","datePublished":"2026-09-03T07:04:33+00:00","breadcrumb":{"@id":"https:\/\/fuster-associates.com\/fi\/blog\/ulkomaiset-ostajat-palaavat-mita-espanjan-vuoden-2026-toisen-neljanneksen-kiinteistotilastot-todella-kertovat\/#breadcrumb"},"inLanguage":"fi","potentialAction":[{"@type":"ReadAction","target":["https:\/\/fuster-associates.com\/fi\/blog\/ulkomaiset-ostajat-palaavat-mita-espanjan-vuoden-2026-toisen-neljanneksen-kiinteistotilastot-todella-kertovat\/"]}]},{"@type":"ImageObject","inLanguage":"fi","@id":"https:\/\/fuster-associates.com\/fi\/blog\/ulkomaiset-ostajat-palaavat-mita-espanjan-vuoden-2026-toisen-neljanneksen-kiinteistotilastot-todella-kertovat\/#primaryimage","url":"https:\/\/fuster-associates.com\/wp-content\/uploads\/Foreign-Buyers-Return-Spains-Q2-2026-Fuster-Associates.jpg","contentUrl":"https:\/\/fuster-associates.com\/wp-content\/uploads\/Foreign-Buyers-Return-Spains-Q2-2026-Fuster-Associates.jpg","width":1376,"height":768,"caption":"Foreign Buyers Return - Spain\u2019s Q2 2026 - Fuster & Associates"},{"@type":"BreadcrumbList","@id":"https:\/\/fuster-associates.com\/fi\/blog\/ulkomaiset-ostajat-palaavat-mita-espanjan-vuoden-2026-toisen-neljanneksen-kiinteistotilastot-todella-kertovat\/#breadcrumb","itemListElement":[{"@type":"ListItem","position":1,"name":"Koti","item":"https:\/\/fuster-associates.com\/fi\/"},{"@type":"ListItem","position":2,"name":"Ulkomaiset ostajat palaavat: mit\u00e4 Espanjan vuoden 2026 toisen nelj\u00e4nneksen kiinteist\u00f6tilastot todella kertovat"}]},{"@type":"WebSite","@id":"https:\/\/fuster-associates.com\/fi\/#website","url":"https:\/\/fuster-associates.com\/fi\/","name":"Fuster & Associates","description":"Property Solicitors","publisher":{"@id":"https:\/\/fuster-associates.com\/fi\/#organization"},"potentialAction":[{"@type":"SearchAction","target":{"@type":"EntryPoint","urlTemplate":"https:\/\/fuster-associates.com\/fi\/?s={search_term_string}"},"query-input":{"@type":"PropertyValueSpecification","valueRequired":true,"valueName":"search_term_string"}}],"inLanguage":"fi"},{"@type":"Organization","@id":"https:\/\/fuster-associates.com\/fi\/#organization","name":"FUSTER & ASSOCIATES","url":"https:\/\/fuster-associates.com\/fi\/","logo":{"@type":"ImageObject","inLanguage":"fi","@id":"https:\/\/fuster-associates.com\/fi\/#\/schema\/logo\/image\/","url":"https:\/\/fuster-associates.com\/wp-content\/uploads\/2018\/08\/logo-fuster-1.jpeg","contentUrl":"https:\/\/fuster-associates.com\/wp-content\/uploads\/2018\/08\/logo-fuster-1.jpeg","width":180,"height":113,"caption":"FUSTER & ASSOCIATES"},"image":{"@id":"https:\/\/fuster-associates.com\/fi\/#\/schema\/logo\/image\/"},"sameAs":["https:\/\/www.facebook.com\/fusterspain\/","https:\/\/x.com\/FusterSpain","https:\/\/www.youtube.com\/channel\/UC2-kNuL1SoqlFizI47hmIOQ","https:\/\/www.linkedin.com\/company\/fuster-&-associates\/"]},{"@type":"Person","@id":"https:\/\/fuster-associates.com\/fi\/#\/schema\/person\/fa2823851934b0af5f46855596a862a5","name":"Miguel","image":{"@type":"ImageObject","inLanguage":"fi","@id":"https:\/\/secure.gravatar.com\/avatar\/a11dac23828920784fa4764ecd64431ce7385ae8a33ed03528bcafd35c83ebbd?s=96&d=mm&r=g","url":"https:\/\/secure.gravatar.com\/avatar\/a11dac23828920784fa4764ecd64431ce7385ae8a33ed03528bcafd35c83ebbd?s=96&d=mm&r=g","contentUrl":"https:\/\/secure.gravatar.com\/avatar\/a11dac23828920784fa4764ecd64431ce7385ae8a33ed03528bcafd35c83ebbd?s=96&d=mm&r=g","caption":"Miguel"}}]}},"_links":{"self":[{"href":"https:\/\/fuster-associates.com\/fi\/wp-json\/wp\/v2\/posts\/41075","targetHints":{"allow":["GET"]}}],"collection":[{"href":"https:\/\/fuster-associates.com\/fi\/wp-json\/wp\/v2\/posts"}],"about":[{"href":"https:\/\/fuster-associates.com\/fi\/wp-json\/wp\/v2\/types\/post"}],"author":[{"embeddable":true,"href":"https:\/\/fuster-associates.com\/fi\/wp-json\/wp\/v2\/users\/7"}],"replies":[{"embeddable":true,"href":"https:\/\/fuster-associates.com\/fi\/wp-json\/wp\/v2\/comments?post=41075"}],"version-history":[{"count":1,"href":"https:\/\/fuster-associates.com\/fi\/wp-json\/wp\/v2\/posts\/41075\/revisions"}],"predecessor-version":[{"id":41076,"href":"https:\/\/fuster-associates.com\/fi\/wp-json\/wp\/v2\/posts\/41075\/revisions\/41076"}],"wp:featuredmedia":[{"embeddable":true,"href":"https:\/\/fuster-associates.com\/fi\/wp-json\/wp\/v2\/media\/41074"}],"wp:attachment":[{"href":"https:\/\/fuster-associates.com\/fi\/wp-json\/wp\/v2\/media?parent=41075"}],"wp:term":[{"taxonomy":"category","embeddable":true,"href":"https:\/\/fuster-associates.com\/fi\/wp-json\/wp\/v2\/categories?post=41075"},{"taxonomy":"post_tag","embeddable":true,"href":"https:\/\/fuster-associates.com\/fi\/wp-json\/wp\/v2\/tags?post=41075"}],"curies":[{"name":"wp","href":"https:\/\/api.w.org\/{rel}","templated":true}]}}