{"id":40869,"date":"2026-08-11T09:00:57","date_gmt":"2026-08-11T07:00:57","guid":{"rendered":"https:\/\/fuster-associates.com\/?p=40869"},"modified":"2026-09-01T08:22:40","modified_gmt":"2026-09-01T06:22:40","slug":"milloin-sinusta-tulee-verotuksellinen-asukas-espanjassa","status":"publish","type":"post","link":"https:\/\/fuster-associates.com\/fi\/blog\/milloin-sinusta-tulee-verotuksellinen-asukas-espanjassa\/","title":{"rendered":"Milloin sinusta tulee verotuksellinen asukas Espanjassa?"},"content":{"rendered":"<p>Espanja on yksi Euroopan houkuttelevimmista kohteista ulkomaalaisille, el\u00e4kel\u00e4isille, digitaalisille nomadeille ja kansainv\u00e4lisille kiinteist\u00f6nostajille. Espanjaan muuttamisella tai siell\u00e4 vietetyill\u00e4 pitkill\u00e4 oleskelujaksoilla voi kuitenkin olla merkitt\u00e4vi\u00e4 veroseuraamuksia, joita monet aliarvioivat.<\/p>\n<p><strong>Fuster &amp; Associates<\/strong> -yrityksess\u00e4 neuvomme s\u00e4\u00e4nn\u00f6llisesti kansainv\u00e4lisi\u00e4 asiakkaita, jotka ovat ep\u00e4varmoja siit\u00e4, ovatko he tulleet verotuksellisiksi asukkaiksi Espanjassa ja mit\u00e4 velvoitteita t\u00e4m\u00e4 tuo mukanaan. S\u00e4\u00e4nt\u00f6jen ymm\u00e4rt\u00e4minen ennen muuttoa tai kiinteist\u00f6n ostamista voi auttaa v\u00e4ltt\u00e4m\u00e4\u00e4n odottamattomia verovelvoitteita ja varmistamaan espanjalaisten veros\u00e4\u00e4nn\u00f6sten t\u00e4yden noudattamisen.<\/p>\n<div style=\"height: 30px;\"><\/div>\n<h3><strong>Mit\u00e4 verotuksellinen asuinpaikka tarkoittaa?<\/strong><\/h3>\n<p>Verotuksellinen asuinpaikka m\u00e4\u00e4ritt\u00e4\u00e4 <strong>sen, mill\u00e4 maalla on oikeus verottaa maailmanlaajuista tuloasi<\/strong>. On t\u00e4rke\u00e4\u00e4 ymm\u00e4rt\u00e4\u00e4, ett\u00e4 <strong>verotuksellinen asuinpaikka ei ole sama asia kuin oleskelulupa tai viisumi<\/strong>.<\/p>\n<p>Esimerkiksi:<\/p>\n<ul>\n<li>Voit olla Espanjassa oleskeluluvalla ilman, ett\u00e4 sinusta tulee espanjalainen verotuksellinen asukas.<\/li>\n<li>Toisaalta voit tulla espanjalaiseksi verotukselliseksi asukkaaksi, vaikka sinulla ei olisi pitk\u00e4aikaista oleskelulupaa.<\/li>\n<\/ul>\n<p>Espanjalainen verotuksellinen asuinpaikka m\u00e4\u00e4r\u00e4ytyy Espanjan henkil\u00f6kohtaisen tuloverolain kriteerien perusteella.<\/p>\n<div style=\"height: 30px;\"><\/div>\n<h3><strong>183 p\u00e4iv\u00e4n s\u00e4\u00e4nt\u00f6<\/strong><\/h3>\n<p>Tunnetuin s\u00e4\u00e4nt\u00f6 on <strong>183 p\u00e4iv\u00e4n testi<\/strong>.<\/p>\n<p>Yleens\u00e4 sinusta tulee espanjalainen verotuksellinen asukas, jos viet\u00e4t <strong>yli 183 p\u00e4iv\u00e4\u00e4 Espanjassa kalenterivuoden aikana<\/strong> (1. tammikuuta \u2013 31. joulukuuta).<\/p>\n<p>Muutamia t\u00e4rkeit\u00e4 seikkoja on syyt\u00e4 ottaa huomioon:<\/p>\n<ul>\n<li>P\u00e4ivien ei <strong>tarvitse<\/strong> olla per\u00e4kk\u00e4isi\u00e4.<\/li>\n<li>V\u00e4liaikaiset poissaolot voivat silti laskea Espanjassa vietetyiksi p\u00e4iviksi, ellet voi todistaa verotuksellista asuinpaikkaa toisessa maassa.<\/li>\n<li>Sek\u00e4 kokonaiset ett\u00e4 osittaiset p\u00e4iv\u00e4t otetaan yleens\u00e4 huomioon.<\/li>\n<\/ul>\n<p>T\u00e4m\u00e4n vuoksi monet ihmiset tulevat tahattomasti Espanjan verotuksellisiksi asukkaiksi tajuamatta sit\u00e4.<\/p>\n<div style=\"height: 30px;\"><\/div>\n<h3><strong>Taloudellisten etujen keskus<\/strong><\/h3>\n<p>Vaikka viett\u00e4isit Espanjassa alle 183 p\u00e4iv\u00e4\u00e4, sinua voidaan silti pit\u00e4\u00e4 verotuksellisena asukkaana, jos Espanjasta tulee paikka, jossa <strong>p\u00e4\u00e4asialliset taloudelliset etusi<\/strong> sijaitsevat.<\/p>\n<p>T\u00e4m\u00e4 voi koskea tilanteita, joissa:<\/p>\n<ul>\n<li>P\u00e4\u00e4asiallinen liiketoimintasi tapahtuu Espanjassa.<\/li>\n<li>Suurin osa sijoituksistasi tuottaa tuloja Espanjassa.<\/li>\n<li>P\u00e4\u00e4asiallinen tulonl\u00e4hteesi on Espanjassa.<\/li>\n<li>Ammatillinen toimintasi tapahtuu p\u00e4\u00e4asiassa Espanjasta k\u00e4sin.<\/li>\n<\/ul>\n<div style=\"height: 5px;\"><\/div>\n<div class=\"recuadro-con-exclamacion\">\n<div class=\"recuadro-con-exclamacion__icono\">!<\/div>\n<p class=\"recuadro-con-exclamacion__texto\">Jokainen tapaus on analysoitava erikseen, erityisesti yritt\u00e4jien, freelancereiden ja digitaalisten nomadien osalta.<\/p>\n<\/div>\n<div style=\"height: 30px;\"><\/div>\n<h3><strong>El\u00e4m\u00e4nkeskuksen sijainti<\/strong><\/h3>\n<p>Espanjan veroviranomaiset voivat my\u00f6s tarkastella <strong>henkil\u00f6kohtaisia ja perhesiteit\u00e4si<\/strong>.<\/p>\n<p>Jos puolisosi (edellytt\u00e4en, ettei teill\u00e4 ole laillista asumuseroa) ja huollettavat alaik\u00e4iset lapsesi asuvat pysyv\u00e4sti Espanjassa, oletetaan lains\u00e4\u00e4d\u00e4nn\u00f6ss\u00e4, ett\u00e4 olet verotuksellisesti Espanjan asukas, ellet voi osoittaa toisin.<\/p>\n<p>T\u00e4st\u00e4 syyst\u00e4 verotuksellista asuinpaikkaa ei m\u00e4\u00e4ritet\u00e4 pelk\u00e4st\u00e4\u00e4n p\u00e4ivien lukum\u00e4\u00e4r\u00e4n perusteella; my\u00f6s henkil\u00f6kohtaiset ja taloudelliset olosuhteesi kokonaisuudessaan ovat merkityksellisi\u00e4.<\/p>\n<div style=\"height: 30px;\"><\/div>\n<h3><strong>Mit\u00e4 tapahtuu, jos sinusta tulee Espanjan verotuksellinen asukas?<\/strong><\/h3>\n<p>Kun sinusta tulee verotuksellinen asukas Espanjassa, verovelvollisuutesi muuttuvat merkitt\u00e4v\u00e4sti.<\/p>\n<p>Sinun on yleens\u00e4 ilmoitettava <strong>maailmanlaajuiset tulosi<\/strong>, mukaan lukien:<\/p>\n<ul>\n<li>Ty\u00f6tulot<\/li>\n<li>Itsen\u00e4isen ammatinharjoittamisen tulot<\/li>\n<li>Ulkomaiset el\u00e4kkeet<\/li>\n<li>Ulkomaisista kiinteist\u00f6ist\u00e4 saadut vuokratulot<\/li>\n<li>Osingot ja korot<\/li>\n<li>Myyntivoitot<\/li>\n<li>Muut sijoitustulot<\/li>\n<\/ul>\n<p>Lis\u00e4ksi varallisuutesi arvosta ja sijainnista riippuen sinulla voi olla ilmoitusvelvollisuuksia Espanjan ulkopuolella pidett\u00e4v\u00e4n varallisuuden osalta.<\/p>\n<div style=\"height: 5px;\"><\/div>\n<div class=\"mensaje-destacado\">\n<p class=\"mensaje-destacado__texto\">Espanja on allekirjoittanut lukuisia kaksinkertaisen verotuksen v\u00e4ltt\u00e4mist\u00e4 koskevia sopimuksia (DTA) muiden maiden kanssa est\u00e4\u00e4kseen saman tulon kaksinkertaisen verotuksen. N\u00e4m\u00e4 sopimukset m\u00e4\u00e4rittelev\u00e4t usein, mill\u00e4 maalla on verotusoikeus ja voidaanko verohyvityksi\u00e4 soveltaa.<\/p>\n<\/div>\n<div style=\"height: 30px;\"><\/div>\n<h3><strong>Verotuksellinen asuinpaikka vs. ulkomaalaisten verotus<\/strong><\/h3>\n<p>Monet ulkomaiset kiinteist\u00f6nomistajat olettavat, ett\u00e4 asunnon ostaminen tekee heist\u00e4 automaattisesti verotuksellisia asukkaita. T\u00e4m\u00e4 ei <strong>pid\u00e4 paikkaansa<\/strong>.<\/p>\n<p>Ulkomaalainen, joka omistaa kiinteist\u00f6n Espanjassa, maksaa yleens\u00e4 edelleen veroja <strong>ulkomaalaisena<\/strong>, mukaan lukien:<\/p>\n<ul>\n<li>Ulkomaalaisten tulovero (IRNR)<\/li>\n<li>Vuokratulojen vero (jos sovelletaan)<\/li>\n<li>Paikalliset verot, kuten IBI<\/li>\n<\/ul>\n<div class=\"recuadro-con-exclamacion\">\n<div class=\"recuadro-con-exclamacion__icono\">!<\/div>\n<p class=\"recuadro-con-exclamacion__texto\">Verotuksellinen asuinpaikka syntyy vasta, kun lakis\u00e4\u00e4teiset kriteerit t\u00e4yttyv\u00e4t.<\/p>\n<\/div>\n<div style=\"height: 30px;\"><\/div>\n<h3><strong>Voitteko v\u00e4ltt\u00e4\u00e4 verotuksellisen asuinpaikan syntymisen?<\/strong><\/h3>\n<p>Verotuksellisen asuinpaikan syntyminen riippuu t\u00e4ysin omista olosuhteistanne.<\/p>\n<p>Jos haluatte pysy\u00e4 ulkomaalaisena, huolellinen suunnittelu voi olla tarpeen, erityisesti seuraavien seikkojen osalta:<\/p>\n<ul>\n<li>Espanjassa vietetty aika.<\/li>\n<li>Perhetilanteesi.<\/li>\n<li>Liiketoimintasi harjoittamispaikka.<\/li>\n<li>P\u00e4\u00e4asiallisten taloudellisten etujesi sijainti.<\/li>\n<\/ul>\n<p>Ammattilaisen antama neuvonta ennen muuttoa voi usein est\u00e4\u00e4 kalliita virheit\u00e4 my\u00f6hemmin.<\/p>\n<div style=\"height: 30px;\"><\/div>\n<h3><strong>Ulkomaalaisten yleiset virheet<\/strong><\/h3>\n<p>Joitakin yleisimpi\u00e4 v\u00e4\u00e4rink\u00e4sityksi\u00e4, joita kohtaamme, ovat:<\/p>\n<ul>\n<li>Usko, ett\u00e4 kiinteist\u00f6n omistaminen luo automaattisesti verotuksellisen asuinpaikan.<\/li>\n<li>Oletus, ett\u00e4 vain 183 p\u00e4iv\u00e4n s\u00e4\u00e4nt\u00f6 on merkityksellinen.<\/li>\n<li>Unohtaminen, ett\u00e4 maailmanlaajuiset tulot on ilmoitettava, kun verotuksellinen asuinpaikka on saatu.<\/li>\n<li>Perhe- tai liikesuhteiden vaikutuksen huomiotta j\u00e4tt\u00e4minen.<\/li>\n<li>Suunnittelun laiminly\u00f6nti ennen pysyv\u00e4\u00e4 muuttoa Espanjaan.<\/li>\n<\/ul>\n<p>Jokaisen henkil\u00f6n olosuhteet ovat erilaiset, mink\u00e4 vuoksi yksil\u00f6llinen veroneuvonta on erityisen arvokasta.<\/p>\n<div style=\"height: 30px;\"><\/div>\n<h3><strong>Miten Fuster &amp; Associates voi auttaa<\/strong><\/h3>\n<p>Verotuksellisen asuinpaikan m\u00e4\u00e4ritt\u00e4minen ei aina ole yksinkertaista. Jokainen tapaus vaatii henkil\u00f6kohtaisten, ammatillisten ja taloudellisten olosuhteiden analysointia, erityisesti kun kyseess\u00e4 ovat kansainv\u00e4liset veros\u00e4\u00e4nn\u00f6t ja kaksinkertaisen verotuksen v\u00e4ltt\u00e4mist\u00e4 koskevat sopimukset.<\/p>\n<p><strong>Fuster &amp; Associates<\/strong> auttaa kansainv\u00e4lisi\u00e4 asiakkaita seuraavissa asioissa:<\/p>\n<ul>\n<li>Verotuksellisen asuinpaikan m\u00e4\u00e4ritt\u00e4minen.<\/li>\n<li>Verosuunnittelu ennen Espanjaan muuttoa.<\/li>\n<li>Ulkomaalaisten verotus.<\/li>\n<li>Henkil\u00f6kohtainen tulovero (IRPF).<\/li>\n<li>Kansainv\u00e4listen veros\u00e4\u00e4nn\u00f6sten noudattaminen.<\/li>\n<li>Kaksinkertaisen verotuksen kysymykset.<\/li>\n<li>Varallisuuden ilmoitusvelvollisuudet.<\/li>\n<li>Jatkuva veroneuvonta ulkomailla asuville ja ulkomaalaisille kiinteist\u00f6nomistajille.<\/li>\n<\/ul>\n<p>Olipa suunnitelmanasi muutto, el\u00e4kkeelle j\u00e4\u00e4minen, et\u00e4ty\u00f6skentely tai sijoittaminen espanjalaisiin kiinteist\u00f6ihin, monikielinen tiimimme auttaa sinua ymm\u00e4rt\u00e4m\u00e4\u00e4n velvollisuutesi ja minimoimaan tarpeettomat veroriskit.<\/p>\n<p><a href=\"https:\/\/fuster-associates.com\/fi\/kontakti\/\"><strong>Ota yhteytt\u00e4 Fuster &amp; Associatesiin jo t\u00e4n\u00e4\u00e4n<\/strong><\/a> saadaksesi r\u00e4\u00e4t\u00e4l\u00f6ity\u00e4 veroneuvontaa ja varmistaaksesi, ett\u00e4 muutto Espanjaan hoidetaan t\u00e4ysin luotettavasti ja oikeudellisella varmuudella.<\/p>\n<div style=\"height: 30px;\"><\/div>\n<p style=\"text-align: center;\"><em>Haluamme auttaa sinua selviytym\u00e4\u00e4n kaikista Espanjassa asunnon ostoon liittyvist\u00e4 juridisista monimutkaisuuksista, mutta t\u00e4m\u00e4 artikkeli on oikeudellista tietoa, eik\u00e4 sit\u00e4 tule pit\u00e4\u00e4 oikeudellisena neuvona.<\/em><\/p>\n","protected":false},"excerpt":{"rendered":"<p>Espanja on yksi Euroopan houkuttelevimmista kohteista ulkomaalaisille, el\u00e4kel\u00e4isille, digitaalisille nomadeille ja kansainv\u00e4lisille kiinteist\u00f6nostajille. Espanjaan muuttamisella tai siell\u00e4 vietetyill\u00e4 pitkill\u00e4 oleskelujaksoilla voi kuitenkin olla merkitt\u00e4vi\u00e4 veroseuraamuksia, joita monet aliarvioivat. Fuster &amp; Associates -yrityksess\u00e4 neuvomme s\u00e4\u00e4nn\u00f6llisesti kansainv\u00e4lisi\u00e4 asiakkaita, jotka ovat ep\u00e4varmoja siit\u00e4, ovatko he tulleet verotuksellisiksi asukkaiksi Espanjassa ja mit\u00e4 velvoitteita t\u00e4m\u00e4 tuo mukanaan. S\u00e4\u00e4nt\u00f6jen ymm\u00e4rt\u00e4minen ennen [&hellip;]<\/p>\n","protected":false},"author":7,"featured_media":40868,"comment_status":"closed","ping_status":"closed","sticky":false,"template":"","format":"standard","meta":{"content-type":"","_sitemap_exclude":false,"_sitemap_priority":"","_sitemap_frequency":"","footnotes":""},"categories":[260],"tags":[],"class_list":["post-40869","post","type-post","status-publish","format-standard","has-post-thumbnail","hentry","category-personal-income-tax-return"],"yoast_head":"<!-- This site is optimized with the Yoast SEO plugin v28.4 - https:\/\/yoast.com\/product\/yoast-seo-wordpress\/ -->\n<title>Milloin sinusta tulee verotuksellinen asukas Espanjassa? - Fuster &amp; Associates<\/title>\n<meta name=\"robots\" content=\"index, follow, max-snippet:-1, max-image-preview:large, max-video-preview:-1\" \/>\n<link rel=\"canonical\" href=\"https:\/\/fuster-associates.com\/fi\/blog\/milloin-sinusta-tulee-verotuksellinen-asukas-espanjassa\/\" \/>\n<meta property=\"og:locale\" content=\"fi_FI\" \/>\n<meta property=\"og:type\" content=\"article\" \/>\n<meta property=\"og:title\" content=\"Milloin sinusta tulee verotuksellinen asukas Espanjassa? - Fuster &amp; Associates\" \/>\n<meta property=\"og:description\" content=\"Espanja on yksi Euroopan houkuttelevimmista kohteista ulkomaalaisille, el\u00e4kel\u00e4isille, digitaalisille nomadeille ja kansainv\u00e4lisille kiinteist\u00f6nostajille. Espanjaan muuttamisella tai siell\u00e4 vietetyill\u00e4 pitkill\u00e4 oleskelujaksoilla voi kuitenkin olla merkitt\u00e4vi\u00e4 veroseuraamuksia, joita monet aliarvioivat. Fuster &amp; Associates -yrityksess\u00e4 neuvomme s\u00e4\u00e4nn\u00f6llisesti kansainv\u00e4lisi\u00e4 asiakkaita, jotka ovat ep\u00e4varmoja siit\u00e4, ovatko he tulleet verotuksellisiksi asukkaiksi Espanjassa ja mit\u00e4 velvoitteita t\u00e4m\u00e4 tuo mukanaan. S\u00e4\u00e4nt\u00f6jen ymm\u00e4rt\u00e4minen ennen [&hellip;]\" \/>\n<meta property=\"og:url\" content=\"https:\/\/fuster-associates.com\/fi\/blog\/milloin-sinusta-tulee-verotuksellinen-asukas-espanjassa\/\" \/>\n<meta property=\"og:site_name\" content=\"Fuster &amp; Associates\" \/>\n<meta property=\"article:publisher\" content=\"https:\/\/www.facebook.com\/fusterspain\/\" \/>\n<meta property=\"article:published_time\" content=\"2026-08-11T07:00:57+00:00\" \/>\n<meta property=\"article:modified_time\" content=\"2026-09-01T06:22:40+00:00\" \/>\n<meta property=\"og:image\" content=\"https:\/\/fuster-associates.com\/wp-content\/uploads\/When-Do-You-Become-Tax-Resident-in-Spain-Fuster-Associates.png\" \/>\n\t<meta property=\"og:image:width\" content=\"1730\" \/>\n\t<meta property=\"og:image:height\" content=\"909\" \/>\n\t<meta property=\"og:image:type\" content=\"image\/png\" \/>\n<meta name=\"author\" content=\"Miguel\" \/>\n<meta name=\"twitter:card\" content=\"summary_large_image\" \/>\n<meta name=\"twitter:creator\" content=\"@FusterSpain\" \/>\n<meta name=\"twitter:site\" content=\"@FusterSpain\" \/>\n<meta name=\"twitter:label1\" content=\"Kirjoittanut\" \/>\n\t<meta name=\"twitter:data1\" content=\"Miguel\" \/>\n\t<meta name=\"twitter:label2\" content=\"Arvioitu lukuaika\" \/>\n\t<meta name=\"twitter:data2\" content=\"4 minuuttia\" \/>\n<script type=\"application\/ld+json\" class=\"yoast-schema-graph\">{\"@context\":\"https:\\\/\\\/schema.org\",\"@graph\":[{\"@type\":\"Article\",\"@id\":\"https:\\\/\\\/fuster-associates.com\\\/fi\\\/blog\\\/milloin-sinusta-tulee-verotuksellinen-asukas-espanjassa\\\/#article\",\"isPartOf\":{\"@id\":\"https:\\\/\\\/fuster-associates.com\\\/fi\\\/blog\\\/milloin-sinusta-tulee-verotuksellinen-asukas-espanjassa\\\/\"},\"author\":{\"name\":\"Miguel\",\"@id\":\"https:\\\/\\\/fuster-associates.com\\\/fi\\\/#\\\/schema\\\/person\\\/fa2823851934b0af5f46855596a862a5\"},\"headline\":\"Milloin sinusta tulee verotuksellinen asukas Espanjassa?\",\"datePublished\":\"2026-08-11T07:00:57+00:00\",\"dateModified\":\"2026-09-01T06:22:40+00:00\",\"mainEntityOfPage\":{\"@id\":\"https:\\\/\\\/fuster-associates.com\\\/fi\\\/blog\\\/milloin-sinusta-tulee-verotuksellinen-asukas-espanjassa\\\/\"},\"wordCount\":840,\"publisher\":{\"@id\":\"https:\\\/\\\/fuster-associates.com\\\/fi\\\/#organization\"},\"image\":{\"@id\":\"https:\\\/\\\/fuster-associates.com\\\/fi\\\/blog\\\/milloin-sinusta-tulee-verotuksellinen-asukas-espanjassa\\\/#primaryimage\"},\"thumbnailUrl\":\"https:\\\/\\\/fuster-associates.com\\\/wp-content\\\/uploads\\\/When-Do-You-Become-Tax-Resident-in-Spain-Fuster-Associates.png\",\"articleSection\":[\"Personal Income Tax Return\"],\"inLanguage\":\"fi\"},{\"@type\":\"WebPage\",\"@id\":\"https:\\\/\\\/fuster-associates.com\\\/fi\\\/blog\\\/milloin-sinusta-tulee-verotuksellinen-asukas-espanjassa\\\/\",\"url\":\"https:\\\/\\\/fuster-associates.com\\\/fi\\\/blog\\\/milloin-sinusta-tulee-verotuksellinen-asukas-espanjassa\\\/\",\"name\":\"Milloin sinusta tulee verotuksellinen asukas Espanjassa? - Fuster &amp; Associates\",\"isPartOf\":{\"@id\":\"https:\\\/\\\/fuster-associates.com\\\/fi\\\/#website\"},\"primaryImageOfPage\":{\"@id\":\"https:\\\/\\\/fuster-associates.com\\\/fi\\\/blog\\\/milloin-sinusta-tulee-verotuksellinen-asukas-espanjassa\\\/#primaryimage\"},\"image\":{\"@id\":\"https:\\\/\\\/fuster-associates.com\\\/fi\\\/blog\\\/milloin-sinusta-tulee-verotuksellinen-asukas-espanjassa\\\/#primaryimage\"},\"thumbnailUrl\":\"https:\\\/\\\/fuster-associates.com\\\/wp-content\\\/uploads\\\/When-Do-You-Become-Tax-Resident-in-Spain-Fuster-Associates.png\",\"datePublished\":\"2026-08-11T07:00:57+00:00\",\"dateModified\":\"2026-09-01T06:22:40+00:00\",\"breadcrumb\":{\"@id\":\"https:\\\/\\\/fuster-associates.com\\\/fi\\\/blog\\\/milloin-sinusta-tulee-verotuksellinen-asukas-espanjassa\\\/#breadcrumb\"},\"inLanguage\":\"fi\",\"potentialAction\":[{\"@type\":\"ReadAction\",\"target\":[\"https:\\\/\\\/fuster-associates.com\\\/fi\\\/blog\\\/milloin-sinusta-tulee-verotuksellinen-asukas-espanjassa\\\/\"]}]},{\"@type\":\"ImageObject\",\"inLanguage\":\"fi\",\"@id\":\"https:\\\/\\\/fuster-associates.com\\\/fi\\\/blog\\\/milloin-sinusta-tulee-verotuksellinen-asukas-espanjassa\\\/#primaryimage\",\"url\":\"https:\\\/\\\/fuster-associates.com\\\/wp-content\\\/uploads\\\/When-Do-You-Become-Tax-Resident-in-Spain-Fuster-Associates.png\",\"contentUrl\":\"https:\\\/\\\/fuster-associates.com\\\/wp-content\\\/uploads\\\/When-Do-You-Become-Tax-Resident-in-Spain-Fuster-Associates.png\",\"width\":1730,\"height\":909,\"caption\":\"When Do You Become Tax Resident in Spain - Fuster & Associates\"},{\"@type\":\"BreadcrumbList\",\"@id\":\"https:\\\/\\\/fuster-associates.com\\\/fi\\\/blog\\\/milloin-sinusta-tulee-verotuksellinen-asukas-espanjassa\\\/#breadcrumb\",\"itemListElement\":[{\"@type\":\"ListItem\",\"position\":1,\"name\":\"Koti\",\"item\":\"https:\\\/\\\/fuster-associates.com\\\/fi\\\/\"},{\"@type\":\"ListItem\",\"position\":2,\"name\":\"Milloin sinusta tulee verotuksellinen asukas Espanjassa?\"}]},{\"@type\":\"WebSite\",\"@id\":\"https:\\\/\\\/fuster-associates.com\\\/fi\\\/#website\",\"url\":\"https:\\\/\\\/fuster-associates.com\\\/fi\\\/\",\"name\":\"Fuster & Associates\",\"description\":\"Property Solicitors\",\"publisher\":{\"@id\":\"https:\\\/\\\/fuster-associates.com\\\/fi\\\/#organization\"},\"potentialAction\":[{\"@type\":\"SearchAction\",\"target\":{\"@type\":\"EntryPoint\",\"urlTemplate\":\"https:\\\/\\\/fuster-associates.com\\\/fi\\\/?s={search_term_string}\"},\"query-input\":{\"@type\":\"PropertyValueSpecification\",\"valueRequired\":true,\"valueName\":\"search_term_string\"}}],\"inLanguage\":\"fi\"},{\"@type\":\"Organization\",\"@id\":\"https:\\\/\\\/fuster-associates.com\\\/fi\\\/#organization\",\"name\":\"FUSTER & ASSOCIATES\",\"url\":\"https:\\\/\\\/fuster-associates.com\\\/fi\\\/\",\"logo\":{\"@type\":\"ImageObject\",\"inLanguage\":\"fi\",\"@id\":\"https:\\\/\\\/fuster-associates.com\\\/fi\\\/#\\\/schema\\\/logo\\\/image\\\/\",\"url\":\"https:\\\/\\\/fuster-associates.com\\\/wp-content\\\/uploads\\\/2018\\\/08\\\/logo-fuster-1.jpeg\",\"contentUrl\":\"https:\\\/\\\/fuster-associates.com\\\/wp-content\\\/uploads\\\/2018\\\/08\\\/logo-fuster-1.jpeg\",\"width\":180,\"height\":113,\"caption\":\"FUSTER & ASSOCIATES\"},\"image\":{\"@id\":\"https:\\\/\\\/fuster-associates.com\\\/fi\\\/#\\\/schema\\\/logo\\\/image\\\/\"},\"sameAs\":[\"https:\\\/\\\/www.facebook.com\\\/fusterspain\\\/\",\"https:\\\/\\\/x.com\\\/FusterSpain\",\"https:\\\/\\\/www.youtube.com\\\/channel\\\/UC2-kNuL1SoqlFizI47hmIOQ\",\"https:\\\/\\\/www.linkedin.com\\\/company\\\/fuster-&-associates\\\/\"]},{\"@type\":\"Person\",\"@id\":\"https:\\\/\\\/fuster-associates.com\\\/fi\\\/#\\\/schema\\\/person\\\/fa2823851934b0af5f46855596a862a5\",\"name\":\"Miguel\",\"image\":{\"@type\":\"ImageObject\",\"inLanguage\":\"fi\",\"@id\":\"https:\\\/\\\/secure.gravatar.com\\\/avatar\\\/a11dac23828920784fa4764ecd64431ce7385ae8a33ed03528bcafd35c83ebbd?s=96&d=mm&r=g\",\"url\":\"https:\\\/\\\/secure.gravatar.com\\\/avatar\\\/a11dac23828920784fa4764ecd64431ce7385ae8a33ed03528bcafd35c83ebbd?s=96&d=mm&r=g\",\"contentUrl\":\"https:\\\/\\\/secure.gravatar.com\\\/avatar\\\/a11dac23828920784fa4764ecd64431ce7385ae8a33ed03528bcafd35c83ebbd?s=96&d=mm&r=g\",\"caption\":\"Miguel\"}}]}<\/script>\n<!-- \/ Yoast SEO plugin. -->","yoast_head_json":{"title":"Milloin sinusta tulee verotuksellinen asukas Espanjassa? - Fuster &amp; Associates","robots":{"index":"index","follow":"follow","max-snippet":"max-snippet:-1","max-image-preview":"max-image-preview:large","max-video-preview":"max-video-preview:-1"},"canonical":"https:\/\/fuster-associates.com\/fi\/blog\/milloin-sinusta-tulee-verotuksellinen-asukas-espanjassa\/","og_locale":"fi_FI","og_type":"article","og_title":"Milloin sinusta tulee verotuksellinen asukas Espanjassa? - Fuster &amp; Associates","og_description":"Espanja on yksi Euroopan houkuttelevimmista kohteista ulkomaalaisille, el\u00e4kel\u00e4isille, digitaalisille nomadeille ja kansainv\u00e4lisille kiinteist\u00f6nostajille. Espanjaan muuttamisella tai siell\u00e4 vietetyill\u00e4 pitkill\u00e4 oleskelujaksoilla voi kuitenkin olla merkitt\u00e4vi\u00e4 veroseuraamuksia, joita monet aliarvioivat. Fuster &amp; Associates -yrityksess\u00e4 neuvomme s\u00e4\u00e4nn\u00f6llisesti kansainv\u00e4lisi\u00e4 asiakkaita, jotka ovat ep\u00e4varmoja siit\u00e4, ovatko he tulleet verotuksellisiksi asukkaiksi Espanjassa ja mit\u00e4 velvoitteita t\u00e4m\u00e4 tuo mukanaan. S\u00e4\u00e4nt\u00f6jen ymm\u00e4rt\u00e4minen ennen [&hellip;]","og_url":"https:\/\/fuster-associates.com\/fi\/blog\/milloin-sinusta-tulee-verotuksellinen-asukas-espanjassa\/","og_site_name":"Fuster &amp; Associates","article_publisher":"https:\/\/www.facebook.com\/fusterspain\/","article_published_time":"2026-08-11T07:00:57+00:00","article_modified_time":"2026-09-01T06:22:40+00:00","og_image":[{"width":1730,"height":909,"url":"https:\/\/fuster-associates.com\/wp-content\/uploads\/When-Do-You-Become-Tax-Resident-in-Spain-Fuster-Associates.png","type":"image\/png"}],"author":"Miguel","twitter_card":"summary_large_image","twitter_creator":"@FusterSpain","twitter_site":"@FusterSpain","twitter_misc":{"Kirjoittanut":"Miguel","Arvioitu lukuaika":"4 minuuttia"},"schema":{"@context":"https:\/\/schema.org","@graph":[{"@type":"Article","@id":"https:\/\/fuster-associates.com\/fi\/blog\/milloin-sinusta-tulee-verotuksellinen-asukas-espanjassa\/#article","isPartOf":{"@id":"https:\/\/fuster-associates.com\/fi\/blog\/milloin-sinusta-tulee-verotuksellinen-asukas-espanjassa\/"},"author":{"name":"Miguel","@id":"https:\/\/fuster-associates.com\/fi\/#\/schema\/person\/fa2823851934b0af5f46855596a862a5"},"headline":"Milloin sinusta tulee verotuksellinen asukas Espanjassa?","datePublished":"2026-08-11T07:00:57+00:00","dateModified":"2026-09-01T06:22:40+00:00","mainEntityOfPage":{"@id":"https:\/\/fuster-associates.com\/fi\/blog\/milloin-sinusta-tulee-verotuksellinen-asukas-espanjassa\/"},"wordCount":840,"publisher":{"@id":"https:\/\/fuster-associates.com\/fi\/#organization"},"image":{"@id":"https:\/\/fuster-associates.com\/fi\/blog\/milloin-sinusta-tulee-verotuksellinen-asukas-espanjassa\/#primaryimage"},"thumbnailUrl":"https:\/\/fuster-associates.com\/wp-content\/uploads\/When-Do-You-Become-Tax-Resident-in-Spain-Fuster-Associates.png","articleSection":["Personal Income Tax Return"],"inLanguage":"fi"},{"@type":"WebPage","@id":"https:\/\/fuster-associates.com\/fi\/blog\/milloin-sinusta-tulee-verotuksellinen-asukas-espanjassa\/","url":"https:\/\/fuster-associates.com\/fi\/blog\/milloin-sinusta-tulee-verotuksellinen-asukas-espanjassa\/","name":"Milloin sinusta tulee verotuksellinen asukas Espanjassa? - Fuster &amp; Associates","isPartOf":{"@id":"https:\/\/fuster-associates.com\/fi\/#website"},"primaryImageOfPage":{"@id":"https:\/\/fuster-associates.com\/fi\/blog\/milloin-sinusta-tulee-verotuksellinen-asukas-espanjassa\/#primaryimage"},"image":{"@id":"https:\/\/fuster-associates.com\/fi\/blog\/milloin-sinusta-tulee-verotuksellinen-asukas-espanjassa\/#primaryimage"},"thumbnailUrl":"https:\/\/fuster-associates.com\/wp-content\/uploads\/When-Do-You-Become-Tax-Resident-in-Spain-Fuster-Associates.png","datePublished":"2026-08-11T07:00:57+00:00","dateModified":"2026-09-01T06:22:40+00:00","breadcrumb":{"@id":"https:\/\/fuster-associates.com\/fi\/blog\/milloin-sinusta-tulee-verotuksellinen-asukas-espanjassa\/#breadcrumb"},"inLanguage":"fi","potentialAction":[{"@type":"ReadAction","target":["https:\/\/fuster-associates.com\/fi\/blog\/milloin-sinusta-tulee-verotuksellinen-asukas-espanjassa\/"]}]},{"@type":"ImageObject","inLanguage":"fi","@id":"https:\/\/fuster-associates.com\/fi\/blog\/milloin-sinusta-tulee-verotuksellinen-asukas-espanjassa\/#primaryimage","url":"https:\/\/fuster-associates.com\/wp-content\/uploads\/When-Do-You-Become-Tax-Resident-in-Spain-Fuster-Associates.png","contentUrl":"https:\/\/fuster-associates.com\/wp-content\/uploads\/When-Do-You-Become-Tax-Resident-in-Spain-Fuster-Associates.png","width":1730,"height":909,"caption":"When Do You Become Tax Resident in Spain - Fuster & Associates"},{"@type":"BreadcrumbList","@id":"https:\/\/fuster-associates.com\/fi\/blog\/milloin-sinusta-tulee-verotuksellinen-asukas-espanjassa\/#breadcrumb","itemListElement":[{"@type":"ListItem","position":1,"name":"Koti","item":"https:\/\/fuster-associates.com\/fi\/"},{"@type":"ListItem","position":2,"name":"Milloin sinusta tulee verotuksellinen asukas Espanjassa?"}]},{"@type":"WebSite","@id":"https:\/\/fuster-associates.com\/fi\/#website","url":"https:\/\/fuster-associates.com\/fi\/","name":"Fuster & Associates","description":"Property Solicitors","publisher":{"@id":"https:\/\/fuster-associates.com\/fi\/#organization"},"potentialAction":[{"@type":"SearchAction","target":{"@type":"EntryPoint","urlTemplate":"https:\/\/fuster-associates.com\/fi\/?s={search_term_string}"},"query-input":{"@type":"PropertyValueSpecification","valueRequired":true,"valueName":"search_term_string"}}],"inLanguage":"fi"},{"@type":"Organization","@id":"https:\/\/fuster-associates.com\/fi\/#organization","name":"FUSTER & ASSOCIATES","url":"https:\/\/fuster-associates.com\/fi\/","logo":{"@type":"ImageObject","inLanguage":"fi","@id":"https:\/\/fuster-associates.com\/fi\/#\/schema\/logo\/image\/","url":"https:\/\/fuster-associates.com\/wp-content\/uploads\/2018\/08\/logo-fuster-1.jpeg","contentUrl":"https:\/\/fuster-associates.com\/wp-content\/uploads\/2018\/08\/logo-fuster-1.jpeg","width":180,"height":113,"caption":"FUSTER & ASSOCIATES"},"image":{"@id":"https:\/\/fuster-associates.com\/fi\/#\/schema\/logo\/image\/"},"sameAs":["https:\/\/www.facebook.com\/fusterspain\/","https:\/\/x.com\/FusterSpain","https:\/\/www.youtube.com\/channel\/UC2-kNuL1SoqlFizI47hmIOQ","https:\/\/www.linkedin.com\/company\/fuster-&-associates\/"]},{"@type":"Person","@id":"https:\/\/fuster-associates.com\/fi\/#\/schema\/person\/fa2823851934b0af5f46855596a862a5","name":"Miguel","image":{"@type":"ImageObject","inLanguage":"fi","@id":"https:\/\/secure.gravatar.com\/avatar\/a11dac23828920784fa4764ecd64431ce7385ae8a33ed03528bcafd35c83ebbd?s=96&d=mm&r=g","url":"https:\/\/secure.gravatar.com\/avatar\/a11dac23828920784fa4764ecd64431ce7385ae8a33ed03528bcafd35c83ebbd?s=96&d=mm&r=g","contentUrl":"https:\/\/secure.gravatar.com\/avatar\/a11dac23828920784fa4764ecd64431ce7385ae8a33ed03528bcafd35c83ebbd?s=96&d=mm&r=g","caption":"Miguel"}}]}},"_links":{"self":[{"href":"https:\/\/fuster-associates.com\/fi\/wp-json\/wp\/v2\/posts\/40869","targetHints":{"allow":["GET"]}}],"collection":[{"href":"https:\/\/fuster-associates.com\/fi\/wp-json\/wp\/v2\/posts"}],"about":[{"href":"https:\/\/fuster-associates.com\/fi\/wp-json\/wp\/v2\/types\/post"}],"author":[{"embeddable":true,"href":"https:\/\/fuster-associates.com\/fi\/wp-json\/wp\/v2\/users\/7"}],"replies":[{"embeddable":true,"href":"https:\/\/fuster-associates.com\/fi\/wp-json\/wp\/v2\/comments?post=40869"}],"version-history":[{"count":2,"href":"https:\/\/fuster-associates.com\/fi\/wp-json\/wp\/v2\/posts\/40869\/revisions"}],"predecessor-version":[{"id":41021,"href":"https:\/\/fuster-associates.com\/fi\/wp-json\/wp\/v2\/posts\/40869\/revisions\/41021"}],"wp:featuredmedia":[{"embeddable":true,"href":"https:\/\/fuster-associates.com\/fi\/wp-json\/wp\/v2\/media\/40868"}],"wp:attachment":[{"href":"https:\/\/fuster-associates.com\/fi\/wp-json\/wp\/v2\/media?parent=40869"}],"wp:term":[{"taxonomy":"category","embeddable":true,"href":"https:\/\/fuster-associates.com\/fi\/wp-json\/wp\/v2\/categories?post=40869"},{"taxonomy":"post_tag","embeddable":true,"href":"https:\/\/fuster-associates.com\/fi\/wp-json\/wp\/v2\/tags?post=40869"}],"curies":[{"name":"wp","href":"https:\/\/api.w.org\/{rel}","templated":true}]}}