{"id":38067,"date":"2026-04-27T10:21:21","date_gmt":"2026-04-27T08:21:21","guid":{"rendered":"https:\/\/fuster-associates.com\/?p=38067"},"modified":"2026-04-27T10:21:21","modified_gmt":"2026-04-27T08:21:21","slug":"fuster-associates-avaa-ensimmaisen-toimistonsa-valencian-kaupungissa-ja-neljannen-toimistonsa-alueella","status":"publish","type":"post","link":"https:\/\/fuster-associates.com\/fi\/blog\/fuster-associates-avaa-ensimmaisen-toimistonsa-valencian-kaupungissa-ja-neljannen-toimistonsa-alueella\/","title":{"rendered":"Fuster &#038; Associates avaa ensimm\u00e4isen toimistonsa Valencian kaupungissa ja nelj\u00e4nnen toimistonsa alueella"},"content":{"rendered":"<p>Fuster &amp; Associates avaa ensimm\u00e4isen toimistonsa Valencian kaupungissa ja nelj\u00e4nnen toimistonsa alueella<\/p>\n<p>Kiinteist\u00f6ala <b>Turia-joen varrella sijaitsevassa p\u00e4\u00e4kaupungissa<\/b> on k\u00e4ym\u00e4ss\u00e4 l\u00e4pi ennenn\u00e4kem\u00e4tt\u00f6m\u00e4n muutoksen. Valencian vakiintuminen <i>keskuksena<\/i> yhdysvaltalaisille sijoituksille sek\u00e4 kansainv\u00e4listen markkinoiden kasvava vaativuus edellytt\u00e4v\u00e4t oikeudellista ratkaisua, jossa yhdistyv\u00e4t toiminnallinen ketteryys ja tinkim\u00e4t\u00f6n eettinen sitoutuminen. Avatessaan uuden p\u00e4\u00e4konttorinsa Calle Cirilo Amor\u00f3s -kadulle <a href=\"https:\/\/fuster-associates.com\/fi\/\"><b>Fuster &amp; Associates<\/b><\/a> ei ainoastaan laajenna fyysist\u00e4 l\u00e4sn\u00e4oloaan, vaan asettaa my\u00f6s uuden tason tarkkuudelle ja luottamuksen rakentamiselle, jotta se voi toimia edell\u00e4k\u00e4vij\u00e4n\u00e4 p\u00e4\u00e4kaupungin ulkomaalaisten neuvonantajana.<\/p>\n<p>Huippuluokan kiinteist\u00f6alalla luottamus ei ole asia, jota voi improvisoida; se on infrastruktuuri, joka on rakennettava tarkkuudella ja l\u00e4pin\u00e4kyvyydell\u00e4. Huhtikuussa 2026 <b>Fuster &amp; Associates<\/b> avaa uuden p\u00e4\u00e4konttorinsa Cirilo Amor\u00f3s -kadulla, Valencian syd\u00e4mess\u00e4. T\u00e4m\u00e4 avaus ei ole pelk\u00e4st\u00e4\u00e4n virstanpylv\u00e4s yrityksen alueellisessa laajentumisessa; se on strateginen vastaus markkinoiden kysynt\u00e4\u00e4n, joka ei en\u00e4\u00e4 tyydy perinteiseen hallinnolliseen hoitoon, vaan etsii <i>kumppania<\/i>, joka pystyy toimimaan globaalin huippuosaamisen standardien mukaisesti.<\/p>\n<p>25 vuoden ajan johtaneena ulkomaalaisten neuvonantajana V\u00e4limeren alueella, l\u00e4sn\u00e4olon vakiinnuttaminen Valencian kaupungissa t\u00e4ydent\u00e4\u00e4 palvelukarttaa, joka ulottuu Almeriasta Valencian yhteis\u00f6\u00f6n. Kyse ei ole pelk\u00e4st\u00e4\u00e4n l\u00e4sn\u00e4olosta, vaan tarvittavan \u201doperatiivisen selk\u00e4rangan\u201d tarjoamisesta, jotta paikalliset kehitt\u00e4j\u00e4t ja toimistot voivat menestyksekk\u00e4\u00e4sti vastata sijoittajien virtaan, jotka profiilinsa ja alkuper\u00e4ns\u00e4 vuoksi vaativat korkeampaa oikeusvarmuutta.<\/p>\n<h3><b>Yhdysvaltain markkinat: Valencia globaalin sijoitustoiminnan t\u00e4ht\u00e4imess\u00e4<\/b><\/h3>\n<p>Viimeisen vuosikymmenen aikana Espanjan rannikolla toimivat ulkomaiset sijoittajat ovat tyypillisesti vastanneet ennustettavaa eurooppalaista profiilia. Vuoteen 2026 menness\u00e4 sijoitusmaisema on kuitenkin siirtynyt kohti Atlanttia. Valencia on asettunut <b>Yhdysvaltojen<\/b> p\u00e4\u00e4oman suosikkikohteeksi, ja ostajat pit\u00e4v\u00e4t Valencian p\u00e4\u00e4kaupunkia korkealaatuisena vaihtoehtona jo kyll\u00e4styneille markkinoille, kuten Lissabonille tai Barcelonalle.<\/p>\n<p>T\u00e4m\u00e4 yhdysvaltalainen sijoittaja tuo mukanaan erilaisen markkinadynamiikan. New Yorkista, Miamista tai San Franciscosta tulevalle ostajalle aika on niukin resurssi ja oikeusvarmuus on edellytys varojen siirt\u00e4miselle. Heid\u00e4n saapumisensa on nostanut rimaa: ei en\u00e4\u00e4 riit\u00e4, ett\u00e4 vain selitet\u00e4\u00e4n ostoprosessi; on kyett\u00e4v\u00e4 hallitsemaan monimutkaisia verorakenteita, varmistamaan kansainv\u00e4listen l\u00e4pin\u00e4kyvyysm\u00e4\u00e4r\u00e4ysten noudattaminen ja tarjoamaan reaaliaikaista palvelua, jota perinteinen byrokratia usein hidastaa.<\/p>\n<p>Me Fuster &amp; Associatesilla ymm\u00e4rr\u00e4mme, ett\u00e4 Valencian kiinteist\u00f6alan menestys riippuu sen kyvyst\u00e4 vastata n\u00e4iden asiakkaiden tarpeisiin. Monikulttuurinen tiimimme, joka puhuu yli tusinaa kielt\u00e4, ei ole vain kilpailuetu viestinn\u00e4ss\u00e4; se varmistaa, ett\u00e4 ulkomaiset sijoittajat tuntevat olevansa ymm\u00e4rrettyj\u00e4 ja suojattuja omassa teknisess\u00e4 ja oikeudellisessa viitekehyksess\u00e4\u00e4n.<\/p>\n<h3><b><strong>Strateginen kumppani kiinteist\u00f6v\u00e4litystoimiston ketteryydelle<\/strong><\/b><\/h3>\n<p>Valencian kiinteist\u00f6markkinoiden nykytilannetta leimaa kiireellinen erikoistumisen tarve. Nykyp\u00e4iv\u00e4n kiinteist\u00f6nv\u00e4litt\u00e4j\u00e4 on asiantuntija prospektoinnissa, markkinoinnissa ja neuvotteluissa; h\u00e4nen arvonsa piilee kyvyss\u00e4 tuoda ostajat ja myyj\u00e4t yhteen.<\/p>\n<p>Kansainv\u00e4listen transaktioiden kasvava monimutkaisuus pakottaa kuitenkin v\u00e4litt\u00e4j\u00e4n usein suuntaamaan huomionsa byrokratiaan ja oikeudellisiin konsultointeihin, jotka viev\u00e4t aikaa ja lis\u00e4\u00e4v\u00e4t vastuuta.<\/p>\n<figure id=\"attachment_38065\" aria-describedby=\"caption-attachment-38065\" style=\"width: 800px\" class=\"wp-caption alignnone\"><img fetchpriority=\"high\" decoding=\"async\" class=\"size-large wp-image-38065\" src=\"https:\/\/fuster-associates.com\/wp-content\/uploads\/Pedro-Martinez-y-David-Albadalejo-Fuster-Associates-1024x739.jpg\" alt=\"Pedro Mart\u00ednez, CEO, and David Albadalejo Fuster, founder of Fuster and Associates. \u2013 Photo: PLAZA\" width=\"800\" height=\"577\" srcset=\"https:\/\/fuster-associates.com\/wp-content\/uploads\/Pedro-Martinez-y-David-Albadalejo-Fuster-Associates-1024x739.jpg 1024w, https:\/\/fuster-associates.com\/wp-content\/uploads\/Pedro-Martinez-y-David-Albadalejo-Fuster-Associates-300x216.jpg 300w, https:\/\/fuster-associates.com\/wp-content\/uploads\/Pedro-Martinez-y-David-Albadalejo-Fuster-Associates-768x554.jpg 768w, https:\/\/fuster-associates.com\/wp-content\/uploads\/Pedro-Martinez-y-David-Albadalejo-Fuster-Associates-610x440.jpg 610w, https:\/\/fuster-associates.com\/wp-content\/uploads\/Pedro-Martinez-y-David-Albadalejo-Fuster-Associates-600x433.jpg 600w, https:\/\/fuster-associates.com\/wp-content\/uploads\/Pedro-Martinez-y-David-Albadalejo-Fuster-Associates.jpg 1216w\" sizes=\"(max-width: 800px) 100vw, 800px\" \/><figcaption id=\"caption-attachment-38065\" class=\"wp-caption-text\">Pedro Mart\u00ednez, toimitusjohtaja, ja David Albadalejo Fuster, Fuster and Associatesin perustaja. \u2013 Kuva: PLAZA<\/figcaption><\/figure>\n<p>Fuster &amp; Associatesin ehdotus Valencian kiinteist\u00f6v\u00e4litt\u00e4jille ja rakennuttajille on eritt\u00e4in k\u00e4yt\u00e4nn\u00f6llinen: toimia heid\u00e4n <b>tehokkaana ulkoisena lakiosastonaan<\/b>. Delegoimalla myynnin oikeudellisen, verotuksellisen ja hallinnollisen hoidon toimistollemme kiinteist\u00f6v\u00e4litt\u00e4j\u00e4 saa takaisin arvokkaimman voimavaransa: aikaa myyd\u00e4.<\/p>\n<p>Saapumisemme Calle Cirilo Amor\u00f3sille tarjoaa alalle infrastruktuurin, joka pystyy k\u00e4sittelem\u00e4\u00e4n suuria transaktiom\u00e4\u00e4ri\u00e4 tinkim\u00e4tt\u00e4 tarkkuudesta. Puhumme sijoittajien kielt\u00e4, mutta ymm\u00e4rr\u00e4mme my\u00f6s valencialaisten kiinteist\u00f6v\u00e4litt\u00e4jien kielt\u00e4. Tied\u00e4mme, ett\u00e4 kauppa ei p\u00e4\u00e4ty tarjouksen hyv\u00e4ksymiseen, vaan vasta kun asiakas saa avaimet ja voi olla t\u00e4ysin varma, ett\u00e4 h\u00e4nen sijoituksensa on t\u00e4ysin suojattu.<\/p>\n<h3><b><strong>Valencia: Tulevaisuus rakentuu kiinteist\u00f6jen oikeusvarmuudelle<\/strong><\/b><\/h3>\n<p>T\u00e4m\u00e4n uuden toimiston avaaminen t\u00e4ydent\u00e4\u00e4 yrityksen toimintakarttaa V\u00e4limeren alueella ja luo turvaverkon, joka yhdist\u00e4\u00e4 <b>Valencian<\/b> <b>Teuladaan<\/b>, <b>Finestratin<\/b>, <b>La Zenian<\/b>, <b>Los Alc\u00e1zaresin<\/b>, <b>Murcian<\/b> ja <b>San Juan de los Terreros-Pulp\u00edn<\/b>. T\u00e4m\u00e4 alueellinen jatkuvuus antaa meille mahdollisuuden tarjota kattavaa palvelua alueellisella tasolla toimiville sijoittajille ja varmistaa, ett\u00e4 laatustandardit ovat samat rannikon kaikissa osissa.<\/p>\n<p>Valencia on valmis johtamaan tulevaisuuden kiinteist\u00f6markkinoita, mutta t\u00e4m\u00e4n johtajuuden on perustuttava ammattitaitoon. Vuoteen 2026 menness\u00e4 improvisaatio ei en\u00e4\u00e4 ole vaihtoehto. Globaalit sijoittajat etsiv\u00e4t turvasatamia p\u00e4\u00e4omalleen, ja teht\u00e4v\u00e4mme on varmistaa, ett\u00e4 Valencia n\u00e4hd\u00e4\u00e4n sellaisena kaikkialla maailmassa.<\/p>\n<p>Kuten <b>Pedro Mart\u00ednez<\/b>, yrityksen toimitusjohtaja, toteaa: \u201dL\u00e4sn\u00e4olomme Valencian kaupungissa ei ole pelk\u00e4st\u00e4\u00e4n liiketoiminnan laajentamista; se on sitoutumista alan huippuosaamiseen. Olemme t\u00e4\u00e4ll\u00e4 varmistamassa, ett\u00e4 jokainen notaarin toimistossa tehty allekirjoitus merkitsee menestystarinan alkua, jota tukee sellaisen yrityksen tekninen tarkkuus ja moraalinen rehellisyys, joka ymm\u00e4rt\u00e4\u00e4, ett\u00e4 kiinteist\u00f6jen lis\u00e4ksi suojelemme ihmisten el\u00e4m\u00e4nsuunnitelmia.\u201d<\/p>\n<p>&nbsp;<\/p>\n<p>Fuster &amp; Associates \u2013 Valencian toimisto sijaitsee osoitteessa <b>Cirilo Amor\u00f3s 27<\/b>, 3. kerros, huone A, 46004, Valencia. Toimiston puhelinnumero on 965 992 116 ja s\u00e4hk\u00f6postiosoite hola@fuster-associates.com.<br \/>\nVoit my\u00f6s vierailla heid\u00e4n verkkosivuillaan: <a href=\"https:\/\/fuster-associates.com\/fi\/\">fuster.associates.com<\/a><\/p>\n<p>&nbsp;<\/p>\n<div style=\"background-color: #f2f2f2; padding: 20px; border-radius: 8px; max-width: 800px; font-family: \u2018Plus Jakarta Sans\u2019, sans-serif; line-height: 1.6;\">\n<div style=\"font-weight: 600; margin-bottom: 10px;\">Yhteiskuntavastuu: UNHCR:n ty\u00f6n tukeminen<\/div>\n<p>Taloudellisen tuloksen lis\u00e4ksi yrityksen arvovalta perustuu sen arvoihin. Fuster &amp; Associatesille liiketoiminnan menestys mahdollistaa vahvan sitoutumisen yhteiskuntavastuuseen ja aktiivisen yhteisty\u00f6n kansainv\u00e4listen j\u00e4rjest\u00f6jen kanssa, jotka suojelevat perusoikeuksia.<\/p>\n<p>T\u00e4ss\u00e4 yhteydess\u00e4 yritys yll\u00e4pit\u00e4\u00e4 tiivist\u00e4 kumppanuutta YK:n pakolaisj\u00e4rjest\u00f6n UNHCR:n kanssa ja tukee sen humanitaarisia avustusohjelmia monimutkaisissa asuntokriiseiss\u00e4, kuten t\u00e4ll\u00e4 hetkell\u00e4 Syyriassa. UNHCR:n vuoden 2025 paluuraportin mukaan vuosia kest\u00e4neen konfliktin j\u00e4lkeen monet syyrialaiset perheet ovat alkaneet toteuttaa toivettaan palata kotiin, mutta kohtaavat vakavia esteit\u00e4: tuhoutuneet kodit, elinkeinojen puute ja syv\u00e4 ep\u00e4varmuus paikan p\u00e4\u00e4ll\u00e4.<\/p>\n<p>T\u00e4t\u00e4 taustaa vasten UNHCR helpottaa vapaaehtoista paluuta varmistaakseen, ett\u00e4 se tapahtuu turvallisesti, tarjoamalla rahallista apua, kuljetusta ja neuvontaa n\u00e4iden perheiden uudelleensopeutumiseen tarvittavista virallisista asiakirjoista. T\u00e4ss\u00e4 yhteydess\u00e4 Fuster &amp; Associatesin kaltaisten lahjoittajien tuki on ollut ratkaisevan t\u00e4rke\u00e4\u00e4 sen varmistamiseksi, ett\u00e4 t\u00e4m\u00e4 toive palata kotiin muuttuu arvokkaaksi ja kest\u00e4v\u00e4ksi todellisuudeksi. Tarjoamalla tarvittavat resurssit annamme YK:n asiantuntijoille mahdollisuuden auttaa perheit\u00e4 palauttamaan laillisen henkil\u00f6llisyytens\u00e4 ja kunnostamaan kotinsa, mik\u00e4 varmistaa, ett\u00e4 paluu kotiin on mahdollista jopa vaikeimmissa olosuhteissa.<\/p>\n<\/div>\n<p>&nbsp;<\/p>\n<div style=\"font-family: \u201cPlus Jakarta Sans\u201d, sans-serif; max-width: 900px;\">\n<h3 style=\"margin-bottom: 10px;\">Fuster &amp; Associatesin panos UNHCR:lle<\/h3>\n<p style=\"margin-bottom: 20px; line-height: 1.6;\">UNHCR:n Syyriassa vuonna 2025 toteuttamien toimien kokonaiskontekstissa, joka maatasolla k\u00e4sitti 4 647 kodin korjaamisen, avustustarvikkeiden jakamisen 259 443 perheelle ja k\u00e4teisavun tarjoamisen 36 545 palanneelle perheelle.<\/p>\n<table style=\"width: 100%; border-collapse: collapse;\">\n<tbody>\n<tr style=\"border-bottom: 2px solid #000; text-align: left;\">\n<th style=\"padding: 12px;\">Toiminta<\/th>\n<th style=\"padding: 12px;\">Yhteens\u00e4<\/th>\n<th style=\"padding: 12px;\">Edunsaajat<\/th>\n<\/tr>\n<tr style=\"border-bottom: 1px solid #ddd;\">\n<td style=\"padding: 12px;\">Perusavustuspakettien jakelu 37:lle Syyriaan palaavalle pakolaisperheelle<\/td>\n<td style=\"padding: 12px;\">9 233 euroa<\/td>\n<td style=\"padding: 12px;\">185 henkil\u00f6\u00e4<\/td>\n<\/tr>\n<tr style=\"border-bottom: 1px solid #ddd;\">\n<td style=\"padding: 12px;\">8 pakolais- ja paluumuuttajaperheiden majapaikan korjaus<\/td>\n<td style=\"padding: 12px;\">14 143 \u20ac<\/td>\n<td style=\"padding: 12px;\">40 henkil\u00f6\u00e4<\/td>\n<\/tr>\n<tr style=\"border-bottom: 1px solid #ddd;\">\n<td style=\"padding: 12px;\">Toimintojen v\u00e4lisumma<\/td>\n<td style=\"padding: 12px;\">23 376 euroa<\/td>\n<td style=\"padding: 12px;\"><\/td>\n<\/tr>\n<tr style=\"border-bottom: 1px solid #ddd;\">\n<td style=\"padding: 12px;\">Ohjelman tukikustannukset<\/td>\n<td style=\"padding: 12px;\">1 624 \u20ac<\/td>\n<td style=\"padding: 12px;\"><\/td>\n<\/tr>\n<tr style=\"font-weight: 600;\">\n<td style=\"padding: 12px;\">YHTEENS\u00c4<\/td>\n<td style=\"padding: 12px;\">25 000 \u20ac<\/td>\n<td style=\"padding: 12px;\">225 henkil\u00f6\u00e4<\/td>\n<\/tr>\n<\/tbody>\n<\/table>\n<p style=\"margin-top: 15px; font-size: 14px; color: #555;\">Taulukko: Fuster &amp; Associates \u2022 L\u00e4hde: UNHCR: Raportti paluusta Syyriaan 2025 sek\u00e4 oikeus- ja asumistukiohjelmasta.<\/p>\n<\/div>\n<p>&nbsp;<\/p>\n","protected":false},"excerpt":{"rendered":"<p>Fuster &amp; Associates avaa ensimm\u00e4isen toimistonsa Valencian kaupungissa ja nelj\u00e4nnen toimistonsa alueella Kiinteist\u00f6ala Turia-joen varrella sijaitsevassa p\u00e4\u00e4kaupungissa on k\u00e4ym\u00e4ss\u00e4 l\u00e4pi ennenn\u00e4kem\u00e4tt\u00f6m\u00e4n muutoksen. Valencian vakiintuminen keskuksena yhdysvaltalaisille sijoituksille sek\u00e4 kansainv\u00e4listen markkinoiden kasvava vaativuus edellytt\u00e4v\u00e4t oikeudellista ratkaisua, jossa yhdistyv\u00e4t toiminnallinen ketteryys ja tinkim\u00e4t\u00f6n eettinen sitoutuminen. Avatessaan uuden p\u00e4\u00e4konttorinsa Calle Cirilo Amor\u00f3s -kadulle Fuster &amp; Associates ei ainoastaan [&hellip;]<\/p>\n","protected":false},"author":7,"featured_media":38066,"comment_status":"closed","ping_status":"closed","sticky":false,"template":"","format":"standard","meta":{"content-type":"","_sitemap_exclude":false,"_sitemap_priority":"","_sitemap_frequency":"","footnotes":""},"categories":[203],"tags":[],"class_list":["post-38067","post","type-post","status-publish","format-standard","has-post-thumbnail","hentry","category-fuster-and-associates-fi"],"yoast_head":"<!-- This site is optimized with the Yoast SEO plugin v27.4 - https:\/\/yoast.com\/product\/yoast-seo-wordpress\/ -->\n<title>Fuster &amp; Associates avaa ensimm\u00e4isen toimistonsa Valencian kaupungissa ja nelj\u00e4nnen toimistonsa alueella - Fuster &amp; Associates<\/title>\n<meta name=\"robots\" content=\"index, follow, max-snippet:-1, max-image-preview:large, max-video-preview:-1\" \/>\n<link rel=\"canonical\" href=\"https:\/\/fuster-associates.com\/fi\/blog\/fuster-associates-avaa-ensimmaisen-toimistonsa-valencian-kaupungissa-ja-neljannen-toimistonsa-alueella\/\" \/>\n<meta property=\"og:locale\" content=\"fi_FI\" \/>\n<meta property=\"og:type\" content=\"article\" \/>\n<meta property=\"og:title\" content=\"Fuster &amp; Associates avaa ensimm\u00e4isen toimistonsa Valencian kaupungissa ja nelj\u00e4nnen toimistonsa alueella - Fuster &amp; Associates\" \/>\n<meta property=\"og:description\" content=\"Fuster &amp; Associates avaa ensimm\u00e4isen toimistonsa Valencian kaupungissa ja nelj\u00e4nnen toimistonsa alueella Kiinteist\u00f6ala Turia-joen varrella sijaitsevassa p\u00e4\u00e4kaupungissa on k\u00e4ym\u00e4ss\u00e4 l\u00e4pi ennenn\u00e4kem\u00e4tt\u00f6m\u00e4n muutoksen. Valencian vakiintuminen keskuksena yhdysvaltalaisille sijoituksille sek\u00e4 kansainv\u00e4listen markkinoiden kasvava vaativuus edellytt\u00e4v\u00e4t oikeudellista ratkaisua, jossa yhdistyv\u00e4t toiminnallinen ketteryys ja tinkim\u00e4t\u00f6n eettinen sitoutuminen. Avatessaan uuden p\u00e4\u00e4konttorinsa Calle Cirilo Amor\u00f3s -kadulle Fuster &amp; Associates ei ainoastaan [&hellip;]\" \/>\n<meta property=\"og:url\" content=\"https:\/\/fuster-associates.com\/fi\/blog\/fuster-associates-avaa-ensimmaisen-toimistonsa-valencian-kaupungissa-ja-neljannen-toimistonsa-alueella\/\" \/>\n<meta property=\"og:site_name\" content=\"Fuster &amp; Associates\" \/>\n<meta property=\"article:publisher\" content=\"https:\/\/www.facebook.com\/fusterspain\/\" \/>\n<meta property=\"article:published_time\" content=\"2026-04-27T08:21:21+00:00\" \/>\n<meta property=\"og:image\" content=\"https:\/\/fuster-associates.com\/wp-content\/uploads\/Oficina-Valencia.jpg\" \/>\n\t<meta property=\"og:image:width\" content=\"1200\" \/>\n\t<meta property=\"og:image:height\" content=\"800\" \/>\n\t<meta property=\"og:image:type\" content=\"image\/jpeg\" \/>\n<meta name=\"author\" content=\"Miguel\" \/>\n<meta name=\"twitter:card\" content=\"summary_large_image\" \/>\n<meta name=\"twitter:creator\" content=\"@FusterSpain\" \/>\n<meta name=\"twitter:site\" content=\"@FusterSpain\" \/>\n<meta name=\"twitter:label1\" content=\"Kirjoittanut\" \/>\n\t<meta name=\"twitter:data1\" content=\"Miguel\" \/>\n\t<meta name=\"twitter:label2\" content=\"Arvioitu lukuaika\" \/>\n\t<meta name=\"twitter:data2\" content=\"5 minuuttia\" \/>\n<script type=\"application\/ld+json\" class=\"yoast-schema-graph\">{\"@context\":\"https:\\\/\\\/schema.org\",\"@graph\":[{\"@type\":\"Article\",\"@id\":\"https:\\\/\\\/fuster-associates.com\\\/fi\\\/blog\\\/fuster-associates-avaa-ensimmaisen-toimistonsa-valencian-kaupungissa-ja-neljannen-toimistonsa-alueella\\\/#article\",\"isPartOf\":{\"@id\":\"https:\\\/\\\/fuster-associates.com\\\/fi\\\/blog\\\/fuster-associates-avaa-ensimmaisen-toimistonsa-valencian-kaupungissa-ja-neljannen-toimistonsa-alueella\\\/\"},\"author\":{\"name\":\"Miguel\",\"@id\":\"https:\\\/\\\/fuster-associates.com\\\/fi\\\/#\\\/schema\\\/person\\\/272425e5a87006c908425c14ca37566b\"},\"headline\":\"Fuster &#038; Associates avaa ensimm\u00e4isen toimistonsa Valencian kaupungissa ja nelj\u00e4nnen toimistonsa alueella\",\"datePublished\":\"2026-04-27T08:21:21+00:00\",\"mainEntityOfPage\":{\"@id\":\"https:\\\/\\\/fuster-associates.com\\\/fi\\\/blog\\\/fuster-associates-avaa-ensimmaisen-toimistonsa-valencian-kaupungissa-ja-neljannen-toimistonsa-alueella\\\/\"},\"wordCount\":1061,\"publisher\":{\"@id\":\"https:\\\/\\\/fuster-associates.com\\\/fi\\\/#organization\"},\"image\":{\"@id\":\"https:\\\/\\\/fuster-associates.com\\\/fi\\\/blog\\\/fuster-associates-avaa-ensimmaisen-toimistonsa-valencian-kaupungissa-ja-neljannen-toimistonsa-alueella\\\/#primaryimage\"},\"thumbnailUrl\":\"https:\\\/\\\/fuster-associates.com\\\/wp-content\\\/uploads\\\/Oficina-Valencia.jpg\",\"articleSection\":[\"Fuster &amp; Associates\"],\"inLanguage\":\"fi\"},{\"@type\":\"WebPage\",\"@id\":\"https:\\\/\\\/fuster-associates.com\\\/fi\\\/blog\\\/fuster-associates-avaa-ensimmaisen-toimistonsa-valencian-kaupungissa-ja-neljannen-toimistonsa-alueella\\\/\",\"url\":\"https:\\\/\\\/fuster-associates.com\\\/fi\\\/blog\\\/fuster-associates-avaa-ensimmaisen-toimistonsa-valencian-kaupungissa-ja-neljannen-toimistonsa-alueella\\\/\",\"name\":\"Fuster & Associates avaa ensimm\u00e4isen toimistonsa Valencian kaupungissa ja nelj\u00e4nnen toimistonsa alueella - Fuster &amp; Associates\",\"isPartOf\":{\"@id\":\"https:\\\/\\\/fuster-associates.com\\\/fi\\\/#website\"},\"primaryImageOfPage\":{\"@id\":\"https:\\\/\\\/fuster-associates.com\\\/fi\\\/blog\\\/fuster-associates-avaa-ensimmaisen-toimistonsa-valencian-kaupungissa-ja-neljannen-toimistonsa-alueella\\\/#primaryimage\"},\"image\":{\"@id\":\"https:\\\/\\\/fuster-associates.com\\\/fi\\\/blog\\\/fuster-associates-avaa-ensimmaisen-toimistonsa-valencian-kaupungissa-ja-neljannen-toimistonsa-alueella\\\/#primaryimage\"},\"thumbnailUrl\":\"https:\\\/\\\/fuster-associates.com\\\/wp-content\\\/uploads\\\/Oficina-Valencia.jpg\",\"datePublished\":\"2026-04-27T08:21:21+00:00\",\"breadcrumb\":{\"@id\":\"https:\\\/\\\/fuster-associates.com\\\/fi\\\/blog\\\/fuster-associates-avaa-ensimmaisen-toimistonsa-valencian-kaupungissa-ja-neljannen-toimistonsa-alueella\\\/#breadcrumb\"},\"inLanguage\":\"fi\",\"potentialAction\":[{\"@type\":\"ReadAction\",\"target\":[\"https:\\\/\\\/fuster-associates.com\\\/fi\\\/blog\\\/fuster-associates-avaa-ensimmaisen-toimistonsa-valencian-kaupungissa-ja-neljannen-toimistonsa-alueella\\\/\"]}]},{\"@type\":\"ImageObject\",\"inLanguage\":\"fi\",\"@id\":\"https:\\\/\\\/fuster-associates.com\\\/fi\\\/blog\\\/fuster-associates-avaa-ensimmaisen-toimistonsa-valencian-kaupungissa-ja-neljannen-toimistonsa-alueella\\\/#primaryimage\",\"url\":\"https:\\\/\\\/fuster-associates.com\\\/wp-content\\\/uploads\\\/Oficina-Valencia.jpg\",\"contentUrl\":\"https:\\\/\\\/fuster-associates.com\\\/wp-content\\\/uploads\\\/Oficina-Valencia.jpg\",\"width\":1200,\"height\":800,\"caption\":\"Fachada en la calle Cirilo Amor\u00f3s de Val\u00e8ncia.\"},{\"@type\":\"BreadcrumbList\",\"@id\":\"https:\\\/\\\/fuster-associates.com\\\/fi\\\/blog\\\/fuster-associates-avaa-ensimmaisen-toimistonsa-valencian-kaupungissa-ja-neljannen-toimistonsa-alueella\\\/#breadcrumb\",\"itemListElement\":[{\"@type\":\"ListItem\",\"position\":1,\"name\":\"Koti\",\"item\":\"https:\\\/\\\/fuster-associates.com\\\/fi\\\/\"},{\"@type\":\"ListItem\",\"position\":2,\"name\":\"Fuster &#038; Associates avaa ensimm\u00e4isen toimistonsa Valencian kaupungissa ja nelj\u00e4nnen toimistonsa alueella\"}]},{\"@type\":\"WebSite\",\"@id\":\"https:\\\/\\\/fuster-associates.com\\\/fi\\\/#website\",\"url\":\"https:\\\/\\\/fuster-associates.com\\\/fi\\\/\",\"name\":\"Fuster & Associates\",\"description\":\"Property Solicitors\",\"publisher\":{\"@id\":\"https:\\\/\\\/fuster-associates.com\\\/fi\\\/#organization\"},\"potentialAction\":[{\"@type\":\"SearchAction\",\"target\":{\"@type\":\"EntryPoint\",\"urlTemplate\":\"https:\\\/\\\/fuster-associates.com\\\/fi\\\/?s={search_term_string}\"},\"query-input\":{\"@type\":\"PropertyValueSpecification\",\"valueRequired\":true,\"valueName\":\"search_term_string\"}}],\"inLanguage\":\"fi\"},{\"@type\":\"Organization\",\"@id\":\"https:\\\/\\\/fuster-associates.com\\\/fi\\\/#organization\",\"name\":\"FUSTER & ASSOCIATES\",\"url\":\"https:\\\/\\\/fuster-associates.com\\\/fi\\\/\",\"logo\":{\"@type\":\"ImageObject\",\"inLanguage\":\"fi\",\"@id\":\"https:\\\/\\\/fuster-associates.com\\\/fi\\\/#\\\/schema\\\/logo\\\/image\\\/\",\"url\":\"https:\\\/\\\/fuster-associates.com\\\/wp-content\\\/uploads\\\/2018\\\/08\\\/logo-fuster-1.jpeg\",\"contentUrl\":\"https:\\\/\\\/fuster-associates.com\\\/wp-content\\\/uploads\\\/2018\\\/08\\\/logo-fuster-1.jpeg\",\"width\":180,\"height\":113,\"caption\":\"FUSTER & ASSOCIATES\"},\"image\":{\"@id\":\"https:\\\/\\\/fuster-associates.com\\\/fi\\\/#\\\/schema\\\/logo\\\/image\\\/\"},\"sameAs\":[\"https:\\\/\\\/www.facebook.com\\\/fusterspain\\\/\",\"https:\\\/\\\/x.com\\\/FusterSpain\",\"https:\\\/\\\/www.youtube.com\\\/channel\\\/UC2-kNuL1SoqlFizI47hmIOQ\",\"https:\\\/\\\/www.linkedin.com\\\/company\\\/fuster-&-associates\\\/\"]},{\"@type\":\"Person\",\"@id\":\"https:\\\/\\\/fuster-associates.com\\\/fi\\\/#\\\/schema\\\/person\\\/272425e5a87006c908425c14ca37566b\",\"name\":\"Miguel\",\"image\":{\"@type\":\"ImageObject\",\"inLanguage\":\"fi\",\"@id\":\"https:\\\/\\\/secure.gravatar.com\\\/avatar\\\/a11dac23828920784fa4764ecd64431ce7385ae8a33ed03528bcafd35c83ebbd?s=96&d=mm&r=g\",\"url\":\"https:\\\/\\\/secure.gravatar.com\\\/avatar\\\/a11dac23828920784fa4764ecd64431ce7385ae8a33ed03528bcafd35c83ebbd?s=96&d=mm&r=g\",\"contentUrl\":\"https:\\\/\\\/secure.gravatar.com\\\/avatar\\\/a11dac23828920784fa4764ecd64431ce7385ae8a33ed03528bcafd35c83ebbd?s=96&d=mm&r=g\",\"caption\":\"Miguel\"}}]}<\/script>\n<!-- \/ Yoast SEO plugin. -->","yoast_head_json":{"title":"Fuster & Associates avaa ensimm\u00e4isen toimistonsa Valencian kaupungissa ja nelj\u00e4nnen toimistonsa alueella - Fuster &amp; Associates","robots":{"index":"index","follow":"follow","max-snippet":"max-snippet:-1","max-image-preview":"max-image-preview:large","max-video-preview":"max-video-preview:-1"},"canonical":"https:\/\/fuster-associates.com\/fi\/blog\/fuster-associates-avaa-ensimmaisen-toimistonsa-valencian-kaupungissa-ja-neljannen-toimistonsa-alueella\/","og_locale":"fi_FI","og_type":"article","og_title":"Fuster & Associates avaa ensimm\u00e4isen toimistonsa Valencian kaupungissa ja nelj\u00e4nnen toimistonsa alueella - Fuster &amp; Associates","og_description":"Fuster &amp; Associates avaa ensimm\u00e4isen toimistonsa Valencian kaupungissa ja nelj\u00e4nnen toimistonsa alueella Kiinteist\u00f6ala Turia-joen varrella sijaitsevassa p\u00e4\u00e4kaupungissa on k\u00e4ym\u00e4ss\u00e4 l\u00e4pi ennenn\u00e4kem\u00e4tt\u00f6m\u00e4n muutoksen. Valencian vakiintuminen keskuksena yhdysvaltalaisille sijoituksille sek\u00e4 kansainv\u00e4listen markkinoiden kasvava vaativuus edellytt\u00e4v\u00e4t oikeudellista ratkaisua, jossa yhdistyv\u00e4t toiminnallinen ketteryys ja tinkim\u00e4t\u00f6n eettinen sitoutuminen. Avatessaan uuden p\u00e4\u00e4konttorinsa Calle Cirilo Amor\u00f3s -kadulle Fuster &amp; Associates ei ainoastaan [&hellip;]","og_url":"https:\/\/fuster-associates.com\/fi\/blog\/fuster-associates-avaa-ensimmaisen-toimistonsa-valencian-kaupungissa-ja-neljannen-toimistonsa-alueella\/","og_site_name":"Fuster &amp; Associates","article_publisher":"https:\/\/www.facebook.com\/fusterspain\/","article_published_time":"2026-04-27T08:21:21+00:00","og_image":[{"width":1200,"height":800,"url":"https:\/\/fuster-associates.com\/wp-content\/uploads\/Oficina-Valencia.jpg","type":"image\/jpeg"}],"author":"Miguel","twitter_card":"summary_large_image","twitter_creator":"@FusterSpain","twitter_site":"@FusterSpain","twitter_misc":{"Kirjoittanut":"Miguel","Arvioitu lukuaika":"5 minuuttia"},"schema":{"@context":"https:\/\/schema.org","@graph":[{"@type":"Article","@id":"https:\/\/fuster-associates.com\/fi\/blog\/fuster-associates-avaa-ensimmaisen-toimistonsa-valencian-kaupungissa-ja-neljannen-toimistonsa-alueella\/#article","isPartOf":{"@id":"https:\/\/fuster-associates.com\/fi\/blog\/fuster-associates-avaa-ensimmaisen-toimistonsa-valencian-kaupungissa-ja-neljannen-toimistonsa-alueella\/"},"author":{"name":"Miguel","@id":"https:\/\/fuster-associates.com\/fi\/#\/schema\/person\/272425e5a87006c908425c14ca37566b"},"headline":"Fuster &#038; Associates avaa ensimm\u00e4isen toimistonsa Valencian kaupungissa ja nelj\u00e4nnen toimistonsa alueella","datePublished":"2026-04-27T08:21:21+00:00","mainEntityOfPage":{"@id":"https:\/\/fuster-associates.com\/fi\/blog\/fuster-associates-avaa-ensimmaisen-toimistonsa-valencian-kaupungissa-ja-neljannen-toimistonsa-alueella\/"},"wordCount":1061,"publisher":{"@id":"https:\/\/fuster-associates.com\/fi\/#organization"},"image":{"@id":"https:\/\/fuster-associates.com\/fi\/blog\/fuster-associates-avaa-ensimmaisen-toimistonsa-valencian-kaupungissa-ja-neljannen-toimistonsa-alueella\/#primaryimage"},"thumbnailUrl":"https:\/\/fuster-associates.com\/wp-content\/uploads\/Oficina-Valencia.jpg","articleSection":["Fuster &amp; Associates"],"inLanguage":"fi"},{"@type":"WebPage","@id":"https:\/\/fuster-associates.com\/fi\/blog\/fuster-associates-avaa-ensimmaisen-toimistonsa-valencian-kaupungissa-ja-neljannen-toimistonsa-alueella\/","url":"https:\/\/fuster-associates.com\/fi\/blog\/fuster-associates-avaa-ensimmaisen-toimistonsa-valencian-kaupungissa-ja-neljannen-toimistonsa-alueella\/","name":"Fuster & Associates avaa ensimm\u00e4isen toimistonsa Valencian kaupungissa ja nelj\u00e4nnen toimistonsa alueella - Fuster &amp; Associates","isPartOf":{"@id":"https:\/\/fuster-associates.com\/fi\/#website"},"primaryImageOfPage":{"@id":"https:\/\/fuster-associates.com\/fi\/blog\/fuster-associates-avaa-ensimmaisen-toimistonsa-valencian-kaupungissa-ja-neljannen-toimistonsa-alueella\/#primaryimage"},"image":{"@id":"https:\/\/fuster-associates.com\/fi\/blog\/fuster-associates-avaa-ensimmaisen-toimistonsa-valencian-kaupungissa-ja-neljannen-toimistonsa-alueella\/#primaryimage"},"thumbnailUrl":"https:\/\/fuster-associates.com\/wp-content\/uploads\/Oficina-Valencia.jpg","datePublished":"2026-04-27T08:21:21+00:00","breadcrumb":{"@id":"https:\/\/fuster-associates.com\/fi\/blog\/fuster-associates-avaa-ensimmaisen-toimistonsa-valencian-kaupungissa-ja-neljannen-toimistonsa-alueella\/#breadcrumb"},"inLanguage":"fi","potentialAction":[{"@type":"ReadAction","target":["https:\/\/fuster-associates.com\/fi\/blog\/fuster-associates-avaa-ensimmaisen-toimistonsa-valencian-kaupungissa-ja-neljannen-toimistonsa-alueella\/"]}]},{"@type":"ImageObject","inLanguage":"fi","@id":"https:\/\/fuster-associates.com\/fi\/blog\/fuster-associates-avaa-ensimmaisen-toimistonsa-valencian-kaupungissa-ja-neljannen-toimistonsa-alueella\/#primaryimage","url":"https:\/\/fuster-associates.com\/wp-content\/uploads\/Oficina-Valencia.jpg","contentUrl":"https:\/\/fuster-associates.com\/wp-content\/uploads\/Oficina-Valencia.jpg","width":1200,"height":800,"caption":"Fachada en la calle Cirilo Amor\u00f3s de Val\u00e8ncia."},{"@type":"BreadcrumbList","@id":"https:\/\/fuster-associates.com\/fi\/blog\/fuster-associates-avaa-ensimmaisen-toimistonsa-valencian-kaupungissa-ja-neljannen-toimistonsa-alueella\/#breadcrumb","itemListElement":[{"@type":"ListItem","position":1,"name":"Koti","item":"https:\/\/fuster-associates.com\/fi\/"},{"@type":"ListItem","position":2,"name":"Fuster &#038; Associates avaa ensimm\u00e4isen toimistonsa Valencian kaupungissa ja nelj\u00e4nnen toimistonsa alueella"}]},{"@type":"WebSite","@id":"https:\/\/fuster-associates.com\/fi\/#website","url":"https:\/\/fuster-associates.com\/fi\/","name":"Fuster & Associates","description":"Property Solicitors","publisher":{"@id":"https:\/\/fuster-associates.com\/fi\/#organization"},"potentialAction":[{"@type":"SearchAction","target":{"@type":"EntryPoint","urlTemplate":"https:\/\/fuster-associates.com\/fi\/?s={search_term_string}"},"query-input":{"@type":"PropertyValueSpecification","valueRequired":true,"valueName":"search_term_string"}}],"inLanguage":"fi"},{"@type":"Organization","@id":"https:\/\/fuster-associates.com\/fi\/#organization","name":"FUSTER & ASSOCIATES","url":"https:\/\/fuster-associates.com\/fi\/","logo":{"@type":"ImageObject","inLanguage":"fi","@id":"https:\/\/fuster-associates.com\/fi\/#\/schema\/logo\/image\/","url":"https:\/\/fuster-associates.com\/wp-content\/uploads\/2018\/08\/logo-fuster-1.jpeg","contentUrl":"https:\/\/fuster-associates.com\/wp-content\/uploads\/2018\/08\/logo-fuster-1.jpeg","width":180,"height":113,"caption":"FUSTER & ASSOCIATES"},"image":{"@id":"https:\/\/fuster-associates.com\/fi\/#\/schema\/logo\/image\/"},"sameAs":["https:\/\/www.facebook.com\/fusterspain\/","https:\/\/x.com\/FusterSpain","https:\/\/www.youtube.com\/channel\/UC2-kNuL1SoqlFizI47hmIOQ","https:\/\/www.linkedin.com\/company\/fuster-&-associates\/"]},{"@type":"Person","@id":"https:\/\/fuster-associates.com\/fi\/#\/schema\/person\/272425e5a87006c908425c14ca37566b","name":"Miguel","image":{"@type":"ImageObject","inLanguage":"fi","@id":"https:\/\/secure.gravatar.com\/avatar\/a11dac23828920784fa4764ecd64431ce7385ae8a33ed03528bcafd35c83ebbd?s=96&d=mm&r=g","url":"https:\/\/secure.gravatar.com\/avatar\/a11dac23828920784fa4764ecd64431ce7385ae8a33ed03528bcafd35c83ebbd?s=96&d=mm&r=g","contentUrl":"https:\/\/secure.gravatar.com\/avatar\/a11dac23828920784fa4764ecd64431ce7385ae8a33ed03528bcafd35c83ebbd?s=96&d=mm&r=g","caption":"Miguel"}}]}},"_links":{"self":[{"href":"https:\/\/fuster-associates.com\/fi\/wp-json\/wp\/v2\/posts\/38067","targetHints":{"allow":["GET"]}}],"collection":[{"href":"https:\/\/fuster-associates.com\/fi\/wp-json\/wp\/v2\/posts"}],"about":[{"href":"https:\/\/fuster-associates.com\/fi\/wp-json\/wp\/v2\/types\/post"}],"author":[{"embeddable":true,"href":"https:\/\/fuster-associates.com\/fi\/wp-json\/wp\/v2\/users\/7"}],"replies":[{"embeddable":true,"href":"https:\/\/fuster-associates.com\/fi\/wp-json\/wp\/v2\/comments?post=38067"}],"version-history":[{"count":1,"href":"https:\/\/fuster-associates.com\/fi\/wp-json\/wp\/v2\/posts\/38067\/revisions"}],"predecessor-version":[{"id":38068,"href":"https:\/\/fuster-associates.com\/fi\/wp-json\/wp\/v2\/posts\/38067\/revisions\/38068"}],"wp:featuredmedia":[{"embeddable":true,"href":"https:\/\/fuster-associates.com\/fi\/wp-json\/wp\/v2\/media\/38066"}],"wp:attachment":[{"href":"https:\/\/fuster-associates.com\/fi\/wp-json\/wp\/v2\/media?parent=38067"}],"wp:term":[{"taxonomy":"category","embeddable":true,"href":"https:\/\/fuster-associates.com\/fi\/wp-json\/wp\/v2\/categories?post=38067"},{"taxonomy":"post_tag","embeddable":true,"href":"https:\/\/fuster-associates.com\/fi\/wp-json\/wp\/v2\/tags?post=38067"}],"curies":[{"name":"wp","href":"https:\/\/api.w.org\/{rel}","templated":true}]}}