{"id":37921,"date":"2026-04-22T09:02:30","date_gmt":"2026-04-22T07:02:30","guid":{"rendered":"https:\/\/fuster-associates.com\/?p=37921"},"modified":"2026-04-27T09:06:34","modified_gmt":"2026-04-27T07:06:34","slug":"sitoutuminen-syyriaan-fuster-associates-ja-tie-kotien-jalleenrakentamiseen","status":"publish","type":"post","link":"https:\/\/fuster-associates.com\/fi\/blog\/sitoutuminen-syyriaan-fuster-associates-ja-tie-kotien-jalleenrakentamiseen\/","title":{"rendered":"Sitoutuminen Syyriaan: Fuster &#038; Associates ja tie kotien j\u00e4lleenrakentamiseen."},"content":{"rendered":"<p>Me <b>Fuster &amp; Associatesilla<\/b> ymm\u00e4rr\u00e4mme, ett\u00e4 vastuumme asianajotoimistona ulottuu p\u00e4ivitt\u00e4isen ammatillisen toimintamme rajojen ulkopuolelle. Uskomme <b>maailmanlaajuiseen oikeudenmukaisuuteen<\/b>, joka suojelee heikoimmassa asemassa olevien ihmisarvoa. Siksi yll\u00e4pid\u00e4mme strategista kumppanuutta <b>UNHCR:n<\/b> kanssa ja teemme yhteisty\u00f6t\u00e4 hankkeissa, jotka palauttavat toivon niille, jotka ovat menett\u00e4neet kaiken.<\/p>\n<p>T\u00e4ss\u00e4 artikkelissa kerromme yksityiskohtaisesti yhteisty\u00f6mme vaikutuksista Syyriassa kuluneen vuoden aikana sek\u00e4 uusista humanitaarisista haasteista, joita kohtaamme vuonna 2026.<\/p>\n<h3><b>2025: Toivon ja vapaaehtoisen paluun vuosi<\/b><\/h3>\n<p>Nelj\u00e4ntoista vuoden konfliktin j\u00e4lkeen, joka aiheutti maailman suurimman pakolaiskriisin, Assadin hallinnon kaatuminen vuoden 2024 lopulla avasi ainutlaatuisen mahdollisuuden rauhaan. <b>Vuosi 2025 vakiinnutti asemansa paluun vuotena<\/b>, jolloin miljoonat syyrialaiset pystyiv\u00e4t vihdoin toteuttamaan unelmansa palata kotiin.<\/p>\n<p>&nbsp;<\/p>\n<figure id=\"attachment_37884\" aria-describedby=\"caption-attachment-37884\" style=\"width: 800px\" class=\"wp-caption alignnone\"><img fetchpriority=\"high\" decoding=\"async\" class=\"wp-image-37884 size-large\" src=\"https:\/\/fuster-associates.com\/wp-content\/uploads\/Mapa-de-siria-ACNUR-e1776419757853-1024x847.png\" alt=\"Syyrian kartta, jossa n\u00e4kyy paluumuuttajien m\u00e4\u00e4r\u00e4 maakunnittain\" width=\"800\" height=\"662\" srcset=\"https:\/\/fuster-associates.com\/wp-content\/uploads\/Mapa-de-siria-ACNUR-e1776419757853-1024x847.png 1024w, https:\/\/fuster-associates.com\/wp-content\/uploads\/Mapa-de-siria-ACNUR-e1776419757853-300x248.png 300w, https:\/\/fuster-associates.com\/wp-content\/uploads\/Mapa-de-siria-ACNUR-e1776419757853-768x635.png 768w, https:\/\/fuster-associates.com\/wp-content\/uploads\/Mapa-de-siria-ACNUR-e1776419757853-610x504.png 610w, https:\/\/fuster-associates.com\/wp-content\/uploads\/Mapa-de-siria-ACNUR-e1776419757853-600x496.png 600w, https:\/\/fuster-associates.com\/wp-content\/uploads\/Mapa-de-siria-ACNUR-e1776419757853.png 1306w\" sizes=\"(max-width: 800px) 100vw, 800px\" \/><figcaption id=\"caption-attachment-37884\" class=\"wp-caption-text\"><em>Syyrian kartta, jossa n\u00e4kyy paluumuuttajien m\u00e4\u00e4r\u00e4 maakunnittain<\/em><\/figcaption><\/figure>\n<p>&nbsp;<\/p>\n<p>T\u00e4m\u00e4n ajanjakson luvut ovat silmiinpist\u00e4vi\u00e4:<\/p>\n<ul>\n<li>Yli <b>1,3 miljoonaa ihmist\u00e4 palasi turvapaikkamaista<\/b>, p\u00e4\u00e4asiassa Turkista (577 313) ja Libanonista (491 716).<\/li>\n<li>Noin <b>2 miljoonaa maan sis\u00e4ist\u00e4 pakolaista<\/b> palasi kotiseudulleen Syyriassa.<\/li>\n<li>Palaajien profiili on monipuolinen: <b>52 % on naisia<\/b> ja <b>48 % miehi\u00e4<\/b>, mukaan lukien 10 % alle 4-vuotiaita lapsia, jotka n\u00e4kev\u00e4t kotimaansa ensimm\u00e4ist\u00e4 kertaa.<\/li>\n<\/ul>\n<div class=\"visualizer-front-container\" id=\"chart_wrapper_visualizer-37885-1508274616\"><style type=\"text\/css\" name=\"visualizer-custom-css\" id=\"customcss-visualizer-37885\">.locker,.locker-loader{position:absolute;top:0;left:0;width:100%;height:100%}.locker{z-index:1000;opacity:.8;background-color:#fff;-ms-filter:\"progid:DXImageTransform.Microsoft.Alpha(Opacity=80)\";filter:alpha(opacity=80)}.locker-loader{z-index:1001;background:url(https:\/\/fuster-associates.com\/wp-content\/plugins\/visualizer\/images\/ajax-loader.gif) no-repeat center center}.dt-button{display:none!important}.visualizer-front-container.visualizer-lazy-render{content-visibility: auto;}.google-visualization-controls-categoryfilter label.google-visualization-controls-label {vertical-align: middle;}.google-visualization-controls-categoryfilter li.goog-inline-block {margin: 0 0.2em;}.google-visualization-controls-categoryfilter li {padding: 0 0.2em;}.visualizer-front-container .dataTables_scrollHeadInner{margin: 0 auto;}<\/style><div id=\"visualizer-37885-1508274616\" class=\"visualizer-front  visualizer-front-37885\"><\/div><!-- Not showing structured data for chart 37885 because title is empty --><\/div>\n<figure id=\"attachment_37888\" aria-describedby=\"caption-attachment-37888\" style=\"width: 630px\" class=\"wp-caption alignnone\"><img decoding=\"async\" class=\"size-full wp-image-37888\" src=\"https:\/\/fuster-associates.com\/wp-content\/uploads\/Age-and-Gender-breakdown.-Source-ACNUR.jpeg\" alt=\"Ik\u00e4- ja sukupuolijakauma. L\u00e4hde: UHNCR\" width=\"630\" height=\"213\" srcset=\"https:\/\/fuster-associates.com\/wp-content\/uploads\/Age-and-Gender-breakdown.-Source-ACNUR.jpeg 630w, https:\/\/fuster-associates.com\/wp-content\/uploads\/Age-and-Gender-breakdown.-Source-ACNUR-300x101.jpeg 300w, https:\/\/fuster-associates.com\/wp-content\/uploads\/Age-and-Gender-breakdown.-Source-ACNUR-610x206.jpeg 610w, https:\/\/fuster-associates.com\/wp-content\/uploads\/Age-and-Gender-breakdown.-Source-ACNUR-600x203.jpeg 600w\" sizes=\"(max-width: 630px) 100vw, 630px\" \/><figcaption id=\"caption-attachment-37888\" class=\"wp-caption-text\"><em>Ik\u00e4- ja sukupuolijakauma. L\u00e4hde: \u00a9<a href=\"https:\/\/www.acnur.org\/es-es\/\">UHNCR<\/a><\/em><\/figcaption><\/figure>\n<p>&nbsp;<\/p>\n<h3><b>Oikeudelliset ja humanitaariset haasteet uudelleensopeutumisessa<\/b><\/h3>\n<p>Paluun haluaminen ei aina tarkoita, ett\u00e4 paluu on mahdollista v\u00e4litt\u00f6m\u00e4sti. Perheet kohtaavat rakenteellisia esteit\u00e4: tuhoutuneet kodit, ty\u00f6paikkojen puute ja edelleen hauras turvallisuustilanne. T\u00e4ss\u00e4 vaiheessa UNHCR:n ty\u00f6 on elint\u00e4rke\u00e4\u00e4 sen varmistamiseksi, ett\u00e4 paluu on <b>vapaaehtoista, turvallista ja ihmisarvoista<\/b>.<\/p>\n<p><b>Fuster &amp; Associates<\/b> -yrityksess\u00e4 arvostamme erityisesti paluumuuttajille tarjottavaa tukea <b>siviilidokumenttien ja oikeudellisen avun<\/b> muodossa, sill\u00e4 ne ovat v\u00e4ltt\u00e4m\u00e4tt\u00f6mi\u00e4 oikeudellisia v\u00e4lineit\u00e4 heid\u00e4n oikeuksiensa ja omaisuutensa takaisin saamiseksi.<\/p>\n<figure id=\"attachment_37917\" aria-describedby=\"caption-attachment-37917\" style=\"width: 800px\" class=\"wp-caption alignnone\"><img decoding=\"async\" class=\"size-large wp-image-37917\" src=\"https:\/\/fuster-associates.com\/wp-content\/uploads\/Kits-de-ayuda-1024x682.jpg\" alt=\"Distribution of winter kits to returning families in the governorates of Hama and Homs. \u00a9 UNHCR\/A. AlKady\" width=\"800\" height=\"533\" \/><figcaption id=\"caption-attachment-37917\" class=\"wp-caption-text\">Talvipakettien jakelu palaaville perheille Haman ja Homsin maakunnissa. \u00a9 UNHCR\/A. AlKady<\/figcaption><\/figure>\n<h3><b>UNHCR:n kattava toiminta kent\u00e4ll\u00e4<\/b><\/h3>\n<p>Kest\u00e4v\u00e4n uudelleensopeutumisen varmistamiseksi toiminta on jaettu kuuteen avainalueeseen, joilla UNHCR on ty\u00f6skennellyt intensiivisesti koko vuoden 2025 ajan:<\/p>\n<ol>\n<li><b>Suojelu:<\/b> 71 yhteis\u00f6keskuksen ja yli 1 500 vapaaehtoisen verkosto tarjoaa psykososiaalista tukea ja ehk\u00e4isee sukupuoleen perustuvaa v\u00e4kivaltaa.<\/li>\n<li><b>Turvallinen kuljetus:<\/b> 31 000 ihmisen siirt\u00e4minen rajanylityspaikoista lopullisiin m\u00e4\u00e4r\u00e4np\u00e4ihins\u00e4 on helpotettu.<\/li>\n<li><b>H\u00e4t\u00e4aputarvikkeet:<\/b> V\u00e4ltt\u00e4m\u00e4tt\u00f6mien tarvikepakettien (peitot, patjat, aurinkolamput) jakelu yli 1,2 miljoonalle ihmiselle.<\/li>\n<li><b>Majoitus:<\/b> Yli 4 600 vaurioituneen kodin korjaus, s\u00e4hk\u00f6j\u00e4rjestelmien, seinien ja kattojen kunnostaminen.<\/li>\n<li><b>Toimeentulo:<\/b> Tukea yli 2 200 pienyritykselle, jotta perheet voivat tulla omavaraisiksi.<\/li>\n<li><b>Rahallinen tuki:<\/b> Suoraa apua yli 36 000 perheelle heid\u00e4n kiireellisimpien tarpeidensa tyydytt\u00e4miseksi saapumisen j\u00e4lkeen.<\/li>\n<\/ol>\n<p>&nbsp;<\/p>\n<figure id=\"attachment_37889\" aria-describedby=\"caption-attachment-37889\" style=\"width: 800px\" class=\"wp-caption alignnone\"><img loading=\"lazy\" decoding=\"async\" class=\"wp-image-37889 size-large\" src=\"https:\/\/fuster-associates.com\/wp-content\/uploads\/Syria-is-Home-1024x576.png\" alt=\" T\u00e4m\u00e4 alusta on saanut 92 000 k\u00e4ynti\u00e4 pakolaisilta, jotka etsiv\u00e4t luotettavaa tietoa oikeuksistaan paluun yhteydess\u00e4.\" width=\"800\" height=\"450\" srcset=\"https:\/\/fuster-associates.com\/wp-content\/uploads\/Syria-is-Home-1024x576.png 1024w, https:\/\/fuster-associates.com\/wp-content\/uploads\/Syria-is-Home-300x169.png 300w, https:\/\/fuster-associates.com\/wp-content\/uploads\/Syria-is-Home-768x432.png 768w, https:\/\/fuster-associates.com\/wp-content\/uploads\/Syria-is-Home-1536x864.png 1536w, https:\/\/fuster-associates.com\/wp-content\/uploads\/Syria-is-Home-610x343.png 610w, https:\/\/fuster-associates.com\/wp-content\/uploads\/Syria-is-Home-600x338.png 600w, https:\/\/fuster-associates.com\/wp-content\/uploads\/Syria-is-Home.png 1920w\" sizes=\"(max-width: 800px) 100vw, 800px\" \/><figcaption id=\"caption-attachment-37889\" class=\"wp-caption-text\"><em>T\u00e4m\u00e4 alusta on saanut 92 000 k\u00e4ynti\u00e4 pakolaisilta, jotka etsiv\u00e4t luotettavaa tietoa oikeuksistaan paluun yhteydess\u00e4.<\/em><\/figcaption><\/figure>\n<p>&nbsp;<\/p>\n<h3><b>Fuster &amp; Associatesin lahjoituksen todellinen vaikutus<\/b><\/h3>\n<p>Me <b>Fuster &amp; Associatesilla<\/b> olemme ylpeit\u00e4 siit\u00e4, ett\u00e4 <b>25 000 euron<\/b> lahjoituksellamme on ollut suora ja konkreettinen vaikutus.<\/p>\n<p>T\u00e4m\u00e4n lahjoituksen ansiosta <b>225 ihmisen<\/b> el\u00e4m\u00e4 on muuttunut:<\/p>\n<ul>\n<li><b>Perusavustuspakettien toimittaminen 37 perheelle<\/b> (185 henkil\u00f6\u00e4), jotta he voivat kohdata paluun j\u00e4lkeiset ensimm\u00e4iset p\u00e4iv\u00e4t arvokkaasti (9 233 euroa).<\/li>\n<li><b>8 turvallisen suojan korjaus<\/b> kotiseudultaan siirtym\u00e4\u00e4n joutuneille ja palaaville perheille, mik\u00e4 takasi turvallisen katon 40 ihmisen p\u00e4\u00e4lle (14 143 euroa).<\/li>\n<\/ul>\n<p>&nbsp;<\/p>\n<h3><b>2026: Uusi h\u00e4t\u00e4tilanne, joka vaatii huomiotamme<\/b><\/h3>\n<p>Saavutetusta edistyksest\u00e4 huolimatta vuosi 2026 on tuonut mukanaan uusia haasteita. Libanonin konfliktin k\u00e4rjistyminen on pakottanut yli <b>200 000 ihmist\u00e4 ylitt\u00e4m\u00e4\u00e4n rajan Syyriaan<\/b> pelk\u00e4st\u00e4\u00e4n maaliskuussa. N\u00e4m\u00e4 ihmiset saapuvat uupuneina, traumatisoituneina ja ilman omaisuutta maahan, jossa 90 % v\u00e4est\u00f6st\u00e4 el\u00e4\u00e4 jo k\u00f6yhyydess\u00e4.<\/p>\n<p>T\u00e4ll\u00e4 hetkell\u00e4 Syyrian humanitaarisella operaatiolla on <b>alle 30 % tarvittavasta rahoituksesta<\/b>. Siksi yritysten, kuten meid\u00e4n, jatkuva tuki on t\u00e4rke\u00e4mp\u00e4\u00e4 kuin koskaan, jotta v\u00e4ltt\u00e4m\u00e4tt\u00f6mien suojelupalvelujen leikkauksia voidaan est\u00e4\u00e4.<\/p>\n<figure id=\"attachment_37919\" aria-describedby=\"caption-attachment-37919\" style=\"width: 712px\" class=\"wp-caption alignnone\"><img loading=\"lazy\" decoding=\"async\" class=\"size-full wp-image-37919\" src=\"https:\/\/fuster-associates.com\/wp-content\/uploads\/Siria-Autobuses.jpg\" alt=\"The UNHCR team is supporting a convoy of 13 buses carrying Syrian refugees returning from Lebanon via the Arida border crossing, ensuring coordination and assistance throughout the journey. The returnees headed for the governorates of Idlib and Homs. \u00a9 UNHCR\/E. Kabba\" width=\"712\" height=\"474\" \/><figcaption id=\"caption-attachment-37919\" class=\"wp-caption-text\">UNHCR:n tiimi tukee 13 bussin kulkueen toimintaa, joka kuljettaa Libanonista Aridan rajanylityspaikan kautta palaavia syyrialaispakolaisia ja huolehtii koordinoinnista ja avusta koko matkan ajan. Paluumuuttajat olivat matkalla Idlibin ja Homsin maakuntiin. \u00a9 UNHCR\/E. Kabba<\/figcaption><\/figure>\n<h3><b>Sitoutumisemme jatkuu<\/b><\/h3>\n<p>Me <b>Fuster &amp; Associatesilla<\/b> jatkamme yhteisty\u00f6t\u00e4 UNHCR:n kanssa, jotta jokainen Syyriaan palaava perhe l\u00f6yt\u00e4isi paitsi talon sein\u00e4t, my\u00f6s turvallisen kodin, jossa he voivat rakentaa tulevaisuuttaan.<\/p>\n<p><b>Haluatko tiet\u00e4\u00e4 lis\u00e4\u00e4 sosiaalisen vastuun hankkeistamme tai siit\u00e4, miten voit osallistua?<\/b><\/p>\n<p>&nbsp;<\/p>\n<div style=\"text-align: left;\"><a style=\"display: inline-block; background-color: #2f5e94; color: white; font-family: \u2018Red Hat Display\u2019,sans-serif; font-weight: bold; font-size: 15px; text-decoration: none; padding: 12px 24px; border-radius: 6px; transition: background-color 0.3s ease;\" role=\"link\" href=\"https:\/\/fuster-associates.com\/fi\/kontakti\/\">Ota yhteytt\u00e4 jo t\u00e4n\u00e4\u00e4n<\/a><\/div>\n<p>&nbsp;<\/p>\n","protected":false},"excerpt":{"rendered":"<p>Me Fuster &amp; Associatesilla ymm\u00e4rr\u00e4mme, ett\u00e4 vastuumme asianajotoimistona ulottuu p\u00e4ivitt\u00e4isen ammatillisen toimintamme rajojen ulkopuolelle. Uskomme maailmanlaajuiseen oikeudenmukaisuuteen, joka suojelee heikoimmassa asemassa olevien ihmisarvoa. Siksi yll\u00e4pid\u00e4mme strategista kumppanuutta UNHCR:n kanssa ja teemme yhteisty\u00f6t\u00e4 hankkeissa, jotka palauttavat toivon niille, jotka ovat menett\u00e4neet kaiken. T\u00e4ss\u00e4 artikkelissa kerromme yksityiskohtaisesti yhteisty\u00f6mme vaikutuksista Syyriassa kuluneen vuoden aikana sek\u00e4 uusista humanitaarisista haasteista, [&hellip;]<\/p>\n","protected":false},"author":7,"featured_media":37920,"comment_status":"closed","ping_status":"closed","sticky":false,"template":"","format":"standard","meta":{"content-type":"","_sitemap_exclude":false,"_sitemap_priority":"","_sitemap_frequency":"","footnotes":""},"categories":[203],"tags":[],"class_list":["post-37921","post","type-post","status-publish","format-standard","has-post-thumbnail","hentry","category-fuster-and-associates-fi"],"yoast_head":"<!-- This site is optimized with the Yoast SEO plugin v27.4 - https:\/\/yoast.com\/product\/yoast-seo-wordpress\/ -->\n<title>Sitoutuminen Syyriaan: Fuster &amp; Associates ja tie kotien j\u00e4lleenrakentamiseen. - Fuster &amp; Associates<\/title>\n<meta name=\"robots\" content=\"index, follow, max-snippet:-1, max-image-preview:large, max-video-preview:-1\" \/>\n<link rel=\"canonical\" href=\"https:\/\/fuster-associates.com\/fi\/blog\/sitoutuminen-syyriaan-fuster-associates-ja-tie-kotien-jalleenrakentamiseen\/\" \/>\n<meta property=\"og:locale\" content=\"fi_FI\" \/>\n<meta property=\"og:type\" content=\"article\" \/>\n<meta property=\"og:title\" content=\"Sitoutuminen Syyriaan: Fuster &amp; Associates ja tie kotien j\u00e4lleenrakentamiseen. - Fuster &amp; Associates\" \/>\n<meta property=\"og:description\" content=\"Me Fuster &amp; Associatesilla ymm\u00e4rr\u00e4mme, ett\u00e4 vastuumme asianajotoimistona ulottuu p\u00e4ivitt\u00e4isen ammatillisen toimintamme rajojen ulkopuolelle. Uskomme maailmanlaajuiseen oikeudenmukaisuuteen, joka suojelee heikoimmassa asemassa olevien ihmisarvoa. Siksi yll\u00e4pid\u00e4mme strategista kumppanuutta UNHCR:n kanssa ja teemme yhteisty\u00f6t\u00e4 hankkeissa, jotka palauttavat toivon niille, jotka ovat menett\u00e4neet kaiken. T\u00e4ss\u00e4 artikkelissa kerromme yksityiskohtaisesti yhteisty\u00f6mme vaikutuksista Syyriassa kuluneen vuoden aikana sek\u00e4 uusista humanitaarisista haasteista, [&hellip;]\" \/>\n<meta property=\"og:url\" content=\"https:\/\/fuster-associates.com\/fi\/blog\/sitoutuminen-syyriaan-fuster-associates-ja-tie-kotien-jalleenrakentamiseen\/\" \/>\n<meta property=\"og:site_name\" content=\"Fuster &amp; Associates\" \/>\n<meta property=\"article:publisher\" content=\"https:\/\/www.facebook.com\/fusterspain\/\" \/>\n<meta property=\"article:published_time\" content=\"2026-04-22T07:02:30+00:00\" \/>\n<meta property=\"article:modified_time\" content=\"2026-04-27T07:06:34+00:00\" \/>\n<meta property=\"og:image\" content=\"https:\/\/fuster-associates.com\/wp-content\/uploads\/525145744_1162074602630066_4454378808896704350_n.jpg\" \/>\n\t<meta property=\"og:image:width\" content=\"1600\" \/>\n\t<meta property=\"og:image:height\" content=\"1200\" \/>\n\t<meta property=\"og:image:type\" content=\"image\/jpeg\" \/>\n<meta name=\"author\" content=\"Miguel\" \/>\n<meta name=\"twitter:card\" content=\"summary_large_image\" \/>\n<meta name=\"twitter:creator\" content=\"@FusterSpain\" \/>\n<meta name=\"twitter:site\" content=\"@FusterSpain\" \/>\n<meta name=\"twitter:label1\" content=\"Kirjoittanut\" \/>\n\t<meta name=\"twitter:data1\" content=\"Miguel\" \/>\n\t<meta name=\"twitter:label2\" content=\"Arvioitu lukuaika\" \/>\n\t<meta name=\"twitter:data2\" content=\"4 minuuttia\" \/>\n<script type=\"application\/ld+json\" class=\"yoast-schema-graph\">{\"@context\":\"https:\\\/\\\/schema.org\",\"@graph\":[{\"@type\":\"Article\",\"@id\":\"https:\\\/\\\/fuster-associates.com\\\/fi\\\/blog\\\/sitoutuminen-syyriaan-fuster-associates-ja-tie-kotien-jalleenrakentamiseen\\\/#article\",\"isPartOf\":{\"@id\":\"https:\\\/\\\/fuster-associates.com\\\/fi\\\/blog\\\/sitoutuminen-syyriaan-fuster-associates-ja-tie-kotien-jalleenrakentamiseen\\\/\"},\"author\":{\"name\":\"Miguel\",\"@id\":\"https:\\\/\\\/fuster-associates.com\\\/fi\\\/#\\\/schema\\\/person\\\/272425e5a87006c908425c14ca37566b\"},\"headline\":\"Sitoutuminen Syyriaan: Fuster &#038; Associates ja tie kotien j\u00e4lleenrakentamiseen.\",\"datePublished\":\"2026-04-22T07:02:30+00:00\",\"dateModified\":\"2026-04-27T07:06:34+00:00\",\"mainEntityOfPage\":{\"@id\":\"https:\\\/\\\/fuster-associates.com\\\/fi\\\/blog\\\/sitoutuminen-syyriaan-fuster-associates-ja-tie-kotien-jalleenrakentamiseen\\\/\"},\"wordCount\":678,\"publisher\":{\"@id\":\"https:\\\/\\\/fuster-associates.com\\\/fi\\\/#organization\"},\"image\":{\"@id\":\"https:\\\/\\\/fuster-associates.com\\\/fi\\\/blog\\\/sitoutuminen-syyriaan-fuster-associates-ja-tie-kotien-jalleenrakentamiseen\\\/#primaryimage\"},\"thumbnailUrl\":\"https:\\\/\\\/fuster-associates.com\\\/wp-content\\\/uploads\\\/525145744_1162074602630066_4454378808896704350_n.jpg\",\"articleSection\":[\"Fuster &amp; Associates\"],\"inLanguage\":\"fi\"},{\"@type\":\"WebPage\",\"@id\":\"https:\\\/\\\/fuster-associates.com\\\/fi\\\/blog\\\/sitoutuminen-syyriaan-fuster-associates-ja-tie-kotien-jalleenrakentamiseen\\\/\",\"url\":\"https:\\\/\\\/fuster-associates.com\\\/fi\\\/blog\\\/sitoutuminen-syyriaan-fuster-associates-ja-tie-kotien-jalleenrakentamiseen\\\/\",\"name\":\"Sitoutuminen Syyriaan: Fuster & Associates ja tie kotien j\u00e4lleenrakentamiseen. - Fuster &amp; Associates\",\"isPartOf\":{\"@id\":\"https:\\\/\\\/fuster-associates.com\\\/fi\\\/#website\"},\"primaryImageOfPage\":{\"@id\":\"https:\\\/\\\/fuster-associates.com\\\/fi\\\/blog\\\/sitoutuminen-syyriaan-fuster-associates-ja-tie-kotien-jalleenrakentamiseen\\\/#primaryimage\"},\"image\":{\"@id\":\"https:\\\/\\\/fuster-associates.com\\\/fi\\\/blog\\\/sitoutuminen-syyriaan-fuster-associates-ja-tie-kotien-jalleenrakentamiseen\\\/#primaryimage\"},\"thumbnailUrl\":\"https:\\\/\\\/fuster-associates.com\\\/wp-content\\\/uploads\\\/525145744_1162074602630066_4454378808896704350_n.jpg\",\"datePublished\":\"2026-04-22T07:02:30+00:00\",\"dateModified\":\"2026-04-27T07:06:34+00:00\",\"breadcrumb\":{\"@id\":\"https:\\\/\\\/fuster-associates.com\\\/fi\\\/blog\\\/sitoutuminen-syyriaan-fuster-associates-ja-tie-kotien-jalleenrakentamiseen\\\/#breadcrumb\"},\"inLanguage\":\"fi\",\"potentialAction\":[{\"@type\":\"ReadAction\",\"target\":[\"https:\\\/\\\/fuster-associates.com\\\/fi\\\/blog\\\/sitoutuminen-syyriaan-fuster-associates-ja-tie-kotien-jalleenrakentamiseen\\\/\"]}]},{\"@type\":\"ImageObject\",\"inLanguage\":\"fi\",\"@id\":\"https:\\\/\\\/fuster-associates.com\\\/fi\\\/blog\\\/sitoutuminen-syyriaan-fuster-associates-ja-tie-kotien-jalleenrakentamiseen\\\/#primaryimage\",\"url\":\"https:\\\/\\\/fuster-associates.com\\\/wp-content\\\/uploads\\\/525145744_1162074602630066_4454378808896704350_n.jpg\",\"contentUrl\":\"https:\\\/\\\/fuster-associates.com\\\/wp-content\\\/uploads\\\/525145744_1162074602630066_4454378808896704350_n.jpg\",\"width\":1600,\"height\":1200,\"caption\":\"A Syrian family returning home to Syria after years in exile. \u00a9UNHCR\\\/Shawkat Al Harfous\"},{\"@type\":\"BreadcrumbList\",\"@id\":\"https:\\\/\\\/fuster-associates.com\\\/fi\\\/blog\\\/sitoutuminen-syyriaan-fuster-associates-ja-tie-kotien-jalleenrakentamiseen\\\/#breadcrumb\",\"itemListElement\":[{\"@type\":\"ListItem\",\"position\":1,\"name\":\"Koti\",\"item\":\"https:\\\/\\\/fuster-associates.com\\\/fi\\\/\"},{\"@type\":\"ListItem\",\"position\":2,\"name\":\"Sitoutuminen Syyriaan: Fuster &#038; Associates ja tie kotien j\u00e4lleenrakentamiseen.\"}]},{\"@type\":\"WebSite\",\"@id\":\"https:\\\/\\\/fuster-associates.com\\\/fi\\\/#website\",\"url\":\"https:\\\/\\\/fuster-associates.com\\\/fi\\\/\",\"name\":\"Fuster & Associates\",\"description\":\"Property Solicitors\",\"publisher\":{\"@id\":\"https:\\\/\\\/fuster-associates.com\\\/fi\\\/#organization\"},\"potentialAction\":[{\"@type\":\"SearchAction\",\"target\":{\"@type\":\"EntryPoint\",\"urlTemplate\":\"https:\\\/\\\/fuster-associates.com\\\/fi\\\/?s={search_term_string}\"},\"query-input\":{\"@type\":\"PropertyValueSpecification\",\"valueRequired\":true,\"valueName\":\"search_term_string\"}}],\"inLanguage\":\"fi\"},{\"@type\":\"Organization\",\"@id\":\"https:\\\/\\\/fuster-associates.com\\\/fi\\\/#organization\",\"name\":\"FUSTER & ASSOCIATES\",\"url\":\"https:\\\/\\\/fuster-associates.com\\\/fi\\\/\",\"logo\":{\"@type\":\"ImageObject\",\"inLanguage\":\"fi\",\"@id\":\"https:\\\/\\\/fuster-associates.com\\\/fi\\\/#\\\/schema\\\/logo\\\/image\\\/\",\"url\":\"https:\\\/\\\/fuster-associates.com\\\/wp-content\\\/uploads\\\/2018\\\/08\\\/logo-fuster-1.jpeg\",\"contentUrl\":\"https:\\\/\\\/fuster-associates.com\\\/wp-content\\\/uploads\\\/2018\\\/08\\\/logo-fuster-1.jpeg\",\"width\":180,\"height\":113,\"caption\":\"FUSTER & ASSOCIATES\"},\"image\":{\"@id\":\"https:\\\/\\\/fuster-associates.com\\\/fi\\\/#\\\/schema\\\/logo\\\/image\\\/\"},\"sameAs\":[\"https:\\\/\\\/www.facebook.com\\\/fusterspain\\\/\",\"https:\\\/\\\/x.com\\\/FusterSpain\",\"https:\\\/\\\/www.youtube.com\\\/channel\\\/UC2-kNuL1SoqlFizI47hmIOQ\",\"https:\\\/\\\/www.linkedin.com\\\/company\\\/fuster-&-associates\\\/\"]},{\"@type\":\"Person\",\"@id\":\"https:\\\/\\\/fuster-associates.com\\\/fi\\\/#\\\/schema\\\/person\\\/272425e5a87006c908425c14ca37566b\",\"name\":\"Miguel\",\"image\":{\"@type\":\"ImageObject\",\"inLanguage\":\"fi\",\"@id\":\"https:\\\/\\\/secure.gravatar.com\\\/avatar\\\/a11dac23828920784fa4764ecd64431ce7385ae8a33ed03528bcafd35c83ebbd?s=96&d=mm&r=g\",\"url\":\"https:\\\/\\\/secure.gravatar.com\\\/avatar\\\/a11dac23828920784fa4764ecd64431ce7385ae8a33ed03528bcafd35c83ebbd?s=96&d=mm&r=g\",\"contentUrl\":\"https:\\\/\\\/secure.gravatar.com\\\/avatar\\\/a11dac23828920784fa4764ecd64431ce7385ae8a33ed03528bcafd35c83ebbd?s=96&d=mm&r=g\",\"caption\":\"Miguel\"}}]}<\/script>\n<!-- \/ Yoast SEO plugin. -->","yoast_head_json":{"title":"Sitoutuminen Syyriaan: Fuster & Associates ja tie kotien j\u00e4lleenrakentamiseen. - Fuster &amp; Associates","robots":{"index":"index","follow":"follow","max-snippet":"max-snippet:-1","max-image-preview":"max-image-preview:large","max-video-preview":"max-video-preview:-1"},"canonical":"https:\/\/fuster-associates.com\/fi\/blog\/sitoutuminen-syyriaan-fuster-associates-ja-tie-kotien-jalleenrakentamiseen\/","og_locale":"fi_FI","og_type":"article","og_title":"Sitoutuminen Syyriaan: Fuster & Associates ja tie kotien j\u00e4lleenrakentamiseen. - Fuster &amp; Associates","og_description":"Me Fuster &amp; Associatesilla ymm\u00e4rr\u00e4mme, ett\u00e4 vastuumme asianajotoimistona ulottuu p\u00e4ivitt\u00e4isen ammatillisen toimintamme rajojen ulkopuolelle. Uskomme maailmanlaajuiseen oikeudenmukaisuuteen, joka suojelee heikoimmassa asemassa olevien ihmisarvoa. Siksi yll\u00e4pid\u00e4mme strategista kumppanuutta UNHCR:n kanssa ja teemme yhteisty\u00f6t\u00e4 hankkeissa, jotka palauttavat toivon niille, jotka ovat menett\u00e4neet kaiken. T\u00e4ss\u00e4 artikkelissa kerromme yksityiskohtaisesti yhteisty\u00f6mme vaikutuksista Syyriassa kuluneen vuoden aikana sek\u00e4 uusista humanitaarisista haasteista, [&hellip;]","og_url":"https:\/\/fuster-associates.com\/fi\/blog\/sitoutuminen-syyriaan-fuster-associates-ja-tie-kotien-jalleenrakentamiseen\/","og_site_name":"Fuster &amp; Associates","article_publisher":"https:\/\/www.facebook.com\/fusterspain\/","article_published_time":"2026-04-22T07:02:30+00:00","article_modified_time":"2026-04-27T07:06:34+00:00","og_image":[{"width":1600,"height":1200,"url":"https:\/\/fuster-associates.com\/wp-content\/uploads\/525145744_1162074602630066_4454378808896704350_n.jpg","type":"image\/jpeg"}],"author":"Miguel","twitter_card":"summary_large_image","twitter_creator":"@FusterSpain","twitter_site":"@FusterSpain","twitter_misc":{"Kirjoittanut":"Miguel","Arvioitu lukuaika":"4 minuuttia"},"schema":{"@context":"https:\/\/schema.org","@graph":[{"@type":"Article","@id":"https:\/\/fuster-associates.com\/fi\/blog\/sitoutuminen-syyriaan-fuster-associates-ja-tie-kotien-jalleenrakentamiseen\/#article","isPartOf":{"@id":"https:\/\/fuster-associates.com\/fi\/blog\/sitoutuminen-syyriaan-fuster-associates-ja-tie-kotien-jalleenrakentamiseen\/"},"author":{"name":"Miguel","@id":"https:\/\/fuster-associates.com\/fi\/#\/schema\/person\/272425e5a87006c908425c14ca37566b"},"headline":"Sitoutuminen Syyriaan: Fuster &#038; Associates ja tie kotien j\u00e4lleenrakentamiseen.","datePublished":"2026-04-22T07:02:30+00:00","dateModified":"2026-04-27T07:06:34+00:00","mainEntityOfPage":{"@id":"https:\/\/fuster-associates.com\/fi\/blog\/sitoutuminen-syyriaan-fuster-associates-ja-tie-kotien-jalleenrakentamiseen\/"},"wordCount":678,"publisher":{"@id":"https:\/\/fuster-associates.com\/fi\/#organization"},"image":{"@id":"https:\/\/fuster-associates.com\/fi\/blog\/sitoutuminen-syyriaan-fuster-associates-ja-tie-kotien-jalleenrakentamiseen\/#primaryimage"},"thumbnailUrl":"https:\/\/fuster-associates.com\/wp-content\/uploads\/525145744_1162074602630066_4454378808896704350_n.jpg","articleSection":["Fuster &amp; Associates"],"inLanguage":"fi"},{"@type":"WebPage","@id":"https:\/\/fuster-associates.com\/fi\/blog\/sitoutuminen-syyriaan-fuster-associates-ja-tie-kotien-jalleenrakentamiseen\/","url":"https:\/\/fuster-associates.com\/fi\/blog\/sitoutuminen-syyriaan-fuster-associates-ja-tie-kotien-jalleenrakentamiseen\/","name":"Sitoutuminen Syyriaan: Fuster & Associates ja tie kotien j\u00e4lleenrakentamiseen. - Fuster &amp; Associates","isPartOf":{"@id":"https:\/\/fuster-associates.com\/fi\/#website"},"primaryImageOfPage":{"@id":"https:\/\/fuster-associates.com\/fi\/blog\/sitoutuminen-syyriaan-fuster-associates-ja-tie-kotien-jalleenrakentamiseen\/#primaryimage"},"image":{"@id":"https:\/\/fuster-associates.com\/fi\/blog\/sitoutuminen-syyriaan-fuster-associates-ja-tie-kotien-jalleenrakentamiseen\/#primaryimage"},"thumbnailUrl":"https:\/\/fuster-associates.com\/wp-content\/uploads\/525145744_1162074602630066_4454378808896704350_n.jpg","datePublished":"2026-04-22T07:02:30+00:00","dateModified":"2026-04-27T07:06:34+00:00","breadcrumb":{"@id":"https:\/\/fuster-associates.com\/fi\/blog\/sitoutuminen-syyriaan-fuster-associates-ja-tie-kotien-jalleenrakentamiseen\/#breadcrumb"},"inLanguage":"fi","potentialAction":[{"@type":"ReadAction","target":["https:\/\/fuster-associates.com\/fi\/blog\/sitoutuminen-syyriaan-fuster-associates-ja-tie-kotien-jalleenrakentamiseen\/"]}]},{"@type":"ImageObject","inLanguage":"fi","@id":"https:\/\/fuster-associates.com\/fi\/blog\/sitoutuminen-syyriaan-fuster-associates-ja-tie-kotien-jalleenrakentamiseen\/#primaryimage","url":"https:\/\/fuster-associates.com\/wp-content\/uploads\/525145744_1162074602630066_4454378808896704350_n.jpg","contentUrl":"https:\/\/fuster-associates.com\/wp-content\/uploads\/525145744_1162074602630066_4454378808896704350_n.jpg","width":1600,"height":1200,"caption":"A Syrian family returning home to Syria after years in exile. \u00a9UNHCR\/Shawkat Al Harfous"},{"@type":"BreadcrumbList","@id":"https:\/\/fuster-associates.com\/fi\/blog\/sitoutuminen-syyriaan-fuster-associates-ja-tie-kotien-jalleenrakentamiseen\/#breadcrumb","itemListElement":[{"@type":"ListItem","position":1,"name":"Koti","item":"https:\/\/fuster-associates.com\/fi\/"},{"@type":"ListItem","position":2,"name":"Sitoutuminen Syyriaan: Fuster &#038; Associates ja tie kotien j\u00e4lleenrakentamiseen."}]},{"@type":"WebSite","@id":"https:\/\/fuster-associates.com\/fi\/#website","url":"https:\/\/fuster-associates.com\/fi\/","name":"Fuster & Associates","description":"Property Solicitors","publisher":{"@id":"https:\/\/fuster-associates.com\/fi\/#organization"},"potentialAction":[{"@type":"SearchAction","target":{"@type":"EntryPoint","urlTemplate":"https:\/\/fuster-associates.com\/fi\/?s={search_term_string}"},"query-input":{"@type":"PropertyValueSpecification","valueRequired":true,"valueName":"search_term_string"}}],"inLanguage":"fi"},{"@type":"Organization","@id":"https:\/\/fuster-associates.com\/fi\/#organization","name":"FUSTER & ASSOCIATES","url":"https:\/\/fuster-associates.com\/fi\/","logo":{"@type":"ImageObject","inLanguage":"fi","@id":"https:\/\/fuster-associates.com\/fi\/#\/schema\/logo\/image\/","url":"https:\/\/fuster-associates.com\/wp-content\/uploads\/2018\/08\/logo-fuster-1.jpeg","contentUrl":"https:\/\/fuster-associates.com\/wp-content\/uploads\/2018\/08\/logo-fuster-1.jpeg","width":180,"height":113,"caption":"FUSTER & ASSOCIATES"},"image":{"@id":"https:\/\/fuster-associates.com\/fi\/#\/schema\/logo\/image\/"},"sameAs":["https:\/\/www.facebook.com\/fusterspain\/","https:\/\/x.com\/FusterSpain","https:\/\/www.youtube.com\/channel\/UC2-kNuL1SoqlFizI47hmIOQ","https:\/\/www.linkedin.com\/company\/fuster-&-associates\/"]},{"@type":"Person","@id":"https:\/\/fuster-associates.com\/fi\/#\/schema\/person\/272425e5a87006c908425c14ca37566b","name":"Miguel","image":{"@type":"ImageObject","inLanguage":"fi","@id":"https:\/\/secure.gravatar.com\/avatar\/a11dac23828920784fa4764ecd64431ce7385ae8a33ed03528bcafd35c83ebbd?s=96&d=mm&r=g","url":"https:\/\/secure.gravatar.com\/avatar\/a11dac23828920784fa4764ecd64431ce7385ae8a33ed03528bcafd35c83ebbd?s=96&d=mm&r=g","contentUrl":"https:\/\/secure.gravatar.com\/avatar\/a11dac23828920784fa4764ecd64431ce7385ae8a33ed03528bcafd35c83ebbd?s=96&d=mm&r=g","caption":"Miguel"}}]}},"_links":{"self":[{"href":"https:\/\/fuster-associates.com\/fi\/wp-json\/wp\/v2\/posts\/37921","targetHints":{"allow":["GET"]}}],"collection":[{"href":"https:\/\/fuster-associates.com\/fi\/wp-json\/wp\/v2\/posts"}],"about":[{"href":"https:\/\/fuster-associates.com\/fi\/wp-json\/wp\/v2\/types\/post"}],"author":[{"embeddable":true,"href":"https:\/\/fuster-associates.com\/fi\/wp-json\/wp\/v2\/users\/7"}],"replies":[{"embeddable":true,"href":"https:\/\/fuster-associates.com\/fi\/wp-json\/wp\/v2\/comments?post=37921"}],"version-history":[{"count":2,"href":"https:\/\/fuster-associates.com\/fi\/wp-json\/wp\/v2\/posts\/37921\/revisions"}],"predecessor-version":[{"id":38047,"href":"https:\/\/fuster-associates.com\/fi\/wp-json\/wp\/v2\/posts\/37921\/revisions\/38047"}],"wp:featuredmedia":[{"embeddable":true,"href":"https:\/\/fuster-associates.com\/fi\/wp-json\/wp\/v2\/media\/37920"}],"wp:attachment":[{"href":"https:\/\/fuster-associates.com\/fi\/wp-json\/wp\/v2\/media?parent=37921"}],"wp:term":[{"taxonomy":"category","embeddable":true,"href":"https:\/\/fuster-associates.com\/fi\/wp-json\/wp\/v2\/categories?post=37921"},{"taxonomy":"post_tag","embeddable":true,"href":"https:\/\/fuster-associates.com\/fi\/wp-json\/wp\/v2\/tags?post=37921"}],"curies":[{"name":"wp","href":"https:\/\/api.w.org\/{rel}","templated":true}]}}