{"id":38082,"date":"2026-04-27T10:22:18","date_gmt":"2026-04-27T08:22:18","guid":{"rendered":"https:\/\/fuster-associates.com\/?p=38082"},"modified":"2026-04-27T10:22:18","modified_gmt":"2026-04-27T08:22:18","slug":"fuster-associates-abre-su-primer-despacho-en-valencia-capital-y-cuarto-en-la-comunitat","status":"publish","type":"post","link":"https:\/\/fuster-associates.com\/es\/blog\/fuster-associates-abre-su-primer-despacho-en-valencia-capital-y-cuarto-en-la-comunitat\/","title":{"rendered":"Fuster &#038; Associates abre su primer despacho en Val\u00e8ncia capital y cuarto en la Comunitat"},"content":{"rendered":"<p>El sector inmobiliario en la <b>capital del Turia<\/b> est\u00e1 experimentando un cambio sin precedentes. La consolidaci\u00f3n de Valencia como <i>centro<\/i> de inversi\u00f3n estadounidense y la creciente sofisticaci\u00f3n del mercado internacional exigen una respuesta jur\u00eddica que combine la agilidad operativa con un compromiso \u00e9tico inquebrantable. Con la apertura de su nueva sede en la calle Cirilo Amor\u00f3s, <a href=\"https:\/\/fuster-associates.com\/es\/\"><b>Fuster &amp; Associates<\/b><\/a> no solo ampl\u00eda su presencia f\u00edsica, sino que tambi\u00e9n establece un nuevo est\u00e1ndar de rigor y genera confianza para liderar el asesoramiento a no residentes en la capital.<\/p>\n<p>En el ecosistema inmobiliario de alta gama, la confianza no es un activo que se pueda improvisar; es una infraestructura que debe construirse con rigor y transparencia. En abril de 2026, <b>Fuster &amp; Associates<\/b> inaugurar\u00e1 su nueva sede en la calle Cirilo Amor\u00f3s, en el coraz\u00f3n de Valencia. Esta apertura no es meramente un hito en la expansi\u00f3n territorial de la firma; es una respuesta estrat\u00e9gica a una demanda del mercado que ya no se conforma con la gesti\u00f3n administrativa tradicional, sino que busca un <i>socio<\/i> capaz de operar con est\u00e1ndares de excelencia global.<\/p>\n<p>Tras 25 a\u00f1os liderando el asesoramiento a no residentes en toda la regi\u00f3n mediterr\u00e1nea, el establecimiento de una presencia en la ciudad de Valencia completa un mapa de servicios que se extiende desde Almer\u00eda hasta la Comunidad Valenciana. No se trata solo de tener presencia, sino de proporcionar la \u00abcolumna vertebral operativa\u00bb necesaria para que los promotores y agencias locales puedan dar respuesta con \u00e9xito a la afluencia de inversores que, debido a su perfil y origen, exigen un mayor nivel de seguridad jur\u00eddica.<\/p>\n<h3><b>El mercado estadounidense: Valencia en el radar de la inversi\u00f3n global<\/b><\/h3>\n<p>Durante la \u00faltima d\u00e9cada, los inversores extranjeros en la costa espa\u00f1ola sol\u00edan encajar en un perfil europeo predecible. Sin embargo, en 2026, el panorama inversor se ha desplazado hacia el Atl\u00e1ntico. Valencia se ha posicionado como el destino preferido para el capital procedente de <b>Estados Unidos<\/b>, con compradores que buscan la capital valenciana como una alternativa de alta calidad a mercados ya saturados como Lisboa o Barcelona.<\/p>\n<p>Este inversor estadounidense aporta una din\u00e1mica de mercado diferente. Para un comprador de Nueva York, Miami o San Francisco, el tiempo es el activo m\u00e1s escaso y la seguridad jur\u00eddica es un requisito previo para cualquier movimiento de fondos. Su llegada ha subido el list\u00f3n: ya no basta con explicar simplemente el proceso de compra; hay que ser capaz de gestionar estructuras fiscales complejas, garantizar el cumplimiento de las normativas internacionales de transparencia y ofrecer una respuesta en tiempo real que la burocracia convencional a menudo ralentiza.<\/p>\n<p>En Fuster &amp; Associates, entendemos que el \u00e9xito del sector inmobiliario valenciano depende de su capacidad para satisfacer las necesidades de estos clientes. Nuestro equipo multicultural, que habla m\u00e1s de una docena de idiomas, no es solo una ventaja competitiva en materia de comunicaci\u00f3n; garantiza que los inversores extranjeros se sientan comprendidos y protegidos dentro de su propio marco t\u00e9cnico y jur\u00eddico.<\/p>\n<h3><b><strong>Un socio estrat\u00e9gico para la agilidad de la agencia inmobiliaria<\/strong><\/b><\/h3>\n<p>La situaci\u00f3n actual del mercado inmobiliario valenciano se caracteriza por una necesidad imperiosa de especializaci\u00f3n. El agente inmobiliario de hoy en d\u00eda es un experto en prospecci\u00f3n, marketing y negociaci\u00f3n; su valor reside en su capacidad para poner en contacto a compradores y vendedores.<\/p>\n<p>Sin embargo, la creciente complejidad de las transacciones internacionales a menudo obliga al agente a desviar su atenci\u00f3n hacia tr\u00e1mites burocr\u00e1ticos y consultas legales que consumen su tiempo y aumentan su responsabilidad.<\/p>\n<figure id=\"attachment_37838\" aria-describedby=\"caption-attachment-37838\" style=\"width: 800px\" class=\"wp-caption alignnone\"><img fetchpriority=\"high\" decoding=\"async\" class=\"size-large wp-image-37838\" src=\"https:\/\/fuster-associates.com\/wp-content\/uploads\/Pedro-Martinez-y-David-Albadalejo-Fuster-Associates-1024x739.jpg\" alt=\"Pedro Mart\u00ednez como CEO y David Albadalejo Fuster fundador de Fuster y Associates. - Foto: PLAZA\" width=\"800\" height=\"577\" srcset=\"https:\/\/fuster-associates.com\/wp-content\/uploads\/Pedro-Martinez-y-David-Albadalejo-Fuster-Associates-1024x739.jpg 1024w, https:\/\/fuster-associates.com\/wp-content\/uploads\/Pedro-Martinez-y-David-Albadalejo-Fuster-Associates-300x216.jpg 300w, https:\/\/fuster-associates.com\/wp-content\/uploads\/Pedro-Martinez-y-David-Albadalejo-Fuster-Associates-768x554.jpg 768w, https:\/\/fuster-associates.com\/wp-content\/uploads\/Pedro-Martinez-y-David-Albadalejo-Fuster-Associates-610x440.jpg 610w, https:\/\/fuster-associates.com\/wp-content\/uploads\/Pedro-Martinez-y-David-Albadalejo-Fuster-Associates-600x433.jpg 600w, https:\/\/fuster-associates.com\/wp-content\/uploads\/Pedro-Martinez-y-David-Albadalejo-Fuster-Associates.jpg 1216w\" sizes=\"(max-width: 800px) 100vw, 800px\" \/><figcaption id=\"caption-attachment-37838\" class=\"wp-caption-text\">Pedro Mart\u00ednez como CEO y David Albadalejo Fuster fundador de Fuster y Associates. &#8211; Foto: <a href=\"https:\/\/alicanteplaza.es\/alicanteplaza\/consultoria\/fuster-associates-abre-su-primer-despacho-en-valencia-capital-y-cuarto-en-la-comunitat\">PLAZA<\/a><\/figcaption><\/figure>\n<p>La propuesta de Fuster &amp; Associates para agencias y promotores de Valencia es eminentemente pr\u00e1ctica: actuar como su <b>departamento jur\u00eddico externo de alto rendimiento<\/b>. Al delegar la gesti\u00f3n jur\u00eddica, fiscal y administrativa de la venta a nuestro despacho, la agencia inmobiliaria recupera su activo m\u00e1s valioso: el tiempo para vender.<\/p>\n<p>Nuestra llegada a la calle Cirilo Amor\u00f3s proporciona al sector una infraestructura capaz de gestionar grandes vol\u00famenes de transacciones sin renunciar al rigor. Hablamos el idioma del inversor, pero tambi\u00e9n entendemos el idioma de la agencia inmobiliaria valenciana. Sabemos que una transacci\u00f3n no termina cuando se acepta la oferta, sino cuando el cliente recibe las llaves con la certeza absoluta de que su inversi\u00f3n est\u00e1 plenamente protegida.<\/p>\n<h3><b><strong>Valencia: El futuro se construye sobre la seguridad jur\u00eddica en el sector inmobiliario<\/strong><\/b><\/h3>\n<p>La apertura de esta nueva oficina completa el mapa operativo de la firma en todo el arco mediterr\u00e1neo, creando una red de seguridad que une <b>Valencia<\/b> con <b>Teulada<\/b>, <b>Finestrat<\/b>, <b>La Zenia<\/b>, <b>Los Alc\u00e1zares<\/b>, <b>Murcia<\/b> y <b>San Juan de los Terreros-Pulp\u00ed<\/b>. Esta continuidad territorial nos permite ofrecer un servicio integral a los inversores que operan a escala regional, garantizando que los est\u00e1ndares de calidad sean id\u00e9nticos en cualquier punto de la costa.<\/p>\n<p>Valencia est\u00e1 llamada a liderar el mercado inmobiliario del futuro, pero ese liderazgo debe basarse en la profesionalidad. Para 2026, la improvisaci\u00f3n ya no ser\u00e1 una opci\u00f3n. Los inversores globales buscan refugios seguros para su capital, y nuestra misi\u00f3n es garantizar que Valencia sea percibida como tal en todos los rincones del mundo.<\/p>\n<p>Como afirma <b>Pedro Mart\u00ednez<\/b>, director general de la firma: \u00abNuestra presencia en la ciudad de Valencia no es meramente una expansi\u00f3n empresarial; es un compromiso con la excelencia dentro del sector. Estamos aqu\u00ed para garantizar que cada firma en la notar\u00eda marque el comienzo de una historia de \u00e9xito, respaldada por el rigor t\u00e9cnico y la integridad moral de una firma que entiende que, m\u00e1s all\u00e1 de los inmuebles en s\u00ed, lo que protegemos son los proyectos de vida de las personas\u00bb.<\/p>\n<p>&nbsp;<\/p>\n<p>La oficina de Fuster &amp; Associates \u2013 Valencia se encuentra en <b>Cirilo Amor\u00f3s 27<\/b>, 3.\u00aa planta, local A, 46004, Valencia. Su n\u00famero de tel\u00e9fono es el 965 992 116 y su direcci\u00f3n de correo electr\u00f3nico es hola@fuster-associates.com.<br \/>\nTambi\u00e9n puede visitar su p\u00e1gina web: <a href=\"https:\/\/fuster-associates.com\/es\/\">fuster.associates.com<\/a><\/p>\n<p>&nbsp;<\/p>\n<div style=\"background-color: #f2f2f2; padding: 20px; border-radius: 8px; max-width: 800px; font-family: \u201cPlus Jakarta Sans\u201d, sans-serif; line-height: 1.6;\">\n<div style=\"font-weight: 600; margin-bottom: 10px;\">Compromiso social: Apoyo a la labor del ACNUR<\/div>\n<p>M\u00e1s all\u00e1 de los resultados econ\u00f3micos, la autoridad de una empresa se basa en sus valores. Para Fuster &amp; Associates, el \u00e9xito empresarial permite un firme compromiso con la responsabilidad social, colaborando activamente con organizaciones internacionales que protegen los derechos fundamentales.<\/p>\n<p>En este contexto, la firma mantiene una estrecha colaboraci\u00f3n con ACNUR, la Agencia de la ONU para los Refugiados, apoyando sus programas de ayuda humanitaria en contextos de crisis de vivienda complejas, como la que afecta actualmente a Siria. Seg\u00fan el Informe sobre el Retorno de 2025 del ACNUR, tras a\u00f1os de conflicto, muchas familias sirias han comenzado a hacer realidad su deseo de regresar a casa, pero se enfrentan a obst\u00e1culos cr\u00edticos: hogares destruidos, falta de medios de subsistencia y una profunda inseguridad sobre el terreno.<\/p>\n<p>En este contexto, el ACNUR facilita los retornos voluntarios para garantizar que se produzcan de forma segura, proporcionando ayuda econ\u00f3mica, transporte y asesoramiento sobre la documentaci\u00f3n civil necesaria para la reintegraci\u00f3n de estas familias. En este contexto, el apoyo de donantes como Fuster &amp; Associates ha sido crucial para garantizar que este deseo de regresar a casa se convierta en una realidad digna y sostenible. Al proporcionar los recursos necesarios, permitimos que los expertos de la ONU ayuden a las familias a restablecer su identidad legal y a rehabilitar sus hogares, asegurando que el regreso a casa sea posible incluso en las condiciones m\u00e1s dif\u00edciles.<\/p>\n<\/div>\n<p>&nbsp;<\/p>\n<div style=\"font-family: \u201cPlus Jakarta Sans\u201d, sans-serif; max-width: 900px;\">\n<h3 style=\"margin-bottom: 10px;\">Contribuci\u00f3n de Fuster &amp; Associates al ACNUR<\/h3>\n<p style=\"margin-bottom: 20px; line-height: 1.6;\">En el contexto general de las operaciones del ACNUR en Siria en 2025, que a nivel nacional implicaron la reparaci\u00f3n de 4.647 viviendas, la distribuci\u00f3n de art\u00edculos de socorro a 259.443 familias y la prestaci\u00f3n de ayuda en efectivo a 36.545 familias retornadas.<\/p>\n<table style=\"width: 100%; border-collapse: collapse;\">\n<tbody>\n<tr style=\"border-bottom: 2px solid #000; text-align: left;\">\n<th style=\"padding: 12px;\">Actividad<\/th>\n<th style=\"padding: 12px;\">Total<\/th>\n<th style=\"padding: 12px;\">Beneficiarios<\/th>\n<\/tr>\n<tr style=\"border-bottom: 1px solid #ddd;\">\n<td style=\"padding: 12px;\">Distribuci\u00f3n de kits de ayuda b\u00e1sica a 37 familias de refugiados que regresan a Siria<\/td>\n<td style=\"padding: 12px;\">9.233 \u20ac<\/td>\n<td style=\"padding: 12px;\">185 personas<\/td>\n<\/tr>\n<tr style=\"border-bottom: 1px solid #ddd;\">\n<td style=\"padding: 12px;\">Reparaci\u00f3n de 8 refugios para familias desplazadas y retornadas<\/td>\n<td style=\"padding: 12px;\">14 143 \u20ac<\/td>\n<td style=\"padding: 12px;\">40 personas<\/td>\n<\/tr>\n<tr style=\"border-bottom: 1px solid #ddd;\">\n<td style=\"padding: 12px;\">Subtotal de actividades<\/td>\n<td style=\"padding: 12px;\">23 376 \u20ac<\/td>\n<td style=\"padding: 12px;\"><\/td>\n<\/tr>\n<tr style=\"border-bottom: 1px solid #ddd;\">\n<td style=\"padding: 12px;\">Costes de apoyo al programa<\/td>\n<td style=\"padding: 12px;\">1.624 \u20ac<\/td>\n<td style=\"padding: 12px;\"><\/td>\n<\/tr>\n<tr style=\"font-weight: 600;\">\n<td style=\"padding: 12px;\">TOTAL<\/td>\n<td style=\"padding: 12px;\">25 000 \u20ac<\/td>\n<td style=\"padding: 12px;\">225 personas<\/td>\n<\/tr>\n<\/tbody>\n<\/table>\n<p style=\"margin-top: 15px; font-size: 14px; color: #555;\">Tabla: Fuster &amp; Associates \u2022 Fuente: ACNUR: Informe sobre el retorno a Siria 2025 y Programa de Asistencia Jur\u00eddica y de Vivienda.<\/p>\n<\/div>\n<p>&nbsp;<\/p>\n","protected":false},"excerpt":{"rendered":"<p>El sector inmobiliario en la capital del Turia est\u00e1 experimentando un cambio sin precedentes. La consolidaci\u00f3n de Valencia como centro de inversi\u00f3n estadounidense y la creciente sofisticaci\u00f3n del mercado internacional exigen una respuesta jur\u00eddica que combine la agilidad operativa con un compromiso \u00e9tico inquebrantable. Con la apertura de su nueva sede en la calle Cirilo [&hellip;]<\/p>\n","protected":false},"author":7,"featured_media":38081,"comment_status":"closed","ping_status":"closed","sticky":false,"template":"","format":"standard","meta":{"content-type":"","_sitemap_exclude":false,"_sitemap_priority":"","_sitemap_frequency":"","footnotes":""},"categories":[332],"tags":[],"class_list":["post-38082","post","type-post","status-publish","format-standard","has-post-thumbnail","hentry","category-fuster-and-associates-es"],"yoast_head":"<!-- This site is optimized with the Yoast SEO plugin v27.4 - https:\/\/yoast.com\/product\/yoast-seo-wordpress\/ -->\n<title>Fuster &amp; Associates abre su primer despacho en Val\u00e8ncia capital y cuarto en la Comunitat - Fuster &amp; Associates<\/title>\n<meta name=\"robots\" content=\"index, follow, max-snippet:-1, max-image-preview:large, max-video-preview:-1\" \/>\n<link rel=\"canonical\" href=\"https:\/\/fuster-associates.com\/es\/blog\/fuster-associates-abre-su-primer-despacho-en-valencia-capital-y-cuarto-en-la-comunitat\/\" \/>\n<meta property=\"og:locale\" content=\"es_ES\" \/>\n<meta property=\"og:type\" content=\"article\" \/>\n<meta property=\"og:title\" content=\"Fuster &amp; Associates abre su primer despacho en Val\u00e8ncia capital y cuarto en la Comunitat - Fuster &amp; Associates\" \/>\n<meta property=\"og:description\" content=\"El sector inmobiliario en la capital del Turia est\u00e1 experimentando un cambio sin precedentes. La consolidaci\u00f3n de Valencia como centro de inversi\u00f3n estadounidense y la creciente sofisticaci\u00f3n del mercado internacional exigen una respuesta jur\u00eddica que combine la agilidad operativa con un compromiso \u00e9tico inquebrantable. Con la apertura de su nueva sede en la calle Cirilo [&hellip;]\" \/>\n<meta property=\"og:url\" content=\"https:\/\/fuster-associates.com\/es\/blog\/fuster-associates-abre-su-primer-despacho-en-valencia-capital-y-cuarto-en-la-comunitat\/\" \/>\n<meta property=\"og:site_name\" content=\"Fuster &amp; Associates\" \/>\n<meta property=\"article:publisher\" content=\"https:\/\/www.facebook.com\/fusterspain\/\" \/>\n<meta property=\"article:published_time\" content=\"2026-04-27T08:22:18+00:00\" \/>\n<meta property=\"og:image\" content=\"https:\/\/fuster-associates.com\/wp-content\/uploads\/Oficina-Valencia.jpg\" \/>\n\t<meta property=\"og:image:width\" content=\"1200\" \/>\n\t<meta property=\"og:image:height\" content=\"800\" \/>\n\t<meta property=\"og:image:type\" content=\"image\/jpeg\" \/>\n<meta name=\"author\" content=\"Miguel\" \/>\n<meta name=\"twitter:card\" content=\"summary_large_image\" \/>\n<meta name=\"twitter:creator\" content=\"@FusterSpain\" \/>\n<meta name=\"twitter:site\" content=\"@FusterSpain\" \/>\n<meta name=\"twitter:label1\" content=\"Escrito por\" \/>\n\t<meta name=\"twitter:data1\" content=\"Miguel\" \/>\n\t<meta name=\"twitter:label2\" content=\"Tiempo de lectura\" \/>\n\t<meta name=\"twitter:data2\" content=\"7 minutos\" \/>\n<script type=\"application\/ld+json\" class=\"yoast-schema-graph\">{\"@context\":\"https:\\\/\\\/schema.org\",\"@graph\":[{\"@type\":\"Article\",\"@id\":\"https:\\\/\\\/fuster-associates.com\\\/es\\\/blog\\\/fuster-associates-abre-su-primer-despacho-en-valencia-capital-y-cuarto-en-la-comunitat\\\/#article\",\"isPartOf\":{\"@id\":\"https:\\\/\\\/fuster-associates.com\\\/es\\\/blog\\\/fuster-associates-abre-su-primer-despacho-en-valencia-capital-y-cuarto-en-la-comunitat\\\/\"},\"author\":{\"name\":\"Miguel\",\"@id\":\"https:\\\/\\\/fuster-associates.com\\\/es\\\/#\\\/schema\\\/person\\\/272425e5a87006c908425c14ca37566b\"},\"headline\":\"Fuster &#038; Associates abre su primer despacho en Val\u00e8ncia capital y cuarto en la Comunitat\",\"datePublished\":\"2026-04-27T08:22:18+00:00\",\"mainEntityOfPage\":{\"@id\":\"https:\\\/\\\/fuster-associates.com\\\/es\\\/blog\\\/fuster-associates-abre-su-primer-despacho-en-valencia-capital-y-cuarto-en-la-comunitat\\\/\"},\"wordCount\":1430,\"publisher\":{\"@id\":\"https:\\\/\\\/fuster-associates.com\\\/es\\\/#organization\"},\"image\":{\"@id\":\"https:\\\/\\\/fuster-associates.com\\\/es\\\/blog\\\/fuster-associates-abre-su-primer-despacho-en-valencia-capital-y-cuarto-en-la-comunitat\\\/#primaryimage\"},\"thumbnailUrl\":\"https:\\\/\\\/fuster-associates.com\\\/wp-content\\\/uploads\\\/Oficina-Valencia.jpg\",\"articleSection\":[\"Fuster &amp; Associates\"],\"inLanguage\":\"es\"},{\"@type\":\"WebPage\",\"@id\":\"https:\\\/\\\/fuster-associates.com\\\/es\\\/blog\\\/fuster-associates-abre-su-primer-despacho-en-valencia-capital-y-cuarto-en-la-comunitat\\\/\",\"url\":\"https:\\\/\\\/fuster-associates.com\\\/es\\\/blog\\\/fuster-associates-abre-su-primer-despacho-en-valencia-capital-y-cuarto-en-la-comunitat\\\/\",\"name\":\"Fuster & Associates abre su primer despacho en Val\u00e8ncia capital y cuarto en la Comunitat - Fuster &amp; Associates\",\"isPartOf\":{\"@id\":\"https:\\\/\\\/fuster-associates.com\\\/es\\\/#website\"},\"primaryImageOfPage\":{\"@id\":\"https:\\\/\\\/fuster-associates.com\\\/es\\\/blog\\\/fuster-associates-abre-su-primer-despacho-en-valencia-capital-y-cuarto-en-la-comunitat\\\/#primaryimage\"},\"image\":{\"@id\":\"https:\\\/\\\/fuster-associates.com\\\/es\\\/blog\\\/fuster-associates-abre-su-primer-despacho-en-valencia-capital-y-cuarto-en-la-comunitat\\\/#primaryimage\"},\"thumbnailUrl\":\"https:\\\/\\\/fuster-associates.com\\\/wp-content\\\/uploads\\\/Oficina-Valencia.jpg\",\"datePublished\":\"2026-04-27T08:22:18+00:00\",\"breadcrumb\":{\"@id\":\"https:\\\/\\\/fuster-associates.com\\\/es\\\/blog\\\/fuster-associates-abre-su-primer-despacho-en-valencia-capital-y-cuarto-en-la-comunitat\\\/#breadcrumb\"},\"inLanguage\":\"es\",\"potentialAction\":[{\"@type\":\"ReadAction\",\"target\":[\"https:\\\/\\\/fuster-associates.com\\\/es\\\/blog\\\/fuster-associates-abre-su-primer-despacho-en-valencia-capital-y-cuarto-en-la-comunitat\\\/\"]}]},{\"@type\":\"ImageObject\",\"inLanguage\":\"es\",\"@id\":\"https:\\\/\\\/fuster-associates.com\\\/es\\\/blog\\\/fuster-associates-abre-su-primer-despacho-en-valencia-capital-y-cuarto-en-la-comunitat\\\/#primaryimage\",\"url\":\"https:\\\/\\\/fuster-associates.com\\\/wp-content\\\/uploads\\\/Oficina-Valencia.jpg\",\"contentUrl\":\"https:\\\/\\\/fuster-associates.com\\\/wp-content\\\/uploads\\\/Oficina-Valencia.jpg\",\"width\":1200,\"height\":800,\"caption\":\"Fachada en la calle Cirilo Amor\u00f3s de Val\u00e8ncia.\"},{\"@type\":\"BreadcrumbList\",\"@id\":\"https:\\\/\\\/fuster-associates.com\\\/es\\\/blog\\\/fuster-associates-abre-su-primer-despacho-en-valencia-capital-y-cuarto-en-la-comunitat\\\/#breadcrumb\",\"itemListElement\":[{\"@type\":\"ListItem\",\"position\":1,\"name\":\"Inicio\",\"item\":\"https:\\\/\\\/fuster-associates.com\\\/es\\\/\"},{\"@type\":\"ListItem\",\"position\":2,\"name\":\"Fuster &#038; Associates abre su primer despacho en Val\u00e8ncia capital y cuarto en la Comunitat\"}]},{\"@type\":\"WebSite\",\"@id\":\"https:\\\/\\\/fuster-associates.com\\\/es\\\/#website\",\"url\":\"https:\\\/\\\/fuster-associates.com\\\/es\\\/\",\"name\":\"Fuster & Associates\",\"description\":\"Property Solicitors\",\"publisher\":{\"@id\":\"https:\\\/\\\/fuster-associates.com\\\/es\\\/#organization\"},\"potentialAction\":[{\"@type\":\"SearchAction\",\"target\":{\"@type\":\"EntryPoint\",\"urlTemplate\":\"https:\\\/\\\/fuster-associates.com\\\/es\\\/?s={search_term_string}\"},\"query-input\":{\"@type\":\"PropertyValueSpecification\",\"valueRequired\":true,\"valueName\":\"search_term_string\"}}],\"inLanguage\":\"es\"},{\"@type\":\"Organization\",\"@id\":\"https:\\\/\\\/fuster-associates.com\\\/es\\\/#organization\",\"name\":\"FUSTER & ASSOCIATES\",\"url\":\"https:\\\/\\\/fuster-associates.com\\\/es\\\/\",\"logo\":{\"@type\":\"ImageObject\",\"inLanguage\":\"es\",\"@id\":\"https:\\\/\\\/fuster-associates.com\\\/es\\\/#\\\/schema\\\/logo\\\/image\\\/\",\"url\":\"https:\\\/\\\/fuster-associates.com\\\/wp-content\\\/uploads\\\/2018\\\/08\\\/logo-fuster-1.jpeg\",\"contentUrl\":\"https:\\\/\\\/fuster-associates.com\\\/wp-content\\\/uploads\\\/2018\\\/08\\\/logo-fuster-1.jpeg\",\"width\":180,\"height\":113,\"caption\":\"FUSTER & ASSOCIATES\"},\"image\":{\"@id\":\"https:\\\/\\\/fuster-associates.com\\\/es\\\/#\\\/schema\\\/logo\\\/image\\\/\"},\"sameAs\":[\"https:\\\/\\\/www.facebook.com\\\/fusterspain\\\/\",\"https:\\\/\\\/x.com\\\/FusterSpain\",\"https:\\\/\\\/www.youtube.com\\\/channel\\\/UC2-kNuL1SoqlFizI47hmIOQ\",\"https:\\\/\\\/www.linkedin.com\\\/company\\\/fuster-&-associates\\\/\"]},{\"@type\":\"Person\",\"@id\":\"https:\\\/\\\/fuster-associates.com\\\/es\\\/#\\\/schema\\\/person\\\/272425e5a87006c908425c14ca37566b\",\"name\":\"Miguel\",\"image\":{\"@type\":\"ImageObject\",\"inLanguage\":\"es\",\"@id\":\"https:\\\/\\\/secure.gravatar.com\\\/avatar\\\/a11dac23828920784fa4764ecd64431ce7385ae8a33ed03528bcafd35c83ebbd?s=96&d=mm&r=g\",\"url\":\"https:\\\/\\\/secure.gravatar.com\\\/avatar\\\/a11dac23828920784fa4764ecd64431ce7385ae8a33ed03528bcafd35c83ebbd?s=96&d=mm&r=g\",\"contentUrl\":\"https:\\\/\\\/secure.gravatar.com\\\/avatar\\\/a11dac23828920784fa4764ecd64431ce7385ae8a33ed03528bcafd35c83ebbd?s=96&d=mm&r=g\",\"caption\":\"Miguel\"}}]}<\/script>\n<!-- \/ Yoast SEO plugin. -->","yoast_head_json":{"title":"Fuster & Associates abre su primer despacho en Val\u00e8ncia capital y cuarto en la Comunitat - Fuster &amp; Associates","robots":{"index":"index","follow":"follow","max-snippet":"max-snippet:-1","max-image-preview":"max-image-preview:large","max-video-preview":"max-video-preview:-1"},"canonical":"https:\/\/fuster-associates.com\/es\/blog\/fuster-associates-abre-su-primer-despacho-en-valencia-capital-y-cuarto-en-la-comunitat\/","og_locale":"es_ES","og_type":"article","og_title":"Fuster & Associates abre su primer despacho en Val\u00e8ncia capital y cuarto en la Comunitat - Fuster &amp; Associates","og_description":"El sector inmobiliario en la capital del Turia est\u00e1 experimentando un cambio sin precedentes. La consolidaci\u00f3n de Valencia como centro de inversi\u00f3n estadounidense y la creciente sofisticaci\u00f3n del mercado internacional exigen una respuesta jur\u00eddica que combine la agilidad operativa con un compromiso \u00e9tico inquebrantable. Con la apertura de su nueva sede en la calle Cirilo [&hellip;]","og_url":"https:\/\/fuster-associates.com\/es\/blog\/fuster-associates-abre-su-primer-despacho-en-valencia-capital-y-cuarto-en-la-comunitat\/","og_site_name":"Fuster &amp; Associates","article_publisher":"https:\/\/www.facebook.com\/fusterspain\/","article_published_time":"2026-04-27T08:22:18+00:00","og_image":[{"width":1200,"height":800,"url":"https:\/\/fuster-associates.com\/wp-content\/uploads\/Oficina-Valencia.jpg","type":"image\/jpeg"}],"author":"Miguel","twitter_card":"summary_large_image","twitter_creator":"@FusterSpain","twitter_site":"@FusterSpain","twitter_misc":{"Escrito por":"Miguel","Tiempo de lectura":"7 minutos"},"schema":{"@context":"https:\/\/schema.org","@graph":[{"@type":"Article","@id":"https:\/\/fuster-associates.com\/es\/blog\/fuster-associates-abre-su-primer-despacho-en-valencia-capital-y-cuarto-en-la-comunitat\/#article","isPartOf":{"@id":"https:\/\/fuster-associates.com\/es\/blog\/fuster-associates-abre-su-primer-despacho-en-valencia-capital-y-cuarto-en-la-comunitat\/"},"author":{"name":"Miguel","@id":"https:\/\/fuster-associates.com\/es\/#\/schema\/person\/272425e5a87006c908425c14ca37566b"},"headline":"Fuster &#038; Associates abre su primer despacho en Val\u00e8ncia capital y cuarto en la Comunitat","datePublished":"2026-04-27T08:22:18+00:00","mainEntityOfPage":{"@id":"https:\/\/fuster-associates.com\/es\/blog\/fuster-associates-abre-su-primer-despacho-en-valencia-capital-y-cuarto-en-la-comunitat\/"},"wordCount":1430,"publisher":{"@id":"https:\/\/fuster-associates.com\/es\/#organization"},"image":{"@id":"https:\/\/fuster-associates.com\/es\/blog\/fuster-associates-abre-su-primer-despacho-en-valencia-capital-y-cuarto-en-la-comunitat\/#primaryimage"},"thumbnailUrl":"https:\/\/fuster-associates.com\/wp-content\/uploads\/Oficina-Valencia.jpg","articleSection":["Fuster &amp; Associates"],"inLanguage":"es"},{"@type":"WebPage","@id":"https:\/\/fuster-associates.com\/es\/blog\/fuster-associates-abre-su-primer-despacho-en-valencia-capital-y-cuarto-en-la-comunitat\/","url":"https:\/\/fuster-associates.com\/es\/blog\/fuster-associates-abre-su-primer-despacho-en-valencia-capital-y-cuarto-en-la-comunitat\/","name":"Fuster & Associates abre su primer despacho en Val\u00e8ncia capital y cuarto en la Comunitat - Fuster &amp; Associates","isPartOf":{"@id":"https:\/\/fuster-associates.com\/es\/#website"},"primaryImageOfPage":{"@id":"https:\/\/fuster-associates.com\/es\/blog\/fuster-associates-abre-su-primer-despacho-en-valencia-capital-y-cuarto-en-la-comunitat\/#primaryimage"},"image":{"@id":"https:\/\/fuster-associates.com\/es\/blog\/fuster-associates-abre-su-primer-despacho-en-valencia-capital-y-cuarto-en-la-comunitat\/#primaryimage"},"thumbnailUrl":"https:\/\/fuster-associates.com\/wp-content\/uploads\/Oficina-Valencia.jpg","datePublished":"2026-04-27T08:22:18+00:00","breadcrumb":{"@id":"https:\/\/fuster-associates.com\/es\/blog\/fuster-associates-abre-su-primer-despacho-en-valencia-capital-y-cuarto-en-la-comunitat\/#breadcrumb"},"inLanguage":"es","potentialAction":[{"@type":"ReadAction","target":["https:\/\/fuster-associates.com\/es\/blog\/fuster-associates-abre-su-primer-despacho-en-valencia-capital-y-cuarto-en-la-comunitat\/"]}]},{"@type":"ImageObject","inLanguage":"es","@id":"https:\/\/fuster-associates.com\/es\/blog\/fuster-associates-abre-su-primer-despacho-en-valencia-capital-y-cuarto-en-la-comunitat\/#primaryimage","url":"https:\/\/fuster-associates.com\/wp-content\/uploads\/Oficina-Valencia.jpg","contentUrl":"https:\/\/fuster-associates.com\/wp-content\/uploads\/Oficina-Valencia.jpg","width":1200,"height":800,"caption":"Fachada en la calle Cirilo Amor\u00f3s de Val\u00e8ncia."},{"@type":"BreadcrumbList","@id":"https:\/\/fuster-associates.com\/es\/blog\/fuster-associates-abre-su-primer-despacho-en-valencia-capital-y-cuarto-en-la-comunitat\/#breadcrumb","itemListElement":[{"@type":"ListItem","position":1,"name":"Inicio","item":"https:\/\/fuster-associates.com\/es\/"},{"@type":"ListItem","position":2,"name":"Fuster &#038; Associates abre su primer despacho en Val\u00e8ncia capital y cuarto en la Comunitat"}]},{"@type":"WebSite","@id":"https:\/\/fuster-associates.com\/es\/#website","url":"https:\/\/fuster-associates.com\/es\/","name":"Fuster & Associates","description":"Property Solicitors","publisher":{"@id":"https:\/\/fuster-associates.com\/es\/#organization"},"potentialAction":[{"@type":"SearchAction","target":{"@type":"EntryPoint","urlTemplate":"https:\/\/fuster-associates.com\/es\/?s={search_term_string}"},"query-input":{"@type":"PropertyValueSpecification","valueRequired":true,"valueName":"search_term_string"}}],"inLanguage":"es"},{"@type":"Organization","@id":"https:\/\/fuster-associates.com\/es\/#organization","name":"FUSTER & ASSOCIATES","url":"https:\/\/fuster-associates.com\/es\/","logo":{"@type":"ImageObject","inLanguage":"es","@id":"https:\/\/fuster-associates.com\/es\/#\/schema\/logo\/image\/","url":"https:\/\/fuster-associates.com\/wp-content\/uploads\/2018\/08\/logo-fuster-1.jpeg","contentUrl":"https:\/\/fuster-associates.com\/wp-content\/uploads\/2018\/08\/logo-fuster-1.jpeg","width":180,"height":113,"caption":"FUSTER & ASSOCIATES"},"image":{"@id":"https:\/\/fuster-associates.com\/es\/#\/schema\/logo\/image\/"},"sameAs":["https:\/\/www.facebook.com\/fusterspain\/","https:\/\/x.com\/FusterSpain","https:\/\/www.youtube.com\/channel\/UC2-kNuL1SoqlFizI47hmIOQ","https:\/\/www.linkedin.com\/company\/fuster-&-associates\/"]},{"@type":"Person","@id":"https:\/\/fuster-associates.com\/es\/#\/schema\/person\/272425e5a87006c908425c14ca37566b","name":"Miguel","image":{"@type":"ImageObject","inLanguage":"es","@id":"https:\/\/secure.gravatar.com\/avatar\/a11dac23828920784fa4764ecd64431ce7385ae8a33ed03528bcafd35c83ebbd?s=96&d=mm&r=g","url":"https:\/\/secure.gravatar.com\/avatar\/a11dac23828920784fa4764ecd64431ce7385ae8a33ed03528bcafd35c83ebbd?s=96&d=mm&r=g","contentUrl":"https:\/\/secure.gravatar.com\/avatar\/a11dac23828920784fa4764ecd64431ce7385ae8a33ed03528bcafd35c83ebbd?s=96&d=mm&r=g","caption":"Miguel"}}]}},"_links":{"self":[{"href":"https:\/\/fuster-associates.com\/es\/wp-json\/wp\/v2\/posts\/38082","targetHints":{"allow":["GET"]}}],"collection":[{"href":"https:\/\/fuster-associates.com\/es\/wp-json\/wp\/v2\/posts"}],"about":[{"href":"https:\/\/fuster-associates.com\/es\/wp-json\/wp\/v2\/types\/post"}],"author":[{"embeddable":true,"href":"https:\/\/fuster-associates.com\/es\/wp-json\/wp\/v2\/users\/7"}],"replies":[{"embeddable":true,"href":"https:\/\/fuster-associates.com\/es\/wp-json\/wp\/v2\/comments?post=38082"}],"version-history":[{"count":2,"href":"https:\/\/fuster-associates.com\/es\/wp-json\/wp\/v2\/posts\/38082\/revisions"}],"predecessor-version":[{"id":38084,"href":"https:\/\/fuster-associates.com\/es\/wp-json\/wp\/v2\/posts\/38082\/revisions\/38084"}],"wp:featuredmedia":[{"embeddable":true,"href":"https:\/\/fuster-associates.com\/es\/wp-json\/wp\/v2\/media\/38081"}],"wp:attachment":[{"href":"https:\/\/fuster-associates.com\/es\/wp-json\/wp\/v2\/media?parent=38082"}],"wp:term":[{"taxonomy":"category","embeddable":true,"href":"https:\/\/fuster-associates.com\/es\/wp-json\/wp\/v2\/categories?post=38082"},{"taxonomy":"post_tag","embeddable":true,"href":"https:\/\/fuster-associates.com\/es\/wp-json\/wp\/v2\/tags?post=38082"}],"curies":[{"name":"wp","href":"https:\/\/api.w.org\/{rel}","templated":true}]}}