{"id":38075,"date":"2026-04-27T10:21:52","date_gmt":"2026-04-27T08:21:52","guid":{"rendered":"https:\/\/fuster-associates.com\/?p=38075"},"modified":"2026-04-27T10:21:52","modified_gmt":"2026-04-27T08:21:52","slug":"fuster-associates-eroeffnet-seine-erste-niederlassung-in-der-stadt-valencia-und-die-vierte-in-der-region","status":"publish","type":"post","link":"https:\/\/fuster-associates.com\/de\/blog\/fuster-associates-eroeffnet-seine-erste-niederlassung-in-der-stadt-valencia-und-die-vierte-in-der-region\/","title":{"rendered":"Fuster &#038; Associates er\u00f6ffnet seine erste Niederlassung in der Stadt Valencia und die vierte in der Region"},"content":{"rendered":"<p>Fuster &amp; Associates er\u00f6ffnet seine erste Niederlassung in der Stadt Valencia und die vierte in der Region<\/p>\n<p>Der Immobiliensektor in der <b>Hauptstadt des Turia<\/b> durchl\u00e4uft einen beispiellosen Wandel. Valencias Etablierung als <i>Drehscheibe<\/i> f\u00fcr US-Investitionen und die zunehmende Komplexit\u00e4t des internationalen Marktes erfordern eine rechtliche L\u00f6sung, die operative Flexibilit\u00e4t mit einem kompromisslosen ethischen Engagement verbindet. Mit der Er\u00f6ffnung seines neuen Hauptsitzes in der Calle Cirilo Amor\u00f3s, <a href=\"https:\/\/fuster-associates.com\/de\/\"><b>Fuster &amp; Associates<\/b><\/a>, baut das Unternehmen nicht nur seine physische Pr\u00e4senz aus, sondern setzt auch neue Ma\u00dfst\u00e4be in Sachen Sorgfalt und schafft Vertrauen, um bei der Beratung von Nichtans\u00e4ssigen in der Hauptstadt eine Vorreiterrolle einzunehmen.<\/p>\n<p>Im \u00d6kosystem der Luxusimmobilien ist Vertrauen kein Gut, das man improvisieren kann; es ist eine Infrastruktur, die mit Sorgfalt und Transparenz aufgebaut werden muss. Im April 2026 wird <b>Fuster &amp; Associates<\/b> seinen neuen Hauptsitz in der Cirilo-Amor\u00f3s-Stra\u00dfe im Herzen von Valencia er\u00f6ffnen. Diese Er\u00f6ffnung ist nicht nur ein Meilenstein in der territorialen Expansion der Kanzlei; sie ist eine strategische Antwort auf eine Marktnachfrage, die sich nicht mehr mit traditioneller Verwaltungsbetreuung zufrieden gibt, sondern einen <i>Partner<\/i> sucht, der in der Lage ist, nach globalen Exzellenzstandards zu arbeiten.<\/p>\n<p>Nach 25 Jahren als Vorreiter bei der Beratung von Nichtans\u00e4ssigen im gesamten Mittelmeerraum vervollst\u00e4ndigt die Etablierung einer Pr\u00e4senz in der Stadt Valencia eine Dienstleistungskarte, die sich von Almer\u00eda bis zur Autonomen Gemeinschaft Valencia erstreckt. Es geht nicht nur darum, pr\u00e4sent zu sein, sondern auch darum, die notwendige \u201eoperative Basis\u201c bereitzustellen, damit lokale Bautr\u00e4ger und Agenturen den Zustrom von Investoren erfolgreich bew\u00e4ltigen k\u00f6nnen, die aufgrund ihres Profils und ihrer Herkunft ein h\u00f6heres Ma\u00df an Rechtssicherheit verlangen.<\/p>\n<h3><b>Der US-Markt: Valencia auf dem globalen Investitionsradar<\/b><\/h3>\n<p>In den letzten zehn Jahren entsprachen ausl\u00e4ndische Investoren an der spanischen K\u00fcste in der Regel einem vorhersehbaren europ\u00e4ischen Profil. Bis 2026 hat sich die Investitionslandschaft jedoch in Richtung Atlantik verlagert. Valencia hat sich als bevorzugtes Ziel f\u00fcr Kapital aus den <b>Vereinigten Staaten<\/b> positioniert, wobei K\u00e4ufer die valencianische Hauptstadt als hochwertige Alternative zu bereits ges\u00e4ttigten M\u00e4rkten wie Lissabon oder Barcelona suchen.<\/p>\n<p>Diese US-Investoren bringen eine andere Marktdynamik mit sich. F\u00fcr einen K\u00e4ufer aus New York, Miami oder San Francisco ist Zeit das knappste Gut, und Rechtssicherheit ist eine Grundvoraussetzung f\u00fcr jeden Geldtransfer. Ihre Ankunft hat die Messlatte h\u00f6her gelegt: Es reicht nicht mehr aus, lediglich den Kaufprozess zu erkl\u00e4ren; man muss in der Lage sein, komplexe Steuerstrukturen zu bew\u00e4ltigen, die Einhaltung internationaler Transparenzvorschriften sicherzustellen und eine Echtzeit-Reaktion zu bieten, die durch herk\u00f6mmliche B\u00fcrokratie oft verlangsamt wird.<\/p>\n<p>Wir bei Fuster &amp; Associates wissen, dass der Erfolg des valencianischen Immobiliensektors von seiner F\u00e4higkeit abh\u00e4ngt, die Bed\u00fcrfnisse dieser Kunden zu erf\u00fcllen. Unser multikulturelles Team, das \u00fcber ein Dutzend Sprachen spricht, ist nicht nur ein Wettbewerbsvorteil in der Kommunikation; es sorgt daf\u00fcr, dass sich ausl\u00e4ndische Investoren innerhalb ihres eigenen technischen und rechtlichen Rahmens verstanden und gesch\u00fctzt f\u00fchlen.<\/p>\n<h3><b><strong>Ein strategischer Partner f\u00fcr die Agilit\u00e4t der Immobilienagentur<\/strong><\/b><\/h3>\n<p>Die aktuelle Situation auf dem valencianischen Immobilienmarkt ist durch einen zwingenden Bedarf an Spezialisierung gekennzeichnet. Der Immobilienmakler von heute ist ein Experte f\u00fcr Akquise, Marketing und Verhandlung; sein Wert liegt in seiner F\u00e4higkeit, K\u00e4ufer und Verk\u00e4ufer zusammenzubringen.<\/p>\n<p>Die wachsende Komplexit\u00e4t internationaler Transaktionen zwingt den Makler jedoch oft dazu, seine Aufmerksamkeit auf b\u00fcrokratische H\u00fcrden und Rechtsberatungen zu lenken, die seine Zeit in Anspruch nehmen und sein Haftungsrisiko erh\u00f6hen.<\/p>\n<figure id=\"attachment_38073\" aria-describedby=\"caption-attachment-38073\" style=\"width: 800px\" class=\"wp-caption alignnone\"><img fetchpriority=\"high\" decoding=\"async\" class=\"size-large wp-image-38073\" src=\"https:\/\/fuster-associates.com\/wp-content\/uploads\/Pedro-Martinez-y-David-Albadalejo-Fuster-Associates-1024x739.jpg\" alt=\"Pedro Mart\u00ednez, CEO, and David Albadalejo Fuster, founder of Fuster and Associates. \u2013 Photo: PLAZA\" width=\"800\" height=\"577\" srcset=\"https:\/\/fuster-associates.com\/wp-content\/uploads\/Pedro-Martinez-y-David-Albadalejo-Fuster-Associates-1024x739.jpg 1024w, https:\/\/fuster-associates.com\/wp-content\/uploads\/Pedro-Martinez-y-David-Albadalejo-Fuster-Associates-300x216.jpg 300w, https:\/\/fuster-associates.com\/wp-content\/uploads\/Pedro-Martinez-y-David-Albadalejo-Fuster-Associates-768x554.jpg 768w, https:\/\/fuster-associates.com\/wp-content\/uploads\/Pedro-Martinez-y-David-Albadalejo-Fuster-Associates-610x440.jpg 610w, https:\/\/fuster-associates.com\/wp-content\/uploads\/Pedro-Martinez-y-David-Albadalejo-Fuster-Associates-600x433.jpg 600w, https:\/\/fuster-associates.com\/wp-content\/uploads\/Pedro-Martinez-y-David-Albadalejo-Fuster-Associates.jpg 1216w\" sizes=\"(max-width: 800px) 100vw, 800px\" \/><figcaption id=\"caption-attachment-38073\" class=\"wp-caption-text\">Pedro Mart\u00ednez, CEO, und David Albadalejo Fuster, Gr\u00fcnder von Fuster and Associates. \u2013 Photo: PLAZA<\/figcaption><\/figure>\n<p>Das Angebot von Fuster &amp; Associates f\u00fcr Makler und Bautr\u00e4ger in Valencia ist \u00e4u\u00dferst praxisorientiert: Wir fungieren als ihre <b>leistungsstarke externe Rechtsabteilung<\/b>. Durch die \u00dcbertragung der rechtlichen, steuerlichen und administrativen Abwicklung des Verkaufs an unsere Kanzlei gewinnt der Immobilienmakler sein wertvollstes Gut zur\u00fcck: die Zeit zum Verkaufen.<\/p>\n<p>Mit unserem Einzug in die Calle Cirilo Amor\u00f3s stellen wir der Branche eine Infrastruktur zur Verf\u00fcgung, die in der Lage ist, gro\u00dfe Transaktionsvolumina zu bew\u00e4ltigen, ohne dabei an Sorgfalt einzub\u00fc\u00dfen. Wir sprechen die Sprache der Investoren, verstehen aber auch die Sprache der valencianischen Immobilienagenturen. Wir wissen, dass eine Transaktion nicht mit der Annahme des Angebots endet, sondern erst, wenn der Kunde die Schl\u00fcssel erh\u00e4lt \u2013 mit der absoluten Gewissheit, dass seine Investition vollst\u00e4ndig gesch\u00fctzt ist.<\/p>\n<h3><b><strong>Valencia: Die Zukunft baut auf Rechtssicherheit im Immobilienbereich<\/strong><\/b><\/h3>\n<p>Die Er\u00f6ffnung dieses neuen B\u00fcros vervollst\u00e4ndigt die operative Pr\u00e4senz des Unternehmens im gesamten Mittelmeerraum und schafft ein Sicherheitsnetz, das <b>Valencia<\/b> mit <b>Teulada<\/b>, <b>Finestrat<\/b>, <b>La Zenia<\/b>, <b>Los Alc\u00e1zares<\/b>, <b>Murcia<\/b> und <b>San Juan de los Terreros-Pulp\u00ed<\/b> verbindet. Diese territoriale Kontinuit\u00e4t erm\u00f6glicht es uns, Investoren, die auf regionaler Ebene t\u00e4tig sind, einen umfassenden Service anzubieten und sicherzustellen, dass die Qualit\u00e4tsstandards an jedem Punkt entlang der K\u00fcste identisch sind.<\/p>\n<p>Valencia ist bereit, den Immobilienmarkt der Zukunft anzuf\u00fchren, doch diese F\u00fchrungsrolle muss auf Professionalit\u00e4t beruhen. Bis 2026 wird Improvisation keine Option mehr sein. Globale Investoren suchen nach sicheren H\u00e4fen f\u00fcr ihr Kapital, und unsere Mission ist es, sicherzustellen, dass Valencia in jedem Winkel der Welt als solcher wahrgenommen wird.<\/p>\n<p>Wie <b>Pedro Mart\u00ednez<\/b>, der CEO des Unternehmens, erkl\u00e4rt: \u201eUnsere Pr\u00e4senz in der Stadt Valencia ist nicht nur eine gesch\u00e4ftliche Expansion; sie ist ein Bekenntnis zu Spitzenleistungen innerhalb der Branche. Wir sind hier, um sicherzustellen, dass jede Unterschrift beim Notar den Beginn einer Erfolgsgeschichte markiert, gest\u00fctzt auf die fachliche Sorgfalt und moralische Integrit\u00e4t einer Kanzlei, die versteht, dass wir \u00fcber die Immobilien selbst hinaus die Lebenspl\u00e4ne der Menschen sch\u00fctzen.\u201c<\/p>\n<p>&nbsp;<\/p>\n<p>Die Kanzlei Fuster &amp; Associates \u2013 Valencia befindet sich in der <b>Cirilo Amor\u00f3s 27<\/b>, 3. Stock, Einheit A, 46004, Valencia. Die Telefonnummer lautet 965 992 116 und die E-Mail-Adresse ist hola@fuster-associates.com.<br \/>\nSie k\u00f6nnen auch die Website besuchen: <a href=\"https:\/\/fuster-associates.com\/de\/\">fuster.associates.com<\/a><\/p>\n<p>&nbsp;<\/p>\n<div style=\"background-color: #f2f2f2; padding: 20px; border-radius: 8px; max-width: 800px; font-family: \u201aPlus Jakarta Sans\u2018, sans-serif; line-height: 1.6;\">\n<div style=\"font-weight: 600; margin-bottom: 10px;\">Soziales Engagement: Unterst\u00fctzung der Arbeit des UNHCR<\/div>\n<p>\u00dcber den reinen Gewinn hinaus gr\u00fcndet sich die Autorit\u00e4t eines Unternehmens auf seine Werte. F\u00fcr Fuster &amp; Associates erm\u00f6glicht der gesch\u00e4ftliche Erfolg ein festes Bekenntnis zur sozialen Verantwortung und die aktive Zusammenarbeit mit internationalen Organisationen, die Grundrechte sch\u00fctzen.<\/p>\n<p>In diesem Zusammenhang pflegt das Unternehmen eine enge Partnerschaft mit dem UNHCR, dem Fl\u00fcchtlingshilfswerk der Vereinten Nationen, und unterst\u00fctzt dessen humanit\u00e4re Hilfsprogramme in Situationen komplexer Wohnungskrisen, wie sie derzeit in Syrien herrschen. Laut dem UNHCR-R\u00fcckkehrbericht 2025 haben viele syrische Familien nach Jahren des Konflikts begonnen, ihren Wunsch nach einer R\u00fcckkehr in die Heimat zu verwirklichen, stehen jedoch vor entscheidenden Hindernissen: zerst\u00f6rte H\u00e4user, fehlende Lebensgrundlagen und tiefgreifende Unsicherheit vor Ort.<\/p>\n<p>Vor diesem Hintergrund unterst\u00fctzt das UNHCR freiwillige R\u00fcckkehrer, um eine sichere R\u00fcckkehr zu gew\u00e4hrleisten, und stellt daf\u00fcr finanzielle Hilfe, Transportm\u00f6glichkeiten sowie Beratung zu den f\u00fcr die Wiedereingliederung dieser Familien erforderlichen amtlichen Dokumenten bereit. In diesem Zusammenhang war die Unterst\u00fctzung von Spendern wie Fuster &amp; Associates entscheidend daf\u00fcr, dass dieser Wunsch nach einer R\u00fcckkehr in die Heimat zu einer w\u00fcrdigen und nachhaltigen Realit\u00e4t wird. Durch die Bereitstellung der notwendigen Ressourcen erm\u00f6glichen wir es UN-Experten, Familien dabei zu helfen, ihre rechtliche Identit\u00e4t wiederherzustellen und ihre H\u00e4user wiederaufzubauen, sodass eine R\u00fcckkehr in die Heimat selbst unter den schwierigsten Bedingungen m\u00f6glich ist.<\/p>\n<\/div>\n<p>&nbsp;<\/p>\n<div style=\"font-family: \u201ePlus Jakarta Sans\u201c, sans-serif; max-width: 900px;\">\n<h3 style=\"margin-bottom: 10px;\">Der Beitrag von Fuster &amp; Associates zum UNHCR<\/h3>\n<p style=\"margin-bottom: 20px; line-height: 1.6;\">Im Rahmen der gesamten UNHCR-Ma\u00dfnahmen in Syrien im Jahr 2025, die auf L\u00e4nderebene die Instandsetzung von 4.647 H\u00e4usern, die Verteilung von Hilfsg\u00fctern an 259.443 Familien und die Bereitstellung von Bargeldhilfen f\u00fcr 36.545 zur\u00fcckgekehrte Familien umfassten.<\/p>\n<table style=\"width: 100%; border-collapse: collapse;\">\n<tbody>\n<tr style=\"border-bottom: 2px solid #000; text-align: left;\">\n<th style=\"padding: 12px;\">Ma\u00dfnahme<\/th>\n<th style=\"padding: 12px;\">Gesamt<\/th>\n<th style=\"padding: 12px;\">Beg\u00fcnstigte<\/th>\n<\/tr>\n<tr style=\"border-bottom: 1px solid #ddd;\">\n<td style=\"padding: 12px;\">Verteilung von Grundversorgungssets an 37 Fl\u00fcchtlingsfamilien, die nach Syrien zur\u00fcckkehren<\/td>\n<td style=\"padding: 12px;\">9.233 \u20ac<\/td>\n<td style=\"padding: 12px;\">185 Personen<\/td>\n<\/tr>\n<tr style=\"border-bottom: 1px solid #ddd;\">\n<td style=\"padding: 12px;\">Reparatur von 8 Unterk\u00fcnften f\u00fcr vertriebene und zur\u00fcckkehrende Haushalte<\/td>\n<td style=\"padding: 12px;\">14.143 \u20ac<\/td>\n<td style=\"padding: 12px;\">40 Personen<\/td>\n<\/tr>\n<tr style=\"border-bottom: 1px solid #ddd;\">\n<td style=\"padding: 12px;\">Zwischensumme Aktivit\u00e4ten<\/td>\n<td style=\"padding: 12px;\">23.376 \u20ac<\/td>\n<td style=\"padding: 12px;\"><\/td>\n<\/tr>\n<tr style=\"border-bottom: 1px solid #ddd;\">\n<td style=\"padding: 12px;\">Kosten f\u00fcr die Programmunterst\u00fctzung<\/td>\n<td style=\"padding: 12px;\">1.624 \u20ac<\/td>\n<td style=\"padding: 12px;\"><\/td>\n<\/tr>\n<tr style=\"font-weight: 600;\">\n<td style=\"padding: 12px;\">GESAMT<\/td>\n<td style=\"padding: 12px;\">25.000 \u20ac<\/td>\n<td style=\"padding: 12px;\">225 Personen<\/td>\n<\/tr>\n<\/tbody>\n<\/table>\n<p style=\"margin-top: 15px; font-size: 14px; color: #555;\">Tabelle: Fuster &amp; Associates \u2022 Quelle: UNHCR: Bericht \u00fcber die R\u00fcckkehr nach Syrien 2025 und das Programm f\u00fcr Rechts- und Wohnraumhilfe.<\/p>\n<\/div>\n<p>&nbsp;<\/p>\n","protected":false},"excerpt":{"rendered":"<p>Fuster &amp; Associates er\u00f6ffnet seine erste Niederlassung in der Stadt Valencia und die vierte in der Region Der Immobiliensektor in der Hauptstadt des Turia durchl\u00e4uft einen beispiellosen Wandel. Valencias Etablierung als Drehscheibe f\u00fcr US-Investitionen und die zunehmende Komplexit\u00e4t des internationalen Marktes erfordern eine rechtliche L\u00f6sung, die operative Flexibilit\u00e4t mit einem kompromisslosen ethischen Engagement verbindet. Mit [&hellip;]<\/p>\n","protected":false},"author":7,"featured_media":38074,"comment_status":"closed","ping_status":"closed","sticky":false,"template":"","format":"standard","meta":{"content-type":"","_sitemap_exclude":false,"_sitemap_priority":"","_sitemap_frequency":"","footnotes":""},"categories":[18],"tags":[],"class_list":["post-38075","post","type-post","status-publish","format-standard","has-post-thumbnail","hentry","category-unkategorisiert"],"yoast_head":"<!-- This site is optimized with the Yoast SEO plugin v27.4 - https:\/\/yoast.com\/product\/yoast-seo-wordpress\/ -->\n<title>Fuster &amp; Associates er\u00f6ffnet seine erste Niederlassung in der Stadt Valencia und die vierte in der Region - Fuster &amp; Associates<\/title>\n<meta name=\"robots\" content=\"index, follow, max-snippet:-1, max-image-preview:large, max-video-preview:-1\" \/>\n<link rel=\"canonical\" href=\"https:\/\/fuster-associates.com\/de\/blog\/fuster-associates-eroeffnet-seine-erste-niederlassung-in-der-stadt-valencia-und-die-vierte-in-der-region\/\" \/>\n<meta property=\"og:locale\" content=\"de_DE\" \/>\n<meta property=\"og:type\" content=\"article\" \/>\n<meta property=\"og:title\" content=\"Fuster &amp; Associates er\u00f6ffnet seine erste Niederlassung in der Stadt Valencia und die vierte in der Region - Fuster &amp; Associates\" \/>\n<meta property=\"og:description\" content=\"Fuster &amp; Associates er\u00f6ffnet seine erste Niederlassung in der Stadt Valencia und die vierte in der Region Der Immobiliensektor in der Hauptstadt des Turia durchl\u00e4uft einen beispiellosen Wandel. Valencias Etablierung als Drehscheibe f\u00fcr US-Investitionen und die zunehmende Komplexit\u00e4t des internationalen Marktes erfordern eine rechtliche L\u00f6sung, die operative Flexibilit\u00e4t mit einem kompromisslosen ethischen Engagement verbindet. Mit [&hellip;]\" \/>\n<meta property=\"og:url\" content=\"https:\/\/fuster-associates.com\/de\/blog\/fuster-associates-eroeffnet-seine-erste-niederlassung-in-der-stadt-valencia-und-die-vierte-in-der-region\/\" \/>\n<meta property=\"og:site_name\" content=\"Fuster &amp; Associates\" \/>\n<meta property=\"article:publisher\" content=\"https:\/\/www.facebook.com\/fusterspain\/\" \/>\n<meta property=\"article:published_time\" content=\"2026-04-27T08:21:52+00:00\" \/>\n<meta property=\"og:image\" content=\"https:\/\/fuster-associates.com\/wp-content\/uploads\/Oficina-Valencia.jpg\" \/>\n\t<meta property=\"og:image:width\" content=\"1200\" \/>\n\t<meta property=\"og:image:height\" content=\"800\" \/>\n\t<meta property=\"og:image:type\" content=\"image\/jpeg\" \/>\n<meta name=\"author\" content=\"Miguel\" \/>\n<meta name=\"twitter:card\" content=\"summary_large_image\" \/>\n<meta name=\"twitter:creator\" content=\"@FusterSpain\" \/>\n<meta name=\"twitter:site\" content=\"@FusterSpain\" \/>\n<meta name=\"twitter:label1\" content=\"Verfasst von\" \/>\n\t<meta name=\"twitter:data1\" content=\"Miguel\" \/>\n\t<meta name=\"twitter:label2\" content=\"Gesch\u00e4tzte Lesezeit\" \/>\n\t<meta name=\"twitter:data2\" content=\"6\u00a0Minuten\" \/>\n<script type=\"application\/ld+json\" class=\"yoast-schema-graph\">{\"@context\":\"https:\\\/\\\/schema.org\",\"@graph\":[{\"@type\":\"Article\",\"@id\":\"https:\\\/\\\/fuster-associates.com\\\/de\\\/blog\\\/fuster-associates-eroeffnet-seine-erste-niederlassung-in-der-stadt-valencia-und-die-vierte-in-der-region\\\/#article\",\"isPartOf\":{\"@id\":\"https:\\\/\\\/fuster-associates.com\\\/de\\\/blog\\\/fuster-associates-eroeffnet-seine-erste-niederlassung-in-der-stadt-valencia-und-die-vierte-in-der-region\\\/\"},\"author\":{\"name\":\"Miguel\",\"@id\":\"https:\\\/\\\/fuster-associates.com\\\/de\\\/#\\\/schema\\\/person\\\/272425e5a87006c908425c14ca37566b\"},\"headline\":\"Fuster &#038; Associates er\u00f6ffnet seine erste Niederlassung in der Stadt Valencia und die vierte in der Region\",\"datePublished\":\"2026-04-27T08:21:52+00:00\",\"mainEntityOfPage\":{\"@id\":\"https:\\\/\\\/fuster-associates.com\\\/de\\\/blog\\\/fuster-associates-eroeffnet-seine-erste-niederlassung-in-der-stadt-valencia-und-die-vierte-in-der-region\\\/\"},\"wordCount\":1365,\"publisher\":{\"@id\":\"https:\\\/\\\/fuster-associates.com\\\/de\\\/#organization\"},\"image\":{\"@id\":\"https:\\\/\\\/fuster-associates.com\\\/de\\\/blog\\\/fuster-associates-eroeffnet-seine-erste-niederlassung-in-der-stadt-valencia-und-die-vierte-in-der-region\\\/#primaryimage\"},\"thumbnailUrl\":\"https:\\\/\\\/fuster-associates.com\\\/wp-content\\\/uploads\\\/Oficina-Valencia.jpg\",\"articleSection\":[\"Fuster &amp; Associates\"],\"inLanguage\":\"de\"},{\"@type\":\"WebPage\",\"@id\":\"https:\\\/\\\/fuster-associates.com\\\/de\\\/blog\\\/fuster-associates-eroeffnet-seine-erste-niederlassung-in-der-stadt-valencia-und-die-vierte-in-der-region\\\/\",\"url\":\"https:\\\/\\\/fuster-associates.com\\\/de\\\/blog\\\/fuster-associates-eroeffnet-seine-erste-niederlassung-in-der-stadt-valencia-und-die-vierte-in-der-region\\\/\",\"name\":\"Fuster & Associates er\u00f6ffnet seine erste Niederlassung in der Stadt Valencia und die vierte in der Region - Fuster &amp; Associates\",\"isPartOf\":{\"@id\":\"https:\\\/\\\/fuster-associates.com\\\/de\\\/#website\"},\"primaryImageOfPage\":{\"@id\":\"https:\\\/\\\/fuster-associates.com\\\/de\\\/blog\\\/fuster-associates-eroeffnet-seine-erste-niederlassung-in-der-stadt-valencia-und-die-vierte-in-der-region\\\/#primaryimage\"},\"image\":{\"@id\":\"https:\\\/\\\/fuster-associates.com\\\/de\\\/blog\\\/fuster-associates-eroeffnet-seine-erste-niederlassung-in-der-stadt-valencia-und-die-vierte-in-der-region\\\/#primaryimage\"},\"thumbnailUrl\":\"https:\\\/\\\/fuster-associates.com\\\/wp-content\\\/uploads\\\/Oficina-Valencia.jpg\",\"datePublished\":\"2026-04-27T08:21:52+00:00\",\"breadcrumb\":{\"@id\":\"https:\\\/\\\/fuster-associates.com\\\/de\\\/blog\\\/fuster-associates-eroeffnet-seine-erste-niederlassung-in-der-stadt-valencia-und-die-vierte-in-der-region\\\/#breadcrumb\"},\"inLanguage\":\"de\",\"potentialAction\":[{\"@type\":\"ReadAction\",\"target\":[\"https:\\\/\\\/fuster-associates.com\\\/de\\\/blog\\\/fuster-associates-eroeffnet-seine-erste-niederlassung-in-der-stadt-valencia-und-die-vierte-in-der-region\\\/\"]}]},{\"@type\":\"ImageObject\",\"inLanguage\":\"de\",\"@id\":\"https:\\\/\\\/fuster-associates.com\\\/de\\\/blog\\\/fuster-associates-eroeffnet-seine-erste-niederlassung-in-der-stadt-valencia-und-die-vierte-in-der-region\\\/#primaryimage\",\"url\":\"https:\\\/\\\/fuster-associates.com\\\/wp-content\\\/uploads\\\/Oficina-Valencia.jpg\",\"contentUrl\":\"https:\\\/\\\/fuster-associates.com\\\/wp-content\\\/uploads\\\/Oficina-Valencia.jpg\",\"width\":1200,\"height\":800,\"caption\":\"Fachada en la calle Cirilo Amor\u00f3s de Val\u00e8ncia.\"},{\"@type\":\"BreadcrumbList\",\"@id\":\"https:\\\/\\\/fuster-associates.com\\\/de\\\/blog\\\/fuster-associates-eroeffnet-seine-erste-niederlassung-in-der-stadt-valencia-und-die-vierte-in-der-region\\\/#breadcrumb\",\"itemListElement\":[{\"@type\":\"ListItem\",\"position\":1,\"name\":\"Home\",\"item\":\"https:\\\/\\\/fuster-associates.com\\\/de\\\/\"},{\"@type\":\"ListItem\",\"position\":2,\"name\":\"Fuster &#038; Associates er\u00f6ffnet seine erste Niederlassung in der Stadt Valencia und die vierte in der Region\"}]},{\"@type\":\"WebSite\",\"@id\":\"https:\\\/\\\/fuster-associates.com\\\/de\\\/#website\",\"url\":\"https:\\\/\\\/fuster-associates.com\\\/de\\\/\",\"name\":\"Fuster & Associates\",\"description\":\"Property Solicitors\",\"publisher\":{\"@id\":\"https:\\\/\\\/fuster-associates.com\\\/de\\\/#organization\"},\"potentialAction\":[{\"@type\":\"SearchAction\",\"target\":{\"@type\":\"EntryPoint\",\"urlTemplate\":\"https:\\\/\\\/fuster-associates.com\\\/de\\\/?s={search_term_string}\"},\"query-input\":{\"@type\":\"PropertyValueSpecification\",\"valueRequired\":true,\"valueName\":\"search_term_string\"}}],\"inLanguage\":\"de\"},{\"@type\":\"Organization\",\"@id\":\"https:\\\/\\\/fuster-associates.com\\\/de\\\/#organization\",\"name\":\"FUSTER & ASSOCIATES\",\"url\":\"https:\\\/\\\/fuster-associates.com\\\/de\\\/\",\"logo\":{\"@type\":\"ImageObject\",\"inLanguage\":\"de\",\"@id\":\"https:\\\/\\\/fuster-associates.com\\\/de\\\/#\\\/schema\\\/logo\\\/image\\\/\",\"url\":\"https:\\\/\\\/fuster-associates.com\\\/wp-content\\\/uploads\\\/2018\\\/08\\\/logo-fuster-1.jpeg\",\"contentUrl\":\"https:\\\/\\\/fuster-associates.com\\\/wp-content\\\/uploads\\\/2018\\\/08\\\/logo-fuster-1.jpeg\",\"width\":180,\"height\":113,\"caption\":\"FUSTER & ASSOCIATES\"},\"image\":{\"@id\":\"https:\\\/\\\/fuster-associates.com\\\/de\\\/#\\\/schema\\\/logo\\\/image\\\/\"},\"sameAs\":[\"https:\\\/\\\/www.facebook.com\\\/fusterspain\\\/\",\"https:\\\/\\\/x.com\\\/FusterSpain\",\"https:\\\/\\\/www.youtube.com\\\/channel\\\/UC2-kNuL1SoqlFizI47hmIOQ\",\"https:\\\/\\\/www.linkedin.com\\\/company\\\/fuster-&-associates\\\/\"]},{\"@type\":\"Person\",\"@id\":\"https:\\\/\\\/fuster-associates.com\\\/de\\\/#\\\/schema\\\/person\\\/272425e5a87006c908425c14ca37566b\",\"name\":\"Miguel\",\"image\":{\"@type\":\"ImageObject\",\"inLanguage\":\"de\",\"@id\":\"https:\\\/\\\/secure.gravatar.com\\\/avatar\\\/a11dac23828920784fa4764ecd64431ce7385ae8a33ed03528bcafd35c83ebbd?s=96&d=mm&r=g\",\"url\":\"https:\\\/\\\/secure.gravatar.com\\\/avatar\\\/a11dac23828920784fa4764ecd64431ce7385ae8a33ed03528bcafd35c83ebbd?s=96&d=mm&r=g\",\"contentUrl\":\"https:\\\/\\\/secure.gravatar.com\\\/avatar\\\/a11dac23828920784fa4764ecd64431ce7385ae8a33ed03528bcafd35c83ebbd?s=96&d=mm&r=g\",\"caption\":\"Miguel\"}}]}<\/script>\n<!-- \/ Yoast SEO plugin. -->","yoast_head_json":{"title":"Fuster & Associates er\u00f6ffnet seine erste Niederlassung in der Stadt Valencia und die vierte in der Region - Fuster &amp; Associates","robots":{"index":"index","follow":"follow","max-snippet":"max-snippet:-1","max-image-preview":"max-image-preview:large","max-video-preview":"max-video-preview:-1"},"canonical":"https:\/\/fuster-associates.com\/de\/blog\/fuster-associates-eroeffnet-seine-erste-niederlassung-in-der-stadt-valencia-und-die-vierte-in-der-region\/","og_locale":"de_DE","og_type":"article","og_title":"Fuster & Associates er\u00f6ffnet seine erste Niederlassung in der Stadt Valencia und die vierte in der Region - Fuster &amp; Associates","og_description":"Fuster &amp; Associates er\u00f6ffnet seine erste Niederlassung in der Stadt Valencia und die vierte in der Region Der Immobiliensektor in der Hauptstadt des Turia durchl\u00e4uft einen beispiellosen Wandel. Valencias Etablierung als Drehscheibe f\u00fcr US-Investitionen und die zunehmende Komplexit\u00e4t des internationalen Marktes erfordern eine rechtliche L\u00f6sung, die operative Flexibilit\u00e4t mit einem kompromisslosen ethischen Engagement verbindet. Mit [&hellip;]","og_url":"https:\/\/fuster-associates.com\/de\/blog\/fuster-associates-eroeffnet-seine-erste-niederlassung-in-der-stadt-valencia-und-die-vierte-in-der-region\/","og_site_name":"Fuster &amp; Associates","article_publisher":"https:\/\/www.facebook.com\/fusterspain\/","article_published_time":"2026-04-27T08:21:52+00:00","og_image":[{"width":1200,"height":800,"url":"https:\/\/fuster-associates.com\/wp-content\/uploads\/Oficina-Valencia.jpg","type":"image\/jpeg"}],"author":"Miguel","twitter_card":"summary_large_image","twitter_creator":"@FusterSpain","twitter_site":"@FusterSpain","twitter_misc":{"Verfasst von":"Miguel","Gesch\u00e4tzte Lesezeit":"6\u00a0Minuten"},"schema":{"@context":"https:\/\/schema.org","@graph":[{"@type":"Article","@id":"https:\/\/fuster-associates.com\/de\/blog\/fuster-associates-eroeffnet-seine-erste-niederlassung-in-der-stadt-valencia-und-die-vierte-in-der-region\/#article","isPartOf":{"@id":"https:\/\/fuster-associates.com\/de\/blog\/fuster-associates-eroeffnet-seine-erste-niederlassung-in-der-stadt-valencia-und-die-vierte-in-der-region\/"},"author":{"name":"Miguel","@id":"https:\/\/fuster-associates.com\/de\/#\/schema\/person\/272425e5a87006c908425c14ca37566b"},"headline":"Fuster &#038; Associates er\u00f6ffnet seine erste Niederlassung in der Stadt Valencia und die vierte in der Region","datePublished":"2026-04-27T08:21:52+00:00","mainEntityOfPage":{"@id":"https:\/\/fuster-associates.com\/de\/blog\/fuster-associates-eroeffnet-seine-erste-niederlassung-in-der-stadt-valencia-und-die-vierte-in-der-region\/"},"wordCount":1365,"publisher":{"@id":"https:\/\/fuster-associates.com\/de\/#organization"},"image":{"@id":"https:\/\/fuster-associates.com\/de\/blog\/fuster-associates-eroeffnet-seine-erste-niederlassung-in-der-stadt-valencia-und-die-vierte-in-der-region\/#primaryimage"},"thumbnailUrl":"https:\/\/fuster-associates.com\/wp-content\/uploads\/Oficina-Valencia.jpg","articleSection":["Fuster &amp; Associates"],"inLanguage":"de"},{"@type":"WebPage","@id":"https:\/\/fuster-associates.com\/de\/blog\/fuster-associates-eroeffnet-seine-erste-niederlassung-in-der-stadt-valencia-und-die-vierte-in-der-region\/","url":"https:\/\/fuster-associates.com\/de\/blog\/fuster-associates-eroeffnet-seine-erste-niederlassung-in-der-stadt-valencia-und-die-vierte-in-der-region\/","name":"Fuster & Associates er\u00f6ffnet seine erste Niederlassung in der Stadt Valencia und die vierte in der Region - Fuster &amp; Associates","isPartOf":{"@id":"https:\/\/fuster-associates.com\/de\/#website"},"primaryImageOfPage":{"@id":"https:\/\/fuster-associates.com\/de\/blog\/fuster-associates-eroeffnet-seine-erste-niederlassung-in-der-stadt-valencia-und-die-vierte-in-der-region\/#primaryimage"},"image":{"@id":"https:\/\/fuster-associates.com\/de\/blog\/fuster-associates-eroeffnet-seine-erste-niederlassung-in-der-stadt-valencia-und-die-vierte-in-der-region\/#primaryimage"},"thumbnailUrl":"https:\/\/fuster-associates.com\/wp-content\/uploads\/Oficina-Valencia.jpg","datePublished":"2026-04-27T08:21:52+00:00","breadcrumb":{"@id":"https:\/\/fuster-associates.com\/de\/blog\/fuster-associates-eroeffnet-seine-erste-niederlassung-in-der-stadt-valencia-und-die-vierte-in-der-region\/#breadcrumb"},"inLanguage":"de","potentialAction":[{"@type":"ReadAction","target":["https:\/\/fuster-associates.com\/de\/blog\/fuster-associates-eroeffnet-seine-erste-niederlassung-in-der-stadt-valencia-und-die-vierte-in-der-region\/"]}]},{"@type":"ImageObject","inLanguage":"de","@id":"https:\/\/fuster-associates.com\/de\/blog\/fuster-associates-eroeffnet-seine-erste-niederlassung-in-der-stadt-valencia-und-die-vierte-in-der-region\/#primaryimage","url":"https:\/\/fuster-associates.com\/wp-content\/uploads\/Oficina-Valencia.jpg","contentUrl":"https:\/\/fuster-associates.com\/wp-content\/uploads\/Oficina-Valencia.jpg","width":1200,"height":800,"caption":"Fachada en la calle Cirilo Amor\u00f3s de Val\u00e8ncia."},{"@type":"BreadcrumbList","@id":"https:\/\/fuster-associates.com\/de\/blog\/fuster-associates-eroeffnet-seine-erste-niederlassung-in-der-stadt-valencia-und-die-vierte-in-der-region\/#breadcrumb","itemListElement":[{"@type":"ListItem","position":1,"name":"Home","item":"https:\/\/fuster-associates.com\/de\/"},{"@type":"ListItem","position":2,"name":"Fuster &#038; Associates er\u00f6ffnet seine erste Niederlassung in der Stadt Valencia und die vierte in der Region"}]},{"@type":"WebSite","@id":"https:\/\/fuster-associates.com\/de\/#website","url":"https:\/\/fuster-associates.com\/de\/","name":"Fuster & Associates","description":"Property Solicitors","publisher":{"@id":"https:\/\/fuster-associates.com\/de\/#organization"},"potentialAction":[{"@type":"SearchAction","target":{"@type":"EntryPoint","urlTemplate":"https:\/\/fuster-associates.com\/de\/?s={search_term_string}"},"query-input":{"@type":"PropertyValueSpecification","valueRequired":true,"valueName":"search_term_string"}}],"inLanguage":"de"},{"@type":"Organization","@id":"https:\/\/fuster-associates.com\/de\/#organization","name":"FUSTER & ASSOCIATES","url":"https:\/\/fuster-associates.com\/de\/","logo":{"@type":"ImageObject","inLanguage":"de","@id":"https:\/\/fuster-associates.com\/de\/#\/schema\/logo\/image\/","url":"https:\/\/fuster-associates.com\/wp-content\/uploads\/2018\/08\/logo-fuster-1.jpeg","contentUrl":"https:\/\/fuster-associates.com\/wp-content\/uploads\/2018\/08\/logo-fuster-1.jpeg","width":180,"height":113,"caption":"FUSTER & ASSOCIATES"},"image":{"@id":"https:\/\/fuster-associates.com\/de\/#\/schema\/logo\/image\/"},"sameAs":["https:\/\/www.facebook.com\/fusterspain\/","https:\/\/x.com\/FusterSpain","https:\/\/www.youtube.com\/channel\/UC2-kNuL1SoqlFizI47hmIOQ","https:\/\/www.linkedin.com\/company\/fuster-&-associates\/"]},{"@type":"Person","@id":"https:\/\/fuster-associates.com\/de\/#\/schema\/person\/272425e5a87006c908425c14ca37566b","name":"Miguel","image":{"@type":"ImageObject","inLanguage":"de","@id":"https:\/\/secure.gravatar.com\/avatar\/a11dac23828920784fa4764ecd64431ce7385ae8a33ed03528bcafd35c83ebbd?s=96&d=mm&r=g","url":"https:\/\/secure.gravatar.com\/avatar\/a11dac23828920784fa4764ecd64431ce7385ae8a33ed03528bcafd35c83ebbd?s=96&d=mm&r=g","contentUrl":"https:\/\/secure.gravatar.com\/avatar\/a11dac23828920784fa4764ecd64431ce7385ae8a33ed03528bcafd35c83ebbd?s=96&d=mm&r=g","caption":"Miguel"}}]}},"_links":{"self":[{"href":"https:\/\/fuster-associates.com\/de\/wp-json\/wp\/v2\/posts\/38075","targetHints":{"allow":["GET"]}}],"collection":[{"href":"https:\/\/fuster-associates.com\/de\/wp-json\/wp\/v2\/posts"}],"about":[{"href":"https:\/\/fuster-associates.com\/de\/wp-json\/wp\/v2\/types\/post"}],"author":[{"embeddable":true,"href":"https:\/\/fuster-associates.com\/de\/wp-json\/wp\/v2\/users\/7"}],"replies":[{"embeddable":true,"href":"https:\/\/fuster-associates.com\/de\/wp-json\/wp\/v2\/comments?post=38075"}],"version-history":[{"count":1,"href":"https:\/\/fuster-associates.com\/de\/wp-json\/wp\/v2\/posts\/38075\/revisions"}],"predecessor-version":[{"id":38076,"href":"https:\/\/fuster-associates.com\/de\/wp-json\/wp\/v2\/posts\/38075\/revisions\/38076"}],"wp:featuredmedia":[{"embeddable":true,"href":"https:\/\/fuster-associates.com\/de\/wp-json\/wp\/v2\/media\/38074"}],"wp:attachment":[{"href":"https:\/\/fuster-associates.com\/de\/wp-json\/wp\/v2\/media?parent=38075"}],"wp:term":[{"taxonomy":"category","embeddable":true,"href":"https:\/\/fuster-associates.com\/de\/wp-json\/wp\/v2\/categories?post=38075"},{"taxonomy":"post_tag","embeddable":true,"href":"https:\/\/fuster-associates.com\/de\/wp-json\/wp\/v2\/tags?post=38075"}],"curies":[{"name":"wp","href":"https:\/\/api.w.org\/{rel}","templated":true}]}}