{"id":37937,"date":"2026-04-22T09:03:20","date_gmt":"2026-04-22T07:03:20","guid":{"rendered":"https:\/\/fuster-associates.com\/?p=37937"},"modified":"2026-04-27T09:07:08","modified_gmt":"2026-04-27T07:07:08","slug":"engagement-fuer-syrien-fuster-associates-und-der-weg-zum-wiederaufbau-von-wohnraum","status":"publish","type":"post","link":"https:\/\/fuster-associates.com\/de\/blog\/engagement-fuer-syrien-fuster-associates-und-der-weg-zum-wiederaufbau-von-wohnraum\/","title":{"rendered":"Engagement f\u00fcr Syrien: Fuster &#038; Associates und der Weg zum Wiederaufbau von Wohnraum."},"content":{"rendered":"<p>Bei <b>Fuster &amp; Associates<\/b> sind wir uns bewusst, dass unsere Verantwortung als Anwaltskanzlei \u00fcber die Grenzen unserer t\u00e4glichen beruflichen Praxis hinausgeht. Wir glauben an <b>globale Gerechtigkeit<\/b>, die die W\u00fcrde der Schw\u00e4chsten sch\u00fctzt. Deshalb pflegen wir eine strategische Partnerschaft mit <b>UNHCR<\/b> und arbeiten gemeinsam an Projekten, die denjenigen, die alles verloren haben, neue Hoffnung geben.<\/p>\n<p>In diesem Artikel beschreiben wir die Auswirkungen unserer Zusammenarbeit in Syrien im vergangenen Jahr und die neuen humanit\u00e4ren Herausforderungen, denen wir uns 2026 stellen m\u00fcssen.<\/p>\n<h3><b>2025: Das Jahr der Hoffnung und der freiwilligen R\u00fcckkehr<\/b><\/h3>\n<p>Nach vierzehn Jahren eines Konflikts, der die weltweit gr\u00f6\u00dfte Vertreibungskrise ausgel\u00f6st hatte, er\u00f6ffnete der Sturz des Assad-Regimes Ende 2024 eine au\u00dfergew\u00f6hnliche Chance f\u00fcr den Frieden. <b>2025 etablierte sich als das Jahr der R\u00fcckkehr<\/b>, in dem Millionen Syrer endlich ihren Traum von der R\u00fcckkehr in die Heimat verwirklichen konnten.<\/p>\n<p>&nbsp;<\/p>\n<figure id=\"attachment_37884\" aria-describedby=\"caption-attachment-37884\" style=\"width: 800px\" class=\"wp-caption alignnone\"><img fetchpriority=\"high\" decoding=\"async\" class=\"wp-image-37884 size-large\" src=\"https:\/\/fuster-associates.com\/wp-content\/uploads\/Mapa-de-siria-ACNUR-e1776419757853-1024x847.png\" alt=\"Karte von Syrien mit der Anzahl der R\u00fcckkehrer nach Provinzen\" width=\"800\" height=\"662\" srcset=\"https:\/\/fuster-associates.com\/wp-content\/uploads\/Mapa-de-siria-ACNUR-e1776419757853-1024x847.png 1024w, https:\/\/fuster-associates.com\/wp-content\/uploads\/Mapa-de-siria-ACNUR-e1776419757853-300x248.png 300w, https:\/\/fuster-associates.com\/wp-content\/uploads\/Mapa-de-siria-ACNUR-e1776419757853-768x635.png 768w, https:\/\/fuster-associates.com\/wp-content\/uploads\/Mapa-de-siria-ACNUR-e1776419757853-610x504.png 610w, https:\/\/fuster-associates.com\/wp-content\/uploads\/Mapa-de-siria-ACNUR-e1776419757853-600x496.png 600w, https:\/\/fuster-associates.com\/wp-content\/uploads\/Mapa-de-siria-ACNUR-e1776419757853.png 1306w\" sizes=\"(max-width: 800px) 100vw, 800px\" \/><figcaption id=\"caption-attachment-37884\" class=\"wp-caption-text\"><em>Karte von Syrien mit der Anzahl der R\u00fcckkehrer nach Provinzen<\/em><\/figcaption><\/figure>\n<p>&nbsp;<\/p>\n<p>Die Zahlen f\u00fcr diesen Zeitraum sind beeindruckend:<\/p>\n<ul>\n<li>Mehr als <b>1,3 Millionen Menschen kehrten aus den Aufnahmel\u00e4ndern<\/b> zur\u00fcck, vor allem aus der T\u00fcrkei (577.313) und dem Libanon (491.716).<\/li>\n<li>Etwa <b>2 Millionen Binnenvertriebene<\/b> kehrten an ihre Herkunftsorte innerhalb Syriens zur\u00fcck.<\/li>\n<li>Das Profil der R\u00fcckkehrer ist vielf\u00e4ltig: <b>52 % sind Frauen<\/b> und <b>48 % sind M\u00e4nner<\/b>, darunter 10 % Kinder unter 4 Jahren, die ihr Herkunftsland zum ersten Mal sehen.<\/li>\n<\/ul>\n<div class=\"visualizer-front-container\" id=\"chart_wrapper_visualizer-37885-535868758\"><style type=\"text\/css\" name=\"visualizer-custom-css\" id=\"customcss-visualizer-37885\">.locker,.locker-loader{position:absolute;top:0;left:0;width:100%;height:100%}.locker{z-index:1000;opacity:.8;background-color:#fff;-ms-filter:\"progid:DXImageTransform.Microsoft.Alpha(Opacity=80)\";filter:alpha(opacity=80)}.locker-loader{z-index:1001;background:url(https:\/\/fuster-associates.com\/wp-content\/plugins\/visualizer\/images\/ajax-loader.gif) no-repeat center center}.dt-button{display:none!important}.visualizer-front-container.visualizer-lazy-render{content-visibility: auto;}.google-visualization-controls-categoryfilter label.google-visualization-controls-label {vertical-align: middle;}.google-visualization-controls-categoryfilter li.goog-inline-block {margin: 0 0.2em;}.google-visualization-controls-categoryfilter li {padding: 0 0.2em;}.visualizer-front-container .dataTables_scrollHeadInner{margin: 0 auto;}<\/style><div id=\"visualizer-37885-535868758\" class=\"visualizer-front  visualizer-front-37885\"><\/div><!-- Not showing structured data for chart 37885 because title is empty --><\/div>\n<figure id=\"attachment_37888\" aria-describedby=\"caption-attachment-37888\" style=\"width: 630px\" class=\"wp-caption alignnone\"><img decoding=\"async\" class=\"size-full wp-image-37888\" src=\"https:\/\/fuster-associates.com\/wp-content\/uploads\/Age-and-Gender-breakdown.-Source-ACNUR.jpeg\" alt=\"Aufschl\u00fcsselung nach Alter und Geschlecht. Quelle: UNHCR\" width=\"630\" height=\"213\" srcset=\"https:\/\/fuster-associates.com\/wp-content\/uploads\/Age-and-Gender-breakdown.-Source-ACNUR.jpeg 630w, https:\/\/fuster-associates.com\/wp-content\/uploads\/Age-and-Gender-breakdown.-Source-ACNUR-300x101.jpeg 300w, https:\/\/fuster-associates.com\/wp-content\/uploads\/Age-and-Gender-breakdown.-Source-ACNUR-610x206.jpeg 610w, https:\/\/fuster-associates.com\/wp-content\/uploads\/Age-and-Gender-breakdown.-Source-ACNUR-600x203.jpeg 600w\" sizes=\"(max-width: 630px) 100vw, 630px\" \/><figcaption id=\"caption-attachment-37888\" class=\"wp-caption-text\"><em>Aufschl\u00fcsselung nach Alter und Geschlecht. Quelle: \u00a9<a href=\"https:\/\/www.acnur.org\/es-es\/\">UNHCR<\/a><\/em><\/figcaption><\/figure>\n<p>&nbsp;<\/p>\n<h3><b>Rechtliche und humanit\u00e4re Herausforderungen bei der Wiedereingliederung<\/b><\/h3>\n<p>Der Wunsch nach R\u00fcckkehr bedeutet nicht immer, dass dies sofort m\u00f6glich ist. Familien stehen vor strukturellen Hindernissen: zerst\u00f6rte H\u00e4user, fehlende Arbeitspl\u00e4tze und eine nach wie vor prek\u00e4re Sicherheitslage. In dieser Phase ist die Arbeit des UNHCR von entscheidender Bedeutung, um sicherzustellen, dass die R\u00fcckkehr <b>freiwillig, sicher und in W\u00fcrde<\/b> erfolgt.<\/p>\n<p>Bei <b>Fuster &amp; Associates<\/b> legen wir besonderen Wert auf die Unterst\u00fctzung von R\u00fcckkehrern in Bezug auf <b>Zivildokumente und Rechtsbeistand<\/b>, ein unverzichtbares rechtliches Instrument zur R\u00fcckgewinnung ihrer Rechte und ihres Eigentums.<\/p>\n<figure id=\"attachment_37933\" aria-describedby=\"caption-attachment-37933\" style=\"width: 800px\" class=\"wp-caption alignnone\"><img decoding=\"async\" class=\"size-large wp-image-37933\" src=\"https:\/\/fuster-associates.com\/wp-content\/uploads\/Kits-de-ayuda-1024x682.jpg\" alt=\"Distribution of winter kits to returning families in the governorates of Hama and Homs. \u00a9 UNHCR\/A. AlKady\" width=\"800\" height=\"533\" \/><figcaption id=\"caption-attachment-37933\" class=\"wp-caption-text\">Verteilung von Winterpaketen an zur\u00fcckkehrende Familien in den Provinzen Hama und Homs. \u00a9 UNHCR\/A. AlKady<\/figcaption><\/figure>\n<h3><b>Umfassende Ma\u00dfnahmen des UNHCR vor Ort<\/b><\/h3>\n<p>Um eine nachhaltige Wiedereingliederung zu gew\u00e4hrleisten, gliedert sich die Intervention in sechs Schl\u00fcsselbereiche, in denen das UNHCR im Laufe des Jahres 2025 intensiv gearbeitet hat:<\/p>\n<ol>\n<li><b>Schutz:<\/b> Ein Netzwerk aus 71 Gemeindezentren und \u00fcber 1.500 Freiwilligen bietet psychosoziale Unterst\u00fctzung und Pr\u00e4vention gegen geschlechtsspezifische Gewalt.<\/li>\n<li><b>Sicherer Transport:<\/b> Der Transfer von 31.000 Menschen von den Grenz\u00fcberg\u00e4ngen zu ihren endg\u00fcltigen Zielorten wurde erm\u00f6glicht.<\/li>\n<li><b>Notfallartikel:<\/b> Verteilung von Notfallpaketen (Decken, Matratzen, Solarlampen) an \u00fcber 1,2 Millionen Menschen.<\/li>\n<li><b>Unterk\u00fcnfte:<\/b> Reparatur von \u00fcber 4.600 besch\u00e4digten H\u00e4usern, Wiederherstellung von Stromversorgungssystemen, W\u00e4nden und D\u00e4chern.<\/li>\n<li><b>Existenzsicherung:<\/b> Unterst\u00fctzung f\u00fcr \u00fcber 2.200 Kleinunternehmen, um Familien zu helfen, sich selbst zu versorgen.<\/li>\n<li><b>Bargeldhilfe:<\/b> Direkte Hilfe, um \u00fcber 36.000 Familien bei der Deckung ihrer dringendsten Bed\u00fcrfnisse nach ihrer Ankunft zu unterst\u00fctzen.<\/li>\n<\/ol>\n<p>&nbsp;<\/p>\n<figure id=\"attachment_37889\" aria-describedby=\"caption-attachment-37889\" style=\"width: 800px\" class=\"wp-caption alignnone\"><img loading=\"lazy\" decoding=\"async\" class=\"wp-image-37889 size-large\" src=\"https:\/\/fuster-associates.com\/wp-content\/uploads\/Syria-is-Home-1024x576.png\" alt=\" Diese Plattform verzeichnete 92.000 Besuche von Fl\u00fcchtlingen, die nach verl\u00e4sslichen Informationen \u00fcber ihre Rechte bei der R\u00fcckkehr suchten.\" width=\"800\" height=\"450\" srcset=\"https:\/\/fuster-associates.com\/wp-content\/uploads\/Syria-is-Home-1024x576.png 1024w, https:\/\/fuster-associates.com\/wp-content\/uploads\/Syria-is-Home-300x169.png 300w, https:\/\/fuster-associates.com\/wp-content\/uploads\/Syria-is-Home-768x432.png 768w, https:\/\/fuster-associates.com\/wp-content\/uploads\/Syria-is-Home-1536x864.png 1536w, https:\/\/fuster-associates.com\/wp-content\/uploads\/Syria-is-Home-610x343.png 610w, https:\/\/fuster-associates.com\/wp-content\/uploads\/Syria-is-Home-600x338.png 600w, https:\/\/fuster-associates.com\/wp-content\/uploads\/Syria-is-Home.png 1920w\" sizes=\"(max-width: 800px) 100vw, 800px\" \/><figcaption id=\"caption-attachment-37889\" class=\"wp-caption-text\"><em>Diese Plattform verzeichnete 92.000 Besuche von Fl\u00fcchtlingen, die nach verl\u00e4sslichen Informationen \u00fcber ihre Rechte bei der R\u00fcckkehr suchten.<\/em><\/figcaption><\/figure>\n<p>&nbsp;<\/p>\n<h3><b>Die tats\u00e4chliche Wirkung des Beitrags von Fuster &amp; Associates<\/b><\/h3>\n<p>Bei <b>Fuster &amp; Associates<\/b> sind wir stolz darauf, dass unser Beitrag in H\u00f6he von <b>25.000 \u20ac<\/b> eine direkte und sp\u00fcrbare Wirkung gezeigt hat.<\/p>\n<p>Dank dieser Spende hat sich das Leben von <b>225 Menschen<\/b> grundlegend ver\u00e4ndert:<\/p>\n<ul>\n<li><b>Bereitstellung von Grundausstattungs-Sets f\u00fcr 37 Familien<\/b> (185 Personen), damit diese die ersten Tage nach ihrer R\u00fcckkehr in W\u00fcrde bew\u00e4ltigen k\u00f6nnen (9.233 \u20ac).<\/li>\n<li><b>Reparatur von 8 sicheren Unterk\u00fcnften<\/b> f\u00fcr vertriebene und zur\u00fcckkehrende Haushalte, wodurch 40 Menschen ein sicheres Dach \u00fcber dem Kopf erhalten haben (14.143 \u20ac).<\/li>\n<\/ul>\n<p>&nbsp;<\/p>\n<h3><b>2026: Eine neue Notsituation, die unsere Aufmerksamkeit erfordert<\/b><\/h3>\n<p>Trotz der erzielten Fortschritte hat das Jahr 2026 neue Herausforderungen mit sich gebracht. Die Eskalation des Konflikts im Libanon hat allein im M\u00e4rz mehr als <b>200.000 Menschen dazu gezwungen, die Grenze nach Syrien<\/b> zu \u00fcberqueren. Diese Menschen kommen ersch\u00f6pft, traumatisiert und ohne Hab und Gut in einem Land an, in dem bereits 90 % der Bev\u00f6lkerung in Armut leben.<\/p>\n<p>Derzeit verf\u00fcgt die humanit\u00e4re Hilfsaktion in Syrien <b>\u00fcber weniger als 30 % der erforderlichen Mittel<\/b>. Deshalb ist die fortgesetzte Unterst\u00fctzung durch Unternehmen wie das unsere wichtiger denn je, um K\u00fcrzungen bei grundlegenden Schutzma\u00dfnahmen zu verhindern.<\/p>\n<figure id=\"attachment_37935\" aria-describedby=\"caption-attachment-37935\" style=\"width: 712px\" class=\"wp-caption alignnone\"><img loading=\"lazy\" decoding=\"async\" class=\"size-full wp-image-37935\" src=\"https:\/\/fuster-associates.com\/wp-content\/uploads\/Siria-Autobuses.jpg\" alt=\"The UNHCR team is supporting a convoy of 13 buses carrying Syrian refugees returning from Lebanon via the Arida border crossing, ensuring coordination and assistance throughout the journey. The returnees headed for the governorates of Idlib and Homs. \u00a9 UNHCR\/E. Kabba\" width=\"712\" height=\"474\" \/><figcaption id=\"caption-attachment-37935\" class=\"wp-caption-text\">Das UNHCR-Team unterst\u00fctzt einen Konvoi aus 13 Bussen, die syrische Fl\u00fcchtlinge bef\u00f6rdern, die \u00fcber den Grenz\u00fcbergang Arida aus dem Libanon zur\u00fcckkehren, und sorgt w\u00e4hrend der gesamten Reise f\u00fcr Koordination und Hilfe. Die R\u00fcckkehrer sind auf dem Weg in die Provinzen Idlib und Homs. \u00a9 UNHCR\/E. Kabba<\/figcaption><\/figure>\n<h3><b>Unser Engagement geht weiter<\/b><\/h3>\n<p>Bei <b>Fuster &amp; Associates<\/b> werden wir weiterhin an der Seite des UNHCR stehen, damit jede Familie, die nach Syrien zur\u00fcckkehrt, nicht nur die Mauern eines Hauses vorfindet, sondern ein sicheres Zuhause, in dem sie ihre Zukunft neu aufbauen kann.<\/p>\n<p><b>M\u00f6chten Sie mehr \u00fcber unsere Projekte im Bereich der sozialen Verantwortung erfahren oder wissen, wie Sie sich engagieren k\u00f6nnen?<\/b><\/p>\n<p>&nbsp;<\/p>\n<div style=\"text-align: left;\"><a style=\"display: inline-block; background-color: #2f5e94; color: white; font-family: \u201aRed Hat Display\u2018,sans-serif; font-weight: bold; font-size: 15px; text-decoration: none; padding: 12px 24px; border-radius: 6px; transition: background-color 0.3s ease;\" role=\"link\" href=\"https:\/\/fuster-associates.com\/de\/kontakt\/\">Kontaktieren Sie uns noch heute<\/a><\/div>\n<p>&nbsp;<\/p>\n","protected":false},"excerpt":{"rendered":"<p>Bei Fuster &amp; Associates sind wir uns bewusst, dass unsere Verantwortung als Anwaltskanzlei \u00fcber die Grenzen unserer t\u00e4glichen beruflichen Praxis hinausgeht. Wir glauben an globale Gerechtigkeit, die die W\u00fcrde der Schw\u00e4chsten sch\u00fctzt. Deshalb pflegen wir eine strategische Partnerschaft mit UNHCR und arbeiten gemeinsam an Projekten, die denjenigen, die alles verloren haben, neue Hoffnung geben. In [&hellip;]<\/p>\n","protected":false},"author":7,"featured_media":37936,"comment_status":"closed","ping_status":"closed","sticky":false,"template":"","format":"standard","meta":{"content-type":"","_sitemap_exclude":false,"_sitemap_priority":"","_sitemap_frequency":"","footnotes":""},"categories":[18],"tags":[],"class_list":["post-37937","post","type-post","status-publish","format-standard","has-post-thumbnail","hentry","category-unkategorisiert"],"yoast_head":"<!-- This site is optimized with the Yoast SEO plugin v27.4 - https:\/\/yoast.com\/product\/yoast-seo-wordpress\/ -->\n<title>Engagement f\u00fcr Syrien: Fuster &amp; Associates und der Weg zum Wiederaufbau von Wohnraum. - Fuster &amp; Associates<\/title>\n<meta name=\"robots\" content=\"index, follow, max-snippet:-1, max-image-preview:large, max-video-preview:-1\" \/>\n<link rel=\"canonical\" href=\"https:\/\/fuster-associates.com\/de\/blog\/engagement-fuer-syrien-fuster-associates-und-der-weg-zum-wiederaufbau-von-wohnraum\/\" \/>\n<meta property=\"og:locale\" content=\"de_DE\" \/>\n<meta property=\"og:type\" content=\"article\" \/>\n<meta property=\"og:title\" content=\"Engagement f\u00fcr Syrien: Fuster &amp; Associates und der Weg zum Wiederaufbau von Wohnraum. - Fuster &amp; Associates\" \/>\n<meta property=\"og:description\" content=\"Bei Fuster &amp; Associates sind wir uns bewusst, dass unsere Verantwortung als Anwaltskanzlei \u00fcber die Grenzen unserer t\u00e4glichen beruflichen Praxis hinausgeht. Wir glauben an globale Gerechtigkeit, die die W\u00fcrde der Schw\u00e4chsten sch\u00fctzt. Deshalb pflegen wir eine strategische Partnerschaft mit UNHCR und arbeiten gemeinsam an Projekten, die denjenigen, die alles verloren haben, neue Hoffnung geben. In [&hellip;]\" \/>\n<meta property=\"og:url\" content=\"https:\/\/fuster-associates.com\/de\/blog\/engagement-fuer-syrien-fuster-associates-und-der-weg-zum-wiederaufbau-von-wohnraum\/\" \/>\n<meta property=\"og:site_name\" content=\"Fuster &amp; Associates\" \/>\n<meta property=\"article:publisher\" content=\"https:\/\/www.facebook.com\/fusterspain\/\" \/>\n<meta property=\"article:published_time\" content=\"2026-04-22T07:03:20+00:00\" \/>\n<meta property=\"article:modified_time\" content=\"2026-04-27T07:07:08+00:00\" \/>\n<meta property=\"og:image\" content=\"https:\/\/fuster-associates.com\/wp-content\/uploads\/525145744_1162074602630066_4454378808896704350_n.jpg\" \/>\n\t<meta property=\"og:image:width\" content=\"1600\" \/>\n\t<meta property=\"og:image:height\" content=\"1200\" \/>\n\t<meta property=\"og:image:type\" content=\"image\/jpeg\" \/>\n<meta name=\"author\" content=\"Miguel\" \/>\n<meta name=\"twitter:card\" content=\"summary_large_image\" \/>\n<meta name=\"twitter:creator\" content=\"@FusterSpain\" \/>\n<meta name=\"twitter:site\" content=\"@FusterSpain\" \/>\n<meta name=\"twitter:label1\" content=\"Verfasst von\" \/>\n\t<meta name=\"twitter:data1\" content=\"Miguel\" \/>\n\t<meta name=\"twitter:label2\" content=\"Gesch\u00e4tzte Lesezeit\" \/>\n\t<meta name=\"twitter:data2\" content=\"5\u00a0Minuten\" \/>\n<script type=\"application\/ld+json\" class=\"yoast-schema-graph\">{\"@context\":\"https:\\\/\\\/schema.org\",\"@graph\":[{\"@type\":\"Article\",\"@id\":\"https:\\\/\\\/fuster-associates.com\\\/de\\\/blog\\\/engagement-fuer-syrien-fuster-associates-und-der-weg-zum-wiederaufbau-von-wohnraum\\\/#article\",\"isPartOf\":{\"@id\":\"https:\\\/\\\/fuster-associates.com\\\/de\\\/blog\\\/engagement-fuer-syrien-fuster-associates-und-der-weg-zum-wiederaufbau-von-wohnraum\\\/\"},\"author\":{\"name\":\"Miguel\",\"@id\":\"https:\\\/\\\/fuster-associates.com\\\/de\\\/#\\\/schema\\\/person\\\/272425e5a87006c908425c14ca37566b\"},\"headline\":\"Engagement f\u00fcr Syrien: Fuster &#038; Associates und der Weg zum Wiederaufbau von Wohnraum.\",\"datePublished\":\"2026-04-22T07:03:20+00:00\",\"dateModified\":\"2026-04-27T07:07:08+00:00\",\"mainEntityOfPage\":{\"@id\":\"https:\\\/\\\/fuster-associates.com\\\/de\\\/blog\\\/engagement-fuer-syrien-fuster-associates-und-der-weg-zum-wiederaufbau-von-wohnraum\\\/\"},\"wordCount\":871,\"publisher\":{\"@id\":\"https:\\\/\\\/fuster-associates.com\\\/de\\\/#organization\"},\"image\":{\"@id\":\"https:\\\/\\\/fuster-associates.com\\\/de\\\/blog\\\/engagement-fuer-syrien-fuster-associates-und-der-weg-zum-wiederaufbau-von-wohnraum\\\/#primaryimage\"},\"thumbnailUrl\":\"https:\\\/\\\/fuster-associates.com\\\/wp-content\\\/uploads\\\/525145744_1162074602630066_4454378808896704350_n.jpg\",\"articleSection\":[\"Fuster &amp; Associates\"],\"inLanguage\":\"de\"},{\"@type\":\"WebPage\",\"@id\":\"https:\\\/\\\/fuster-associates.com\\\/de\\\/blog\\\/engagement-fuer-syrien-fuster-associates-und-der-weg-zum-wiederaufbau-von-wohnraum\\\/\",\"url\":\"https:\\\/\\\/fuster-associates.com\\\/de\\\/blog\\\/engagement-fuer-syrien-fuster-associates-und-der-weg-zum-wiederaufbau-von-wohnraum\\\/\",\"name\":\"Engagement f\u00fcr Syrien: Fuster & Associates und der Weg zum Wiederaufbau von Wohnraum. - Fuster &amp; Associates\",\"isPartOf\":{\"@id\":\"https:\\\/\\\/fuster-associates.com\\\/de\\\/#website\"},\"primaryImageOfPage\":{\"@id\":\"https:\\\/\\\/fuster-associates.com\\\/de\\\/blog\\\/engagement-fuer-syrien-fuster-associates-und-der-weg-zum-wiederaufbau-von-wohnraum\\\/#primaryimage\"},\"image\":{\"@id\":\"https:\\\/\\\/fuster-associates.com\\\/de\\\/blog\\\/engagement-fuer-syrien-fuster-associates-und-der-weg-zum-wiederaufbau-von-wohnraum\\\/#primaryimage\"},\"thumbnailUrl\":\"https:\\\/\\\/fuster-associates.com\\\/wp-content\\\/uploads\\\/525145744_1162074602630066_4454378808896704350_n.jpg\",\"datePublished\":\"2026-04-22T07:03:20+00:00\",\"dateModified\":\"2026-04-27T07:07:08+00:00\",\"breadcrumb\":{\"@id\":\"https:\\\/\\\/fuster-associates.com\\\/de\\\/blog\\\/engagement-fuer-syrien-fuster-associates-und-der-weg-zum-wiederaufbau-von-wohnraum\\\/#breadcrumb\"},\"inLanguage\":\"de\",\"potentialAction\":[{\"@type\":\"ReadAction\",\"target\":[\"https:\\\/\\\/fuster-associates.com\\\/de\\\/blog\\\/engagement-fuer-syrien-fuster-associates-und-der-weg-zum-wiederaufbau-von-wohnraum\\\/\"]}]},{\"@type\":\"ImageObject\",\"inLanguage\":\"de\",\"@id\":\"https:\\\/\\\/fuster-associates.com\\\/de\\\/blog\\\/engagement-fuer-syrien-fuster-associates-und-der-weg-zum-wiederaufbau-von-wohnraum\\\/#primaryimage\",\"url\":\"https:\\\/\\\/fuster-associates.com\\\/wp-content\\\/uploads\\\/525145744_1162074602630066_4454378808896704350_n.jpg\",\"contentUrl\":\"https:\\\/\\\/fuster-associates.com\\\/wp-content\\\/uploads\\\/525145744_1162074602630066_4454378808896704350_n.jpg\",\"width\":1600,\"height\":1200,\"caption\":\"A Syrian family returning home to Syria after years in exile. \u00a9UNHCR\\\/Shawkat Al Harfous\"},{\"@type\":\"BreadcrumbList\",\"@id\":\"https:\\\/\\\/fuster-associates.com\\\/de\\\/blog\\\/engagement-fuer-syrien-fuster-associates-und-der-weg-zum-wiederaufbau-von-wohnraum\\\/#breadcrumb\",\"itemListElement\":[{\"@type\":\"ListItem\",\"position\":1,\"name\":\"Home\",\"item\":\"https:\\\/\\\/fuster-associates.com\\\/de\\\/\"},{\"@type\":\"ListItem\",\"position\":2,\"name\":\"Engagement f\u00fcr Syrien: Fuster &#038; Associates und der Weg zum Wiederaufbau von Wohnraum.\"}]},{\"@type\":\"WebSite\",\"@id\":\"https:\\\/\\\/fuster-associates.com\\\/de\\\/#website\",\"url\":\"https:\\\/\\\/fuster-associates.com\\\/de\\\/\",\"name\":\"Fuster & Associates\",\"description\":\"Property Solicitors\",\"publisher\":{\"@id\":\"https:\\\/\\\/fuster-associates.com\\\/de\\\/#organization\"},\"potentialAction\":[{\"@type\":\"SearchAction\",\"target\":{\"@type\":\"EntryPoint\",\"urlTemplate\":\"https:\\\/\\\/fuster-associates.com\\\/de\\\/?s={search_term_string}\"},\"query-input\":{\"@type\":\"PropertyValueSpecification\",\"valueRequired\":true,\"valueName\":\"search_term_string\"}}],\"inLanguage\":\"de\"},{\"@type\":\"Organization\",\"@id\":\"https:\\\/\\\/fuster-associates.com\\\/de\\\/#organization\",\"name\":\"FUSTER & ASSOCIATES\",\"url\":\"https:\\\/\\\/fuster-associates.com\\\/de\\\/\",\"logo\":{\"@type\":\"ImageObject\",\"inLanguage\":\"de\",\"@id\":\"https:\\\/\\\/fuster-associates.com\\\/de\\\/#\\\/schema\\\/logo\\\/image\\\/\",\"url\":\"https:\\\/\\\/fuster-associates.com\\\/wp-content\\\/uploads\\\/2018\\\/08\\\/logo-fuster-1.jpeg\",\"contentUrl\":\"https:\\\/\\\/fuster-associates.com\\\/wp-content\\\/uploads\\\/2018\\\/08\\\/logo-fuster-1.jpeg\",\"width\":180,\"height\":113,\"caption\":\"FUSTER & ASSOCIATES\"},\"image\":{\"@id\":\"https:\\\/\\\/fuster-associates.com\\\/de\\\/#\\\/schema\\\/logo\\\/image\\\/\"},\"sameAs\":[\"https:\\\/\\\/www.facebook.com\\\/fusterspain\\\/\",\"https:\\\/\\\/x.com\\\/FusterSpain\",\"https:\\\/\\\/www.youtube.com\\\/channel\\\/UC2-kNuL1SoqlFizI47hmIOQ\",\"https:\\\/\\\/www.linkedin.com\\\/company\\\/fuster-&-associates\\\/\"]},{\"@type\":\"Person\",\"@id\":\"https:\\\/\\\/fuster-associates.com\\\/de\\\/#\\\/schema\\\/person\\\/272425e5a87006c908425c14ca37566b\",\"name\":\"Miguel\",\"image\":{\"@type\":\"ImageObject\",\"inLanguage\":\"de\",\"@id\":\"https:\\\/\\\/secure.gravatar.com\\\/avatar\\\/a11dac23828920784fa4764ecd64431ce7385ae8a33ed03528bcafd35c83ebbd?s=96&d=mm&r=g\",\"url\":\"https:\\\/\\\/secure.gravatar.com\\\/avatar\\\/a11dac23828920784fa4764ecd64431ce7385ae8a33ed03528bcafd35c83ebbd?s=96&d=mm&r=g\",\"contentUrl\":\"https:\\\/\\\/secure.gravatar.com\\\/avatar\\\/a11dac23828920784fa4764ecd64431ce7385ae8a33ed03528bcafd35c83ebbd?s=96&d=mm&r=g\",\"caption\":\"Miguel\"}}]}<\/script>\n<!-- \/ Yoast SEO plugin. -->","yoast_head_json":{"title":"Engagement f\u00fcr Syrien: Fuster & Associates und der Weg zum Wiederaufbau von Wohnraum. - Fuster &amp; Associates","robots":{"index":"index","follow":"follow","max-snippet":"max-snippet:-1","max-image-preview":"max-image-preview:large","max-video-preview":"max-video-preview:-1"},"canonical":"https:\/\/fuster-associates.com\/de\/blog\/engagement-fuer-syrien-fuster-associates-und-der-weg-zum-wiederaufbau-von-wohnraum\/","og_locale":"de_DE","og_type":"article","og_title":"Engagement f\u00fcr Syrien: Fuster & Associates und der Weg zum Wiederaufbau von Wohnraum. - Fuster &amp; Associates","og_description":"Bei Fuster &amp; Associates sind wir uns bewusst, dass unsere Verantwortung als Anwaltskanzlei \u00fcber die Grenzen unserer t\u00e4glichen beruflichen Praxis hinausgeht. Wir glauben an globale Gerechtigkeit, die die W\u00fcrde der Schw\u00e4chsten sch\u00fctzt. Deshalb pflegen wir eine strategische Partnerschaft mit UNHCR und arbeiten gemeinsam an Projekten, die denjenigen, die alles verloren haben, neue Hoffnung geben. In [&hellip;]","og_url":"https:\/\/fuster-associates.com\/de\/blog\/engagement-fuer-syrien-fuster-associates-und-der-weg-zum-wiederaufbau-von-wohnraum\/","og_site_name":"Fuster &amp; Associates","article_publisher":"https:\/\/www.facebook.com\/fusterspain\/","article_published_time":"2026-04-22T07:03:20+00:00","article_modified_time":"2026-04-27T07:07:08+00:00","og_image":[{"width":1600,"height":1200,"url":"https:\/\/fuster-associates.com\/wp-content\/uploads\/525145744_1162074602630066_4454378808896704350_n.jpg","type":"image\/jpeg"}],"author":"Miguel","twitter_card":"summary_large_image","twitter_creator":"@FusterSpain","twitter_site":"@FusterSpain","twitter_misc":{"Verfasst von":"Miguel","Gesch\u00e4tzte Lesezeit":"5\u00a0Minuten"},"schema":{"@context":"https:\/\/schema.org","@graph":[{"@type":"Article","@id":"https:\/\/fuster-associates.com\/de\/blog\/engagement-fuer-syrien-fuster-associates-und-der-weg-zum-wiederaufbau-von-wohnraum\/#article","isPartOf":{"@id":"https:\/\/fuster-associates.com\/de\/blog\/engagement-fuer-syrien-fuster-associates-und-der-weg-zum-wiederaufbau-von-wohnraum\/"},"author":{"name":"Miguel","@id":"https:\/\/fuster-associates.com\/de\/#\/schema\/person\/272425e5a87006c908425c14ca37566b"},"headline":"Engagement f\u00fcr Syrien: Fuster &#038; Associates und der Weg zum Wiederaufbau von Wohnraum.","datePublished":"2026-04-22T07:03:20+00:00","dateModified":"2026-04-27T07:07:08+00:00","mainEntityOfPage":{"@id":"https:\/\/fuster-associates.com\/de\/blog\/engagement-fuer-syrien-fuster-associates-und-der-weg-zum-wiederaufbau-von-wohnraum\/"},"wordCount":871,"publisher":{"@id":"https:\/\/fuster-associates.com\/de\/#organization"},"image":{"@id":"https:\/\/fuster-associates.com\/de\/blog\/engagement-fuer-syrien-fuster-associates-und-der-weg-zum-wiederaufbau-von-wohnraum\/#primaryimage"},"thumbnailUrl":"https:\/\/fuster-associates.com\/wp-content\/uploads\/525145744_1162074602630066_4454378808896704350_n.jpg","articleSection":["Fuster &amp; Associates"],"inLanguage":"de"},{"@type":"WebPage","@id":"https:\/\/fuster-associates.com\/de\/blog\/engagement-fuer-syrien-fuster-associates-und-der-weg-zum-wiederaufbau-von-wohnraum\/","url":"https:\/\/fuster-associates.com\/de\/blog\/engagement-fuer-syrien-fuster-associates-und-der-weg-zum-wiederaufbau-von-wohnraum\/","name":"Engagement f\u00fcr Syrien: Fuster & Associates und der Weg zum Wiederaufbau von Wohnraum. - Fuster &amp; Associates","isPartOf":{"@id":"https:\/\/fuster-associates.com\/de\/#website"},"primaryImageOfPage":{"@id":"https:\/\/fuster-associates.com\/de\/blog\/engagement-fuer-syrien-fuster-associates-und-der-weg-zum-wiederaufbau-von-wohnraum\/#primaryimage"},"image":{"@id":"https:\/\/fuster-associates.com\/de\/blog\/engagement-fuer-syrien-fuster-associates-und-der-weg-zum-wiederaufbau-von-wohnraum\/#primaryimage"},"thumbnailUrl":"https:\/\/fuster-associates.com\/wp-content\/uploads\/525145744_1162074602630066_4454378808896704350_n.jpg","datePublished":"2026-04-22T07:03:20+00:00","dateModified":"2026-04-27T07:07:08+00:00","breadcrumb":{"@id":"https:\/\/fuster-associates.com\/de\/blog\/engagement-fuer-syrien-fuster-associates-und-der-weg-zum-wiederaufbau-von-wohnraum\/#breadcrumb"},"inLanguage":"de","potentialAction":[{"@type":"ReadAction","target":["https:\/\/fuster-associates.com\/de\/blog\/engagement-fuer-syrien-fuster-associates-und-der-weg-zum-wiederaufbau-von-wohnraum\/"]}]},{"@type":"ImageObject","inLanguage":"de","@id":"https:\/\/fuster-associates.com\/de\/blog\/engagement-fuer-syrien-fuster-associates-und-der-weg-zum-wiederaufbau-von-wohnraum\/#primaryimage","url":"https:\/\/fuster-associates.com\/wp-content\/uploads\/525145744_1162074602630066_4454378808896704350_n.jpg","contentUrl":"https:\/\/fuster-associates.com\/wp-content\/uploads\/525145744_1162074602630066_4454378808896704350_n.jpg","width":1600,"height":1200,"caption":"A Syrian family returning home to Syria after years in exile. \u00a9UNHCR\/Shawkat Al Harfous"},{"@type":"BreadcrumbList","@id":"https:\/\/fuster-associates.com\/de\/blog\/engagement-fuer-syrien-fuster-associates-und-der-weg-zum-wiederaufbau-von-wohnraum\/#breadcrumb","itemListElement":[{"@type":"ListItem","position":1,"name":"Home","item":"https:\/\/fuster-associates.com\/de\/"},{"@type":"ListItem","position":2,"name":"Engagement f\u00fcr Syrien: Fuster &#038; Associates und der Weg zum Wiederaufbau von Wohnraum."}]},{"@type":"WebSite","@id":"https:\/\/fuster-associates.com\/de\/#website","url":"https:\/\/fuster-associates.com\/de\/","name":"Fuster & Associates","description":"Property Solicitors","publisher":{"@id":"https:\/\/fuster-associates.com\/de\/#organization"},"potentialAction":[{"@type":"SearchAction","target":{"@type":"EntryPoint","urlTemplate":"https:\/\/fuster-associates.com\/de\/?s={search_term_string}"},"query-input":{"@type":"PropertyValueSpecification","valueRequired":true,"valueName":"search_term_string"}}],"inLanguage":"de"},{"@type":"Organization","@id":"https:\/\/fuster-associates.com\/de\/#organization","name":"FUSTER & ASSOCIATES","url":"https:\/\/fuster-associates.com\/de\/","logo":{"@type":"ImageObject","inLanguage":"de","@id":"https:\/\/fuster-associates.com\/de\/#\/schema\/logo\/image\/","url":"https:\/\/fuster-associates.com\/wp-content\/uploads\/2018\/08\/logo-fuster-1.jpeg","contentUrl":"https:\/\/fuster-associates.com\/wp-content\/uploads\/2018\/08\/logo-fuster-1.jpeg","width":180,"height":113,"caption":"FUSTER & ASSOCIATES"},"image":{"@id":"https:\/\/fuster-associates.com\/de\/#\/schema\/logo\/image\/"},"sameAs":["https:\/\/www.facebook.com\/fusterspain\/","https:\/\/x.com\/FusterSpain","https:\/\/www.youtube.com\/channel\/UC2-kNuL1SoqlFizI47hmIOQ","https:\/\/www.linkedin.com\/company\/fuster-&-associates\/"]},{"@type":"Person","@id":"https:\/\/fuster-associates.com\/de\/#\/schema\/person\/272425e5a87006c908425c14ca37566b","name":"Miguel","image":{"@type":"ImageObject","inLanguage":"de","@id":"https:\/\/secure.gravatar.com\/avatar\/a11dac23828920784fa4764ecd64431ce7385ae8a33ed03528bcafd35c83ebbd?s=96&d=mm&r=g","url":"https:\/\/secure.gravatar.com\/avatar\/a11dac23828920784fa4764ecd64431ce7385ae8a33ed03528bcafd35c83ebbd?s=96&d=mm&r=g","contentUrl":"https:\/\/secure.gravatar.com\/avatar\/a11dac23828920784fa4764ecd64431ce7385ae8a33ed03528bcafd35c83ebbd?s=96&d=mm&r=g","caption":"Miguel"}}]}},"_links":{"self":[{"href":"https:\/\/fuster-associates.com\/de\/wp-json\/wp\/v2\/posts\/37937","targetHints":{"allow":["GET"]}}],"collection":[{"href":"https:\/\/fuster-associates.com\/de\/wp-json\/wp\/v2\/posts"}],"about":[{"href":"https:\/\/fuster-associates.com\/de\/wp-json\/wp\/v2\/types\/post"}],"author":[{"embeddable":true,"href":"https:\/\/fuster-associates.com\/de\/wp-json\/wp\/v2\/users\/7"}],"replies":[{"embeddable":true,"href":"https:\/\/fuster-associates.com\/de\/wp-json\/wp\/v2\/comments?post=37937"}],"version-history":[{"count":2,"href":"https:\/\/fuster-associates.com\/de\/wp-json\/wp\/v2\/posts\/37937\/revisions"}],"predecessor-version":[{"id":38049,"href":"https:\/\/fuster-associates.com\/de\/wp-json\/wp\/v2\/posts\/37937\/revisions\/38049"}],"wp:featuredmedia":[{"embeddable":true,"href":"https:\/\/fuster-associates.com\/de\/wp-json\/wp\/v2\/media\/37936"}],"wp:attachment":[{"href":"https:\/\/fuster-associates.com\/de\/wp-json\/wp\/v2\/media?parent=37937"}],"wp:term":[{"taxonomy":"category","embeddable":true,"href":"https:\/\/fuster-associates.com\/de\/wp-json\/wp\/v2\/categories?post=37937"},{"taxonomy":"post_tag","embeddable":true,"href":"https:\/\/fuster-associates.com\/de\/wp-json\/wp\/v2\/tags?post=37937"}],"curies":[{"name":"wp","href":"https:\/\/api.w.org\/{rel}","templated":true}]}}