{"id":38058,"date":"2026-04-27T10:20:55","date_gmt":"2026-04-27T08:20:55","guid":{"rendered":"https:\/\/fuster-associates.com\/?p=38058"},"modified":"2026-04-27T10:20:55","modified_gmt":"2026-04-27T08:20:55","slug":"fuster-associates-aabner-sit-foerste-kontor-i-byen-valencia-og-sit-fjerde-i-regionen","status":"publish","type":"post","link":"https:\/\/fuster-associates.com\/da\/blog\/fuster-associates-aabner-sit-foerste-kontor-i-byen-valencia-og-sit-fjerde-i-regionen\/","title":{"rendered":"Fuster &#038; Associates \u00e5bner sit f\u00f8rste kontor i byen Valencia og sit fjerde i regionen"},"content":{"rendered":"<p>Ejendomssektoren i <b>hovedstaden ved Turia<\/b> gennemg\u00e5r en hidtil uset forandring. Valencias position som <i>knudepunkt<\/i> for amerikanske investeringer og det internationale markeds stigende kompleksitet kr\u00e6ver en juridisk l\u00f8sning, der forener operationel fleksibilitet med et kompromisl\u00f8st etisk engagement. Med \u00e5bningen af det nye hovedkontor p\u00e5 Calle Cirilo Amor\u00f3s udvider <a href=\"https:\/\/fuster-associates.com\/da\/\"><b>Fuster &amp; Associates<\/b><\/a> ikke blot sin fysiske tilstedev\u00e6relse, men s\u00e6tter ogs\u00e5 en ny standard for grundighed og opbygning af tillid for at g\u00e5 forrest i r\u00e5dgivningen af ikke-residenter i hovedstaden.<\/p>\n<p>I \u00f8kosystemet for luksusfast ejendom er tillid ikke et aktiv, der kan improviseres; det er en infrastruktur, der skal opbygges med stringens og gennemsigtighed. I april 2026 vil <b>Fuster &amp; Associates<\/b> \u00e5bne sit nye hovedkontor p\u00e5 Cirilo Amor\u00f3s-gaden i hjertet af Valencia. Denne \u00e5bning er ikke blot en milep\u00e6l i firmaets territoriale ekspansion; det er et strategisk svar p\u00e5 en markedseftersp\u00f8rgsel, der ikke l\u00e6ngere er tilfreds med traditionel administrativ forvaltning, men s\u00f8ger en <i>partner<\/i>, der er i stand til at operere efter standarder for global excellence.<\/p>\n<p>Efter 25 \u00e5r som f\u00f8rende inden for r\u00e5dgivning af ikke-residenter i hele Middelhavsregionen fuldender etableringen af en tilstedev\u00e6relse i byen Valencia et servicekort, der str\u00e6kker sig fra Almer\u00eda til den valencianske region. Det handler ikke blot om at v\u00e6re til stede, men om at levere den n\u00f8dvendige \u203aoperationelle rygrad\u2039, s\u00e5 lokale udviklere og agenturer med succes kan im\u00f8dekomme tilstr\u00f8mningen af investorer, der p\u00e5 grund af deres profil og oprindelse kr\u00e6ver et h\u00f8jere niveau af retssikkerhed.<\/p>\n<h3><b>Det amerikanske marked: Valencia p\u00e5 den globale investeringsradar<\/b><\/h3>\n<p>I l\u00f8bet af det sidste \u00e5rti har udenlandske investorer p\u00e5 den spanske kyst typisk haft en forudsigelig europ\u00e6isk profil. Men frem mod 2026 har investeringslandskabet flyttet sig mod Atlanterhavet. Valencia har positioneret sig som den foretrukne destination for kapital fra <b>USA<\/b>, hvor k\u00f8bere s\u00f8ger den valencianske hovedstad som et h\u00f8jkvalitetsalternativ til allerede m\u00e6ttede markeder som Lissabon eller Barcelona.<\/p>\n<p>Denne amerikanske investor bringer en anderledes markedsdynamik med sig. For en k\u00f8ber fra New York, Miami eller San Francisco er tid den mest knappe ressource, og retssikkerhed er en foruds\u00e6tning for enhver overf\u00f8rsel af midler. Deres ankomst har h\u00e6vet barren: det er ikke l\u00e6ngere nok blot at forklare k\u00f8bsprocessen; man skal v\u00e6re i stand til at h\u00e5ndtere komplekse skattestrukturer, sikre overholdelse af internationale gennemsigtighedsregler og levere svar i realtid, som den konventionelle bureaukrati ofte forsinker.<\/p>\n<p>Hos Fuster &amp; Associates forst\u00e5r vi, at succesen i den valencianske ejendomssektor afh\u00e6nger af dens evne til at im\u00f8dekomme disse kunders behov. Vores multikulturelle team, der taler over et dusin sprog, er ikke blot en konkurrencem\u00e6ssig fordel i kommunikationen; det sikrer, at udenlandske investorer f\u00f8ler sig forst\u00e5et og beskyttet inden for deres egne tekniske og juridiske rammer.<\/p>\n<h3><b><strong>En strategisk partner for ejendomsm\u00e6glerens smidighed<\/strong><\/b><\/h3>\n<p>Den aktuelle situation p\u00e5 det valencianske ejendomsmarked er pr\u00e6get af et presserende behov for specialisering. Dagens ejendomsm\u00e6gler er ekspert i prospektering, markedsf\u00f8ring og forhandling; deres v\u00e6rdi ligger i deres evne til at bringe k\u00f8bere og s\u00e6lgere sammen.<\/p>\n<p>Den stigende kompleksitet i internationale transaktioner tvinger imidlertid ofte m\u00e6gleren til at rette sin opm\u00e6rksomhed mod bureaukratisk papirarbejde og juridiske konsultationer, der optager deres tid og \u00f8ger deres ansvar.<\/p>\n<figure id=\"attachment_38056\" aria-describedby=\"caption-attachment-38056\" style=\"width: 800px\" class=\"wp-caption alignnone\"><img fetchpriority=\"high\" decoding=\"async\" class=\"size-large wp-image-38056\" src=\"https:\/\/fuster-associates.com\/wp-content\/uploads\/Pedro-Martinez-y-David-Albadalejo-Fuster-Associates-1024x739.jpg\" alt=\"Pedro Mart\u00ednez, CEO, og David Albadalejo Fuster, grundl\u00e6gger af Fuster and Associates. \u2013 Foto: PLAZA\" width=\"800\" height=\"577\" srcset=\"https:\/\/fuster-associates.com\/wp-content\/uploads\/Pedro-Martinez-y-David-Albadalejo-Fuster-Associates-1024x739.jpg 1024w, https:\/\/fuster-associates.com\/wp-content\/uploads\/Pedro-Martinez-y-David-Albadalejo-Fuster-Associates-300x216.jpg 300w, https:\/\/fuster-associates.com\/wp-content\/uploads\/Pedro-Martinez-y-David-Albadalejo-Fuster-Associates-768x554.jpg 768w, https:\/\/fuster-associates.com\/wp-content\/uploads\/Pedro-Martinez-y-David-Albadalejo-Fuster-Associates-610x440.jpg 610w, https:\/\/fuster-associates.com\/wp-content\/uploads\/Pedro-Martinez-y-David-Albadalejo-Fuster-Associates-600x433.jpg 600w, https:\/\/fuster-associates.com\/wp-content\/uploads\/Pedro-Martinez-y-David-Albadalejo-Fuster-Associates.jpg 1216w\" sizes=\"(max-width: 800px) 100vw, 800px\" \/><figcaption id=\"caption-attachment-38056\" class=\"wp-caption-text\">Pedro Mart\u00ednez, CEO, og David Albadalejo Fuster, grundl\u00e6gger af Fuster and Associates. \u2013 Foto: PLAZA<\/figcaption><\/figure>\n<p>Fuster &amp; Associates\u2019 tilbud til ejendomsm\u00e6glere og bygherrer i Valencia er yderst praktisk: at fungere som deres <b>h\u00f8jt pr\u00e6sterende eksterne juridiske afdeling<\/b>. Ved at overlade den juridiske, skattem\u00e6ssige og administrative h\u00e5ndtering af salget til vores firma, genvinder ejendomsm\u00e6gleren sit mest v\u00e6rdifulde aktiv: tiden til at s\u00e6lge.<\/p>\n<p>Vores etablering p\u00e5 Calle Cirilo Amor\u00f3s giver branchen en infrastruktur, der er i stand til at h\u00e5ndtere store transaktionsm\u00e6ngder uden at g\u00e5 p\u00e5 kompromis med n\u00f8jagtigheden. Vi taler investorens sprog, men vi forst\u00e5r ogs\u00e5 det valencianske ejendomsm\u00e6gleres sprog. Vi ved, at en transaktion ikke slutter, n\u00e5r tilbuddet accepteres, men n\u00e5r kunden modtager n\u00f8glerne med den absolutte sikkerhed for, at deres investering er fuldt beskyttet.<\/p>\n<h3><b><strong>Valencia: Fremtiden bygger p\u00e5 juridisk sikkerhed inden for ejendom<\/strong><\/b><\/h3>\n<p>\u00c5bningen af dette nye kontor fuldender firmaets d\u00e6kningsomr\u00e5de i Middelhavsomr\u00e5det og skaber et sikkerhedsnet, der forbinder <b>Valencia<\/b> med <b>Teulada<\/b>, <b>Finestrat<\/b>, <b>La Zenia<\/b>, <b>Los Alc\u00e1zares<\/b>, <b>Murcia<\/b> og <b>San Juan de los Terreros-Pulp\u00ed<\/b>. Denne territoriale sammenh\u00e6ng giver os mulighed for at tilbyde en omfattende service til investorer, der opererer p\u00e5 regionalt plan, og sikrer, at kvalitetsstandarderne er ens overalt langs kysten.<\/p>\n<p>Valencia er klar til at lede fremtidens ejendomsmarked, men dette lederskab skal bygge p\u00e5 professionalisme. I 2026 vil improvisation ikke l\u00e6ngere v\u00e6re en mulighed. Globale investorer s\u00f8ger sikre havne for deres kapital, og vores mission er at sikre, at Valencia opfattes som s\u00e5dan i alle verdenshj\u00f8rner.<\/p>\n<p>Som <b>Pedro Mart\u00ednez<\/b>, firmaets CEO, udtaler: \u201dVores tilstedev\u00e6relse i byen Valencia er ikke blot en forretningsudvidelse; det er et engagement i excellence inden for sektoren. Vi er her for at sikre, at hver eneste underskrift hos notaren markerer begyndelsen p\u00e5 en succeshistorie, bakket op af den tekniske stringens og moralske integritet hos et firma, der forst\u00e5r, at det, vi beskytter, ud over selve ejendommene, er folks livsplaner.\u201d<\/p>\n<p>&nbsp;<\/p>\n<p>Fuster &amp; Associates \u2013 Valencia har kontor p\u00e5 <b>Cirilo Amor\u00f3s 27<\/b>, 3. sal, enhed A, 46004, Valencia. Deres telefonnummer er 965 992 116, og deres e-mailadresse er hola@fuster-associates.com.<br \/>\nDu kan ogs\u00e5 bes\u00f8ge deres hjemmeside: <a href=\"https:\/\/fuster-associates.com\/da\/\">fuster.associates.com<\/a><\/p>\n<p>&nbsp;<\/p>\n<div style=\"background-color: #f2f2f2; padding: 20px; border-radius: 8px; max-width: 800px; font-family: \u203aPlus Jakarta Sans\u2039, sans-serif; line-height: 1.6;\">\n<div style=\"font-weight: 600; margin-bottom: 10px;\">Socialt engagement: St\u00f8tte til UNHCR&#8217;s arbejde<\/div>\n<p>Ud over det \u00f8konomiske resultat bygger en virksomheds autoritet p\u00e5 dens v\u00e6rdier. For Fuster &amp; Associates muligg\u00f8r forretningssucces et fast engagement i socialt ansvar, hvor vi aktivt samarbejder med internationale organisationer, der beskytter grundl\u00e6ggende rettigheder.<\/p>\n<p>I denne sammenh\u00e6ng opretholder firmaet et t\u00e6t partnerskab med UNHCR, FN&#8217;s Flygtningeh\u00f8jkommissariat, og st\u00f8tter dets humanit\u00e6re hj\u00e6lpeprogrammer i forbindelse med komplekse boligkriser, s\u00e5som den, der i \u00f8jeblikket rammer Syrien. If\u00f8lge UNHCR&#8217;s 2025 Return Report er mange syriske familier efter \u00e5r med konflikt begyndt at realisere deres \u00f8nske om at vende hjem, men st\u00e5r over for kritiske hindringer: \u00f8delagte hjem, manglende levebr\u00f8d og dyb usikkerhed p\u00e5 stedet.<\/p>\n<p>P\u00e5 denne baggrund faciliterer UNHCR frivillige hjemvenden for at sikre, at de foreg\u00e5r sikkert, ved at yde kontanthj\u00e6lp, transport og r\u00e5dgivning om de civile dokumenter, der kr\u00e6ves for disse familiers reintegration. I denne sammenh\u00e6ng har st\u00f8tte fra donorer som Fuster &amp; Associates v\u00e6ret afg\u00f8rende for at sikre, at dette \u00f8nske om at vende hjem bliver en v\u00e6rdig og b\u00e6redygtig realitet. Ved at stille de n\u00f8dvendige ressourcer til r\u00e5dighed g\u00f8r vi det muligt for FN-eksperter at hj\u00e6lpe familierne med at genoprette deres juridiske identitet og rehabilitere deres hjem, hvilket sikrer, at en hjemvenden er mulig selv under de sv\u00e6reste forhold.<\/p>\n<\/div>\n<p>&nbsp;<\/p>\n<div style=\"font-family: \u201cPlus Jakarta Sans\u201d, sans-serif; max-width: 900px;\">\n<h3 style=\"margin-bottom: 10px;\">Fuster &amp; Associates\u2019 bidrag til UNHCR<\/h3>\n<p style=\"margin-bottom: 20px; line-height: 1.6;\">Inden for den overordnede ramme af UNHCR&#8217;s indsats i Syrien i 2025, som p\u00e5 landsplan omfattede reparation af 4.647 hjem, uddeling af n\u00f8dhj\u00e6lp til 259.443 familier og ydelse af kontanthj\u00e6lp til 36.545 hjemvendte familier.<\/p>\n<table style=\"width: 100%; border-collapse: collapse;\">\n<tbody>\n<tr style=\"border-bottom: 2px solid #000; text-align: left;\">\n<th style=\"padding: 12px;\">Aktivitet<\/th>\n<th style=\"padding: 12px;\">I alt<\/th>\n<th style=\"padding: 12px;\">Modtagere<\/th>\n<\/tr>\n<tr style=\"border-bottom: 1px solid #ddd;\">\n<td style=\"padding: 12px;\">Uddeling af basale n\u00f8dhj\u00e6lpss\u00e6t til 37 flygtningefamilier, der vender tilbage til Syrien<\/td>\n<td style=\"padding: 12px;\">9.233 \u20ac<\/td>\n<td style=\"padding: 12px;\">185 personer<\/td>\n<\/tr>\n<tr style=\"border-bottom: 1px solid #ddd;\">\n<td style=\"padding: 12px;\">Reparation af 8 boliger til fordrevne og hjemvendte husstande<\/td>\n<td style=\"padding: 12px;\">14.143 \u20ac<\/td>\n<td style=\"padding: 12px;\">40 personer<\/td>\n<\/tr>\n<tr style=\"border-bottom: 1px solid #ddd;\">\n<td style=\"padding: 12px;\">Subtotal aktiviteter<\/td>\n<td style=\"padding: 12px;\">23.376 \u20ac<\/td>\n<td style=\"padding: 12px;\"><\/td>\n<\/tr>\n<tr style=\"border-bottom: 1px solid #ddd;\">\n<td style=\"padding: 12px;\">Omkostninger til programst\u00f8tte<\/td>\n<td style=\"padding: 12px;\">1.624 \u20ac<\/td>\n<td style=\"padding: 12px;\"><\/td>\n<\/tr>\n<tr style=\"font-weight: 600;\">\n<td style=\"padding: 12px;\">I ALT<\/td>\n<td style=\"padding: 12px;\">25.000 \u20ac<\/td>\n<td style=\"padding: 12px;\">225 personer<\/td>\n<\/tr>\n<\/tbody>\n<\/table>\n<p style=\"margin-top: 15px; font-size: 14px; color: #555;\">Tabel: Fuster &amp; Associates \u2022 Kilde: UNHCR: Rapport om tilbagevenden til Syrien 2025 og program for juridisk bistand og boligst\u00f8tte.<\/p>\n<\/div>\n<p>&nbsp;<\/p>\n","protected":false},"excerpt":{"rendered":"<p>Ejendomssektoren i hovedstaden ved Turia gennemg\u00e5r en hidtil uset forandring. Valencias position som knudepunkt for amerikanske investeringer og det internationale markeds stigende kompleksitet kr\u00e6ver en juridisk l\u00f8sning, der forener operationel fleksibilitet med et kompromisl\u00f8st etisk engagement. Med \u00e5bningen af det nye hovedkontor p\u00e5 Calle Cirilo Amor\u00f3s udvider Fuster &amp; Associates ikke blot sin fysiske tilstedev\u00e6relse, [&hellip;]<\/p>\n","protected":false},"author":7,"featured_media":38057,"comment_status":"closed","ping_status":"closed","sticky":false,"template":"","format":"standard","meta":{"content-type":"","_sitemap_exclude":false,"_sitemap_priority":"","_sitemap_frequency":"","footnotes":""},"categories":[128],"tags":[],"class_list":["post-38058","post","type-post","status-publish","format-standard","has-post-thumbnail","hentry","category-fuster-and-associates-da"],"yoast_head":"<!-- This site is optimized with the Yoast SEO plugin v27.4 - https:\/\/yoast.com\/product\/yoast-seo-wordpress\/ -->\n<title>Fuster &amp; Associates \u00e5bner sit f\u00f8rste kontor i byen Valencia og sit fjerde i regionen - Fuster &amp; Associates<\/title>\n<meta name=\"robots\" content=\"index, follow, max-snippet:-1, max-image-preview:large, max-video-preview:-1\" \/>\n<link rel=\"canonical\" href=\"https:\/\/fuster-associates.com\/da\/blog\/fuster-associates-aabner-sit-foerste-kontor-i-byen-valencia-og-sit-fjerde-i-regionen\/\" \/>\n<meta property=\"og:locale\" content=\"da_DK\" \/>\n<meta property=\"og:type\" content=\"article\" \/>\n<meta property=\"og:title\" content=\"Fuster &amp; Associates \u00e5bner sit f\u00f8rste kontor i byen Valencia og sit fjerde i regionen - Fuster &amp; Associates\" \/>\n<meta property=\"og:description\" content=\"Ejendomssektoren i hovedstaden ved Turia gennemg\u00e5r en hidtil uset forandring. Valencias position som knudepunkt for amerikanske investeringer og det internationale markeds stigende kompleksitet kr\u00e6ver en juridisk l\u00f8sning, der forener operationel fleksibilitet med et kompromisl\u00f8st etisk engagement. Med \u00e5bningen af det nye hovedkontor p\u00e5 Calle Cirilo Amor\u00f3s udvider Fuster &amp; Associates ikke blot sin fysiske tilstedev\u00e6relse, [&hellip;]\" \/>\n<meta property=\"og:url\" content=\"https:\/\/fuster-associates.com\/da\/blog\/fuster-associates-aabner-sit-foerste-kontor-i-byen-valencia-og-sit-fjerde-i-regionen\/\" \/>\n<meta property=\"og:site_name\" content=\"Fuster &amp; Associates\" \/>\n<meta property=\"article:publisher\" content=\"https:\/\/www.facebook.com\/fusterspain\/\" \/>\n<meta property=\"article:published_time\" content=\"2026-04-27T08:20:55+00:00\" \/>\n<meta property=\"og:image\" content=\"https:\/\/fuster-associates.com\/wp-content\/uploads\/Oficina-Valencia.jpg\" \/>\n\t<meta property=\"og:image:width\" content=\"1200\" \/>\n\t<meta property=\"og:image:height\" content=\"800\" \/>\n\t<meta property=\"og:image:type\" content=\"image\/jpeg\" \/>\n<meta name=\"author\" content=\"Miguel\" \/>\n<meta name=\"twitter:card\" content=\"summary_large_image\" \/>\n<meta name=\"twitter:creator\" content=\"@FusterSpain\" \/>\n<meta name=\"twitter:site\" content=\"@FusterSpain\" \/>\n<meta name=\"twitter:label1\" content=\"Skrevet af\" \/>\n\t<meta name=\"twitter:data1\" content=\"Miguel\" \/>\n\t<meta name=\"twitter:label2\" content=\"Estimeret l\u00e6setid\" \/>\n\t<meta name=\"twitter:data2\" content=\"6 minutter\" \/>\n<script type=\"application\/ld+json\" class=\"yoast-schema-graph\">{\"@context\":\"https:\\\/\\\/schema.org\",\"@graph\":[{\"@type\":\"Article\",\"@id\":\"https:\\\/\\\/fuster-associates.com\\\/da\\\/blog\\\/fuster-associates-aabner-sit-foerste-kontor-i-byen-valencia-og-sit-fjerde-i-regionen\\\/#article\",\"isPartOf\":{\"@id\":\"https:\\\/\\\/fuster-associates.com\\\/da\\\/blog\\\/fuster-associates-aabner-sit-foerste-kontor-i-byen-valencia-og-sit-fjerde-i-regionen\\\/\"},\"author\":{\"name\":\"Miguel\",\"@id\":\"https:\\\/\\\/fuster-associates.com\\\/da\\\/#\\\/schema\\\/person\\\/272425e5a87006c908425c14ca37566b\"},\"headline\":\"Fuster &#038; Associates \u00e5bner sit f\u00f8rste kontor i byen Valencia og sit fjerde i regionen\",\"datePublished\":\"2026-04-27T08:20:55+00:00\",\"mainEntityOfPage\":{\"@id\":\"https:\\\/\\\/fuster-associates.com\\\/da\\\/blog\\\/fuster-associates-aabner-sit-foerste-kontor-i-byen-valencia-og-sit-fjerde-i-regionen\\\/\"},\"wordCount\":1287,\"publisher\":{\"@id\":\"https:\\\/\\\/fuster-associates.com\\\/da\\\/#organization\"},\"image\":{\"@id\":\"https:\\\/\\\/fuster-associates.com\\\/da\\\/blog\\\/fuster-associates-aabner-sit-foerste-kontor-i-byen-valencia-og-sit-fjerde-i-regionen\\\/#primaryimage\"},\"thumbnailUrl\":\"https:\\\/\\\/fuster-associates.com\\\/wp-content\\\/uploads\\\/Oficina-Valencia.jpg\",\"articleSection\":[\"Fuster &amp; Associates\"],\"inLanguage\":\"da-DK\"},{\"@type\":\"WebPage\",\"@id\":\"https:\\\/\\\/fuster-associates.com\\\/da\\\/blog\\\/fuster-associates-aabner-sit-foerste-kontor-i-byen-valencia-og-sit-fjerde-i-regionen\\\/\",\"url\":\"https:\\\/\\\/fuster-associates.com\\\/da\\\/blog\\\/fuster-associates-aabner-sit-foerste-kontor-i-byen-valencia-og-sit-fjerde-i-regionen\\\/\",\"name\":\"Fuster & Associates \u00e5bner sit f\u00f8rste kontor i byen Valencia og sit fjerde i regionen - Fuster &amp; Associates\",\"isPartOf\":{\"@id\":\"https:\\\/\\\/fuster-associates.com\\\/da\\\/#website\"},\"primaryImageOfPage\":{\"@id\":\"https:\\\/\\\/fuster-associates.com\\\/da\\\/blog\\\/fuster-associates-aabner-sit-foerste-kontor-i-byen-valencia-og-sit-fjerde-i-regionen\\\/#primaryimage\"},\"image\":{\"@id\":\"https:\\\/\\\/fuster-associates.com\\\/da\\\/blog\\\/fuster-associates-aabner-sit-foerste-kontor-i-byen-valencia-og-sit-fjerde-i-regionen\\\/#primaryimage\"},\"thumbnailUrl\":\"https:\\\/\\\/fuster-associates.com\\\/wp-content\\\/uploads\\\/Oficina-Valencia.jpg\",\"datePublished\":\"2026-04-27T08:20:55+00:00\",\"breadcrumb\":{\"@id\":\"https:\\\/\\\/fuster-associates.com\\\/da\\\/blog\\\/fuster-associates-aabner-sit-foerste-kontor-i-byen-valencia-og-sit-fjerde-i-regionen\\\/#breadcrumb\"},\"inLanguage\":\"da-DK\",\"potentialAction\":[{\"@type\":\"ReadAction\",\"target\":[\"https:\\\/\\\/fuster-associates.com\\\/da\\\/blog\\\/fuster-associates-aabner-sit-foerste-kontor-i-byen-valencia-og-sit-fjerde-i-regionen\\\/\"]}]},{\"@type\":\"ImageObject\",\"inLanguage\":\"da-DK\",\"@id\":\"https:\\\/\\\/fuster-associates.com\\\/da\\\/blog\\\/fuster-associates-aabner-sit-foerste-kontor-i-byen-valencia-og-sit-fjerde-i-regionen\\\/#primaryimage\",\"url\":\"https:\\\/\\\/fuster-associates.com\\\/wp-content\\\/uploads\\\/Oficina-Valencia.jpg\",\"contentUrl\":\"https:\\\/\\\/fuster-associates.com\\\/wp-content\\\/uploads\\\/Oficina-Valencia.jpg\",\"width\":1200,\"height\":800,\"caption\":\"Fachada en la calle Cirilo Amor\u00f3s de Val\u00e8ncia.\"},{\"@type\":\"BreadcrumbList\",\"@id\":\"https:\\\/\\\/fuster-associates.com\\\/da\\\/blog\\\/fuster-associates-aabner-sit-foerste-kontor-i-byen-valencia-og-sit-fjerde-i-regionen\\\/#breadcrumb\",\"itemListElement\":[{\"@type\":\"ListItem\",\"position\":1,\"name\":\"Hjem\",\"item\":\"https:\\\/\\\/fuster-associates.com\\\/da\\\/\"},{\"@type\":\"ListItem\",\"position\":2,\"name\":\"Fuster &#038; Associates \u00e5bner sit f\u00f8rste kontor i byen Valencia og sit fjerde i regionen\"}]},{\"@type\":\"WebSite\",\"@id\":\"https:\\\/\\\/fuster-associates.com\\\/da\\\/#website\",\"url\":\"https:\\\/\\\/fuster-associates.com\\\/da\\\/\",\"name\":\"Fuster & Associates\",\"description\":\"Property Solicitors\",\"publisher\":{\"@id\":\"https:\\\/\\\/fuster-associates.com\\\/da\\\/#organization\"},\"potentialAction\":[{\"@type\":\"SearchAction\",\"target\":{\"@type\":\"EntryPoint\",\"urlTemplate\":\"https:\\\/\\\/fuster-associates.com\\\/da\\\/?s={search_term_string}\"},\"query-input\":{\"@type\":\"PropertyValueSpecification\",\"valueRequired\":true,\"valueName\":\"search_term_string\"}}],\"inLanguage\":\"da-DK\"},{\"@type\":\"Organization\",\"@id\":\"https:\\\/\\\/fuster-associates.com\\\/da\\\/#organization\",\"name\":\"FUSTER & ASSOCIATES\",\"url\":\"https:\\\/\\\/fuster-associates.com\\\/da\\\/\",\"logo\":{\"@type\":\"ImageObject\",\"inLanguage\":\"da-DK\",\"@id\":\"https:\\\/\\\/fuster-associates.com\\\/da\\\/#\\\/schema\\\/logo\\\/image\\\/\",\"url\":\"https:\\\/\\\/fuster-associates.com\\\/wp-content\\\/uploads\\\/2018\\\/08\\\/logo-fuster-1.jpeg\",\"contentUrl\":\"https:\\\/\\\/fuster-associates.com\\\/wp-content\\\/uploads\\\/2018\\\/08\\\/logo-fuster-1.jpeg\",\"width\":180,\"height\":113,\"caption\":\"FUSTER & ASSOCIATES\"},\"image\":{\"@id\":\"https:\\\/\\\/fuster-associates.com\\\/da\\\/#\\\/schema\\\/logo\\\/image\\\/\"},\"sameAs\":[\"https:\\\/\\\/www.facebook.com\\\/fusterspain\\\/\",\"https:\\\/\\\/x.com\\\/FusterSpain\",\"https:\\\/\\\/www.youtube.com\\\/channel\\\/UC2-kNuL1SoqlFizI47hmIOQ\",\"https:\\\/\\\/www.linkedin.com\\\/company\\\/fuster-&-associates\\\/\"]},{\"@type\":\"Person\",\"@id\":\"https:\\\/\\\/fuster-associates.com\\\/da\\\/#\\\/schema\\\/person\\\/272425e5a87006c908425c14ca37566b\",\"name\":\"Miguel\",\"image\":{\"@type\":\"ImageObject\",\"inLanguage\":\"da-DK\",\"@id\":\"https:\\\/\\\/secure.gravatar.com\\\/avatar\\\/a11dac23828920784fa4764ecd64431ce7385ae8a33ed03528bcafd35c83ebbd?s=96&d=mm&r=g\",\"url\":\"https:\\\/\\\/secure.gravatar.com\\\/avatar\\\/a11dac23828920784fa4764ecd64431ce7385ae8a33ed03528bcafd35c83ebbd?s=96&d=mm&r=g\",\"contentUrl\":\"https:\\\/\\\/secure.gravatar.com\\\/avatar\\\/a11dac23828920784fa4764ecd64431ce7385ae8a33ed03528bcafd35c83ebbd?s=96&d=mm&r=g\",\"caption\":\"Miguel\"}}]}<\/script>\n<!-- \/ Yoast SEO plugin. -->","yoast_head_json":{"title":"Fuster & Associates \u00e5bner sit f\u00f8rste kontor i byen Valencia og sit fjerde i regionen - Fuster &amp; Associates","robots":{"index":"index","follow":"follow","max-snippet":"max-snippet:-1","max-image-preview":"max-image-preview:large","max-video-preview":"max-video-preview:-1"},"canonical":"https:\/\/fuster-associates.com\/da\/blog\/fuster-associates-aabner-sit-foerste-kontor-i-byen-valencia-og-sit-fjerde-i-regionen\/","og_locale":"da_DK","og_type":"article","og_title":"Fuster & Associates \u00e5bner sit f\u00f8rste kontor i byen Valencia og sit fjerde i regionen - Fuster &amp; Associates","og_description":"Ejendomssektoren i hovedstaden ved Turia gennemg\u00e5r en hidtil uset forandring. Valencias position som knudepunkt for amerikanske investeringer og det internationale markeds stigende kompleksitet kr\u00e6ver en juridisk l\u00f8sning, der forener operationel fleksibilitet med et kompromisl\u00f8st etisk engagement. Med \u00e5bningen af det nye hovedkontor p\u00e5 Calle Cirilo Amor\u00f3s udvider Fuster &amp; Associates ikke blot sin fysiske tilstedev\u00e6relse, [&hellip;]","og_url":"https:\/\/fuster-associates.com\/da\/blog\/fuster-associates-aabner-sit-foerste-kontor-i-byen-valencia-og-sit-fjerde-i-regionen\/","og_site_name":"Fuster &amp; Associates","article_publisher":"https:\/\/www.facebook.com\/fusterspain\/","article_published_time":"2026-04-27T08:20:55+00:00","og_image":[{"width":1200,"height":800,"url":"https:\/\/fuster-associates.com\/wp-content\/uploads\/Oficina-Valencia.jpg","type":"image\/jpeg"}],"author":"Miguel","twitter_card":"summary_large_image","twitter_creator":"@FusterSpain","twitter_site":"@FusterSpain","twitter_misc":{"Skrevet af":"Miguel","Estimeret l\u00e6setid":"6 minutter"},"schema":{"@context":"https:\/\/schema.org","@graph":[{"@type":"Article","@id":"https:\/\/fuster-associates.com\/da\/blog\/fuster-associates-aabner-sit-foerste-kontor-i-byen-valencia-og-sit-fjerde-i-regionen\/#article","isPartOf":{"@id":"https:\/\/fuster-associates.com\/da\/blog\/fuster-associates-aabner-sit-foerste-kontor-i-byen-valencia-og-sit-fjerde-i-regionen\/"},"author":{"name":"Miguel","@id":"https:\/\/fuster-associates.com\/da\/#\/schema\/person\/272425e5a87006c908425c14ca37566b"},"headline":"Fuster &#038; Associates \u00e5bner sit f\u00f8rste kontor i byen Valencia og sit fjerde i regionen","datePublished":"2026-04-27T08:20:55+00:00","mainEntityOfPage":{"@id":"https:\/\/fuster-associates.com\/da\/blog\/fuster-associates-aabner-sit-foerste-kontor-i-byen-valencia-og-sit-fjerde-i-regionen\/"},"wordCount":1287,"publisher":{"@id":"https:\/\/fuster-associates.com\/da\/#organization"},"image":{"@id":"https:\/\/fuster-associates.com\/da\/blog\/fuster-associates-aabner-sit-foerste-kontor-i-byen-valencia-og-sit-fjerde-i-regionen\/#primaryimage"},"thumbnailUrl":"https:\/\/fuster-associates.com\/wp-content\/uploads\/Oficina-Valencia.jpg","articleSection":["Fuster &amp; Associates"],"inLanguage":"da-DK"},{"@type":"WebPage","@id":"https:\/\/fuster-associates.com\/da\/blog\/fuster-associates-aabner-sit-foerste-kontor-i-byen-valencia-og-sit-fjerde-i-regionen\/","url":"https:\/\/fuster-associates.com\/da\/blog\/fuster-associates-aabner-sit-foerste-kontor-i-byen-valencia-og-sit-fjerde-i-regionen\/","name":"Fuster & Associates \u00e5bner sit f\u00f8rste kontor i byen Valencia og sit fjerde i regionen - Fuster &amp; Associates","isPartOf":{"@id":"https:\/\/fuster-associates.com\/da\/#website"},"primaryImageOfPage":{"@id":"https:\/\/fuster-associates.com\/da\/blog\/fuster-associates-aabner-sit-foerste-kontor-i-byen-valencia-og-sit-fjerde-i-regionen\/#primaryimage"},"image":{"@id":"https:\/\/fuster-associates.com\/da\/blog\/fuster-associates-aabner-sit-foerste-kontor-i-byen-valencia-og-sit-fjerde-i-regionen\/#primaryimage"},"thumbnailUrl":"https:\/\/fuster-associates.com\/wp-content\/uploads\/Oficina-Valencia.jpg","datePublished":"2026-04-27T08:20:55+00:00","breadcrumb":{"@id":"https:\/\/fuster-associates.com\/da\/blog\/fuster-associates-aabner-sit-foerste-kontor-i-byen-valencia-og-sit-fjerde-i-regionen\/#breadcrumb"},"inLanguage":"da-DK","potentialAction":[{"@type":"ReadAction","target":["https:\/\/fuster-associates.com\/da\/blog\/fuster-associates-aabner-sit-foerste-kontor-i-byen-valencia-og-sit-fjerde-i-regionen\/"]}]},{"@type":"ImageObject","inLanguage":"da-DK","@id":"https:\/\/fuster-associates.com\/da\/blog\/fuster-associates-aabner-sit-foerste-kontor-i-byen-valencia-og-sit-fjerde-i-regionen\/#primaryimage","url":"https:\/\/fuster-associates.com\/wp-content\/uploads\/Oficina-Valencia.jpg","contentUrl":"https:\/\/fuster-associates.com\/wp-content\/uploads\/Oficina-Valencia.jpg","width":1200,"height":800,"caption":"Fachada en la calle Cirilo Amor\u00f3s de Val\u00e8ncia."},{"@type":"BreadcrumbList","@id":"https:\/\/fuster-associates.com\/da\/blog\/fuster-associates-aabner-sit-foerste-kontor-i-byen-valencia-og-sit-fjerde-i-regionen\/#breadcrumb","itemListElement":[{"@type":"ListItem","position":1,"name":"Hjem","item":"https:\/\/fuster-associates.com\/da\/"},{"@type":"ListItem","position":2,"name":"Fuster &#038; Associates \u00e5bner sit f\u00f8rste kontor i byen Valencia og sit fjerde i regionen"}]},{"@type":"WebSite","@id":"https:\/\/fuster-associates.com\/da\/#website","url":"https:\/\/fuster-associates.com\/da\/","name":"Fuster & Associates","description":"Property Solicitors","publisher":{"@id":"https:\/\/fuster-associates.com\/da\/#organization"},"potentialAction":[{"@type":"SearchAction","target":{"@type":"EntryPoint","urlTemplate":"https:\/\/fuster-associates.com\/da\/?s={search_term_string}"},"query-input":{"@type":"PropertyValueSpecification","valueRequired":true,"valueName":"search_term_string"}}],"inLanguage":"da-DK"},{"@type":"Organization","@id":"https:\/\/fuster-associates.com\/da\/#organization","name":"FUSTER & ASSOCIATES","url":"https:\/\/fuster-associates.com\/da\/","logo":{"@type":"ImageObject","inLanguage":"da-DK","@id":"https:\/\/fuster-associates.com\/da\/#\/schema\/logo\/image\/","url":"https:\/\/fuster-associates.com\/wp-content\/uploads\/2018\/08\/logo-fuster-1.jpeg","contentUrl":"https:\/\/fuster-associates.com\/wp-content\/uploads\/2018\/08\/logo-fuster-1.jpeg","width":180,"height":113,"caption":"FUSTER & ASSOCIATES"},"image":{"@id":"https:\/\/fuster-associates.com\/da\/#\/schema\/logo\/image\/"},"sameAs":["https:\/\/www.facebook.com\/fusterspain\/","https:\/\/x.com\/FusterSpain","https:\/\/www.youtube.com\/channel\/UC2-kNuL1SoqlFizI47hmIOQ","https:\/\/www.linkedin.com\/company\/fuster-&-associates\/"]},{"@type":"Person","@id":"https:\/\/fuster-associates.com\/da\/#\/schema\/person\/272425e5a87006c908425c14ca37566b","name":"Miguel","image":{"@type":"ImageObject","inLanguage":"da-DK","@id":"https:\/\/secure.gravatar.com\/avatar\/a11dac23828920784fa4764ecd64431ce7385ae8a33ed03528bcafd35c83ebbd?s=96&d=mm&r=g","url":"https:\/\/secure.gravatar.com\/avatar\/a11dac23828920784fa4764ecd64431ce7385ae8a33ed03528bcafd35c83ebbd?s=96&d=mm&r=g","contentUrl":"https:\/\/secure.gravatar.com\/avatar\/a11dac23828920784fa4764ecd64431ce7385ae8a33ed03528bcafd35c83ebbd?s=96&d=mm&r=g","caption":"Miguel"}}]}},"_links":{"self":[{"href":"https:\/\/fuster-associates.com\/da\/wp-json\/wp\/v2\/posts\/38058","targetHints":{"allow":["GET"]}}],"collection":[{"href":"https:\/\/fuster-associates.com\/da\/wp-json\/wp\/v2\/posts"}],"about":[{"href":"https:\/\/fuster-associates.com\/da\/wp-json\/wp\/v2\/types\/post"}],"author":[{"embeddable":true,"href":"https:\/\/fuster-associates.com\/da\/wp-json\/wp\/v2\/users\/7"}],"replies":[{"embeddable":true,"href":"https:\/\/fuster-associates.com\/da\/wp-json\/wp\/v2\/comments?post=38058"}],"version-history":[{"count":2,"href":"https:\/\/fuster-associates.com\/da\/wp-json\/wp\/v2\/posts\/38058\/revisions"}],"predecessor-version":[{"id":38060,"href":"https:\/\/fuster-associates.com\/da\/wp-json\/wp\/v2\/posts\/38058\/revisions\/38060"}],"wp:featuredmedia":[{"embeddable":true,"href":"https:\/\/fuster-associates.com\/da\/wp-json\/wp\/v2\/media\/38057"}],"wp:attachment":[{"href":"https:\/\/fuster-associates.com\/da\/wp-json\/wp\/v2\/media?parent=38058"}],"wp:term":[{"taxonomy":"category","embeddable":true,"href":"https:\/\/fuster-associates.com\/da\/wp-json\/wp\/v2\/categories?post=38058"},{"taxonomy":"post_tag","embeddable":true,"href":"https:\/\/fuster-associates.com\/da\/wp-json\/wp\/v2\/tags?post=38058"}],"curies":[{"name":"wp","href":"https:\/\/api.w.org\/{rel}","templated":true}]}}